{"id":72525,"date":"2020-01-09T08:58:35","date_gmt":"2020-01-09T13:58:35","guid":{"rendered":"https:\/\/linitiative.ca\/International\/the-death-et-colored-darkness-dans-des-festivals-internationaux\/"},"modified":"2020-01-09T08:58:35","modified_gmt":"2020-01-09T13:58:35","slug":"the-death-et-colored-darkness-dans-des-festivals-internationaux","status":"publish","type":"post","link":"https:\/\/linitiative.ca\/International\/the-death-et-colored-darkness-dans-des-festivals-internationaux\/","title":{"rendered":"\u00abThe Death\u00bb et \u00abColored Darkness\u00bb dans des festivals internationaux"},"content":{"rendered":"<p><img decoding=\"async\" class=\"post_layout_5_img\" src=\"http:\/\/aujourdhui.ma\/wp-content\/uploads\/2020\/01\/Film-The-Death-Courts-me%CC%81trages-re%CC%81alise%CC%81s-par-le-jeune-Mohamed-Amalaab.jpg?x29840\" alt=\"\u00abThe Death\u00bb et \u00abColored Darkness\u00bb dans des festivals internationaux\"\/><\/p>\n<p class=\"p1\"><span class=\"c5\"><strong><span class=\"s1 c4\"><em>Courts-m\u00e9trages r\u00e9alis\u00e9s par le jeune Mohamed Amalaab<\/em><\/span><\/strong><\/span><span id=\"more-329217\"\/><\/p>\n<div class=\"base-box mom_box_sc_custom mom_box_sc clear c6\" readability=\"8\">\n<p class=\"p1\"><span class=\"s1\"><em>The Death traite\u00a0<\/em><\/span><span class=\"s1\"><em>\u00abd\u2019un des sujets les plus r\u00e9pandus dans la soci\u00e9t\u00e9 marocaine. Il porte notamment sur l\u2019addiction aux drogues et sur ses dangers pour la sant\u00e9\u00bb.<\/em><\/span><\/p>\n<\/div>\n<p class=\"p2\"><span class=\"s1\">Les deux courts-m\u00e9trages, \u00abThe Death\u00bb (La mort) et \u00abColored Darkness\u00bb (Ombre color\u00e9e), du jeune r\u00e9alisateur Mohamed Amalaab viennent d\u2019\u00eatre s\u00e9lectionn\u00e9s par des manifestations internationales. Le premier l\u2019est au Moinho Cine Fest qui se tiendra en avril 2020 au Portugal comme le pr\u00e9cise l\u2019artiste. \u00ab<em>Le film est s\u00e9lectionn\u00e9 parmi 100 productions de 47 pays\u00bb,<\/em> d\u00e9taille-t-il. Quant au deuxi\u00e8me film, il sera projet\u00e9 au Wasit Film Festival en Irak.<\/span><\/p>\n<p class=\"p2\"><span class=\"s1\">A lui seul, \u00abThe Death\u00bb traite, selon ses dires, <em>\u00abd\u2019un des sujets les plus r\u00e9pandus dans la soci\u00e9t\u00e9 marocaine. Il porte notamment sur l\u2019addiction aux drogues et sur ses dangers pour la sant\u00e9. Le tout dans une peau cin\u00e9matographique\u00bb.<\/em><\/span><\/p>\n<p class=\"p2\"><span class=\"s1\">Quant \u00e0 \u00abColored Darkness\u00bb (Ombre color\u00e9e), il parle des personnes non-voyantes. Ce court-m\u00e9trage est interpr\u00e9t\u00e9 par les jeunes acteurs, Khadija Amzian, Rime Farid et Zakaria Abouri. Le sc\u00e9nario \u00e9tant con\u00e7u par Hassna El Hassani. Alors que la production est assur\u00e9e par le club \u00ab Friends of art and cin\u00e9ma \u00bb.<span class=\"Apple-converted-space\">\u00a0\u00a0<\/span><\/span><\/p>\n<p class=\"p2\"><span class=\"s1\">Outre ces \u0153uvres, le r\u00e9alisateur, n\u00e9 aux alentours de Marrakech, en a d\u2019autres qui ont d\u00e9j\u00e0 \u00e9t\u00e9 programm\u00e9es dans des \u00e9v\u00e9nements organis\u00e9s au Maroc et \u00e0 l\u2019\u00e9tranger.<\/span><\/p>\n<p class=\"p2\"><span class=\"s1\">Il a, entre autres, r\u00e9alis\u00e9 \u00abGame\u00bb (Jeu), \u00abExclamation\u00bb, qui parle aussi des personnes \u00e0 besoins particuliers notamment les sourds-muets, \u00abLa Diff\u00e9rence\u00bb et \u00abLove from another world\u00bb (Amour d\u2019un autre univers).<\/span><\/p>\n<p class=\"p2\"><span class=\"s1\">Avant de se lancer en r\u00e9alisation, Mohamed Amalaab, qui parle l\u2019arabe, l\u2019anglais, l\u2019amazigh et l\u2019h\u00e9breu, \u00e9tait \u00e9galement acteur. Il s\u2019est, ainsi, produit, entre autres, dans les films \u00abIgr N\u2019Tazouit\u00bb, \u00abContrition\u00bb, \u00abNostalgie\u00bb, \u00abBoutayri\u00bb, \u00abDocteur Bihi\u00bb et \u00abThe Dark road\u00bb. L\u2019artiste, qui dit avoir remport\u00e9 des prix, \u00e9crit m\u00eame des sc\u00e9narios. Une d\u00e9marche qu\u2019il entreprend quasiment dans l\u2019ensemble de ses films.<\/span><\/p>\n<p class=\"p2\"><span class=\"s1\">Pour s\u2019initier en art, qui semble \u00eatre un r\u00eave pour lui, il a fait le choix de ne pas suivre un parcours acad\u00e9mique classique. Dans ce sens, il indique \u00eatre \u00abn\u00e9 artiste\u00bb. <em>\u00abJ\u2019ai toujours aim\u00e9 faire des films et m\u00eame de la musique o\u00f9 j\u2019ai fait des cours\u00bb,<\/em> encha\u00eene-t-il. De plus, l\u2019artiste a pris part \u00e0 de nombreux ateliers consacr\u00e9s, au Maroc et \u00e0 l\u2019\u00e9tranger, \u00e0 la r\u00e9alisation et au tournage de films. De quoi faire la carri\u00e8re d\u2019un autodidacte.<\/span><\/p>\n<p>Auteur: Salima Guisser<br \/>\n<a href=\"http:\/\/aujourdhui.ma\/culture\/cinema\/the-death-et-colored-darkness-dans-des-festivals-internationaux\">Cliquez ici pour lire l&rsquo;article depuis sa source.<\/a><\/p>\n","protected":false},"excerpt":{"rendered":"<p>Courts-m\u00e9trages r\u00e9alis\u00e9s par le jeune Mohamed Amalaab The Death traite\u00a0\u00abd\u2019un des sujets les plus r\u00e9pandus dans la soci\u00e9t\u00e9 marocaine. Il porte notamment sur l\u2019addiction aux drogues et sur ses dangers pour la sant\u00e9\u00bb. Les deux courts-m\u00e9trages, \u00abThe Death\u00bb (La mort) et \u00abColored Darkness\u00bb (Ombre color\u00e9e), du jeune r\u00e9alisateur Mohamed Amalaab viennent d\u2019\u00eatre s\u00e9lectionn\u00e9s par des [&hellip;]<\/p>\n","protected":false},"author":1759,"featured_media":0,"comment_status":"closed","ping_status":"closed","sticky":false,"template":"","format":"standard","meta":{"fifu_image_url":"","fifu_image_alt":"","footnotes":""},"categories":[73,54],"tags":[],"class_list":["post-72525","post","type-post","status-publish","format-standard","hentry","category-actualite","category-maroc"],"_links":{"self":[{"href":"https:\/\/linitiative.ca\/International\/wp-json\/wp\/v2\/posts\/72525","targetHints":{"allow":["GET"]}}],"collection":[{"href":"https:\/\/linitiative.ca\/International\/wp-json\/wp\/v2\/posts"}],"about":[{"href":"https:\/\/linitiative.ca\/International\/wp-json\/wp\/v2\/types\/post"}],"author":[{"embeddable":true,"href":"https:\/\/linitiative.ca\/International\/wp-json\/wp\/v2\/users\/1759"}],"replies":[{"embeddable":true,"href":"https:\/\/linitiative.ca\/International\/wp-json\/wp\/v2\/comments?post=72525"}],"version-history":[{"count":0,"href":"https:\/\/linitiative.ca\/International\/wp-json\/wp\/v2\/posts\/72525\/revisions"}],"wp:attachment":[{"href":"https:\/\/linitiative.ca\/International\/wp-json\/wp\/v2\/media?parent=72525"}],"wp:term":[{"taxonomy":"category","embeddable":true,"href":"https:\/\/linitiative.ca\/International\/wp-json\/wp\/v2\/categories?post=72525"},{"taxonomy":"post_tag","embeddable":true,"href":"https:\/\/linitiative.ca\/International\/wp-json\/wp\/v2\/tags?post=72525"}],"curies":[{"name":"wp","href":"https:\/\/api.w.org\/{rel}","templated":true}]}}