{"id":72526,"date":"2020-01-09T09:01:22","date_gmt":"2020-01-09T14:01:22","guid":{"rendered":"https:\/\/linitiative.ca\/International\/casablanca-il-tue-son-ami-par-vengeance-20-ans-de-reclusion-criminelle\/"},"modified":"2020-01-09T09:01:22","modified_gmt":"2020-01-09T14:01:22","slug":"casablanca-il-tue-son-ami-par-vengeance-20-ans-de-reclusion-criminelle","status":"publish","type":"post","link":"https:\/\/linitiative.ca\/International\/casablanca-il-tue-son-ami-par-vengeance-20-ans-de-reclusion-criminelle\/","title":{"rendered":"Casablanca : Il tue son ami par vengeance,  20 ans de r\u00e9clusion criminelle"},"content":{"rendered":"<p><img decoding=\"async\" class=\"post_layout_5_img\" src=\"http:\/\/aujourdhui.ma\/wp-content\/uploads\/2016\/02\/Couteau-Crime-Maroc.jpg?x29840\" alt=\"Casablanca : Il tue son ami par vengeance, 20 ans de r\u00e9clusion criminelle\"\/><\/p>\n<p class=\"p1\"><span class=\"s1 c4\"><strong>L\u2019occasion s\u2019est pr\u00e9sent\u00e9e quand il l\u2019a crois\u00e9, la nuit, dans une ruelle du quartier Sidi Othman. Sans crier gare, il lui a ass\u00e9n\u00e9 deux coups de couteau au niveau de la poitrine.<\/strong><\/span><span id=\"more-329239\"\/><\/p>\n<p class=\"p1\"><span class=\"s1\">Nous sommes \u00e0 la chambre criminelle pr\u00e8s la Cour d\u2019appel de Casablanca. Ce n\u2019est pas la premi\u00e8re fois que ce jeune homme se retrouve au box des accus\u00e9s. Cette salle d\u2019audience ne lui est \u00e9galement pas \u00e9trang\u00e8re. Il y a \u00e9t\u00e9 jug\u00e9 dans de pr\u00e9c\u00e9dentes affaires o\u00f9 il \u00e9tait impliqu\u00e9. Bref, il s\u2019agit d\u2019un repris de justice. Il avait d\u2019abord purg\u00e9 une premi\u00e8re peine d\u2019emprisonnement de deux ans pour complicit\u00e9 \u00e0 la constitution d\u2019une bande de malfaiteurs et vol qualifi\u00e9. Ensuite, trois ans de prison ferme pour le m\u00eame motif, et lors de la troisi\u00e8me fois il a \u00e9cop\u00e9 de deux mois de prison ferme pour \u00e9changes de coups et blessures.<\/span><\/p>\n<p class=\"p1\"><span class=\"s1\">Ag\u00e9 de trente-deux ans, il n\u2019avait pas pour autant l\u2019intention de mettre fin \u00e0 sa carri\u00e8re criminelle. Celle-ci va prendre une autre tournure puisqu\u2019elle va s\u2019achever par un meurtre. Certes, il se disculpe d\u2019avoir tu\u00e9 son ami, mais ses d\u00e9clarations consign\u00e9es dans le proc\u00e8s-verbal et les investigations polici\u00e8res qui ont \u00e9t\u00e9 sold\u00e9es par son arrestation attestent qu\u2019il est bel et bien l\u2019auteur du crime. D\u2019abord, devant la police, lors de son interrogatoire, il a affirm\u00e9 avoir tu\u00e9 son ami par vengeance. La victime, selon les d\u00e9clarations consign\u00e9es dans le PV, avait poignard\u00e9 le mis en cause lors d\u2019une rixe banale.<\/span><\/p>\n<p class=\"p1\"><span class=\"s1\">Celui-ci a \u00e9t\u00e9 hospitalis\u00e9 et sauv\u00e9 mais il a gard\u00e9 une rancune contre son ami et a d\u00e9cid\u00e9 de se venger. L\u2019occasion s\u2019est pr\u00e9sent\u00e9e quand il l\u2019a crois\u00e9, la nuit, dans une ruelle du quartier Sidi Othman. Sans crier gare, il lui a ass\u00e9n\u00e9 deux coups de couteau au niveau de la poitrine avant de prendre la poudre d\u2019escampette. Quatre jours plus tard, il a \u00e9t\u00e9 arr\u00eat\u00e9.<\/span><\/p>\n<p class=\"p1\"><span class=\"s1\">Jug\u00e9 coupable pour homicide volontaire avec guet-apens et pr\u00e9m\u00e9ditation, le mis en cause a \u00e9t\u00e9 condamn\u00e9 \u00e0 vingt ans de r\u00e9clusion criminelle.<\/span><\/p>\n<p>Auteur: Abderrafii ALOUMLIKI<br \/>\n<a href=\"http:\/\/aujourdhui.ma\/faits-divers\/casablanca-il-tue-son-ami-par-vengeance-20-ans-de-reclusion-criminelle\">Cliquez ici pour lire l&rsquo;article depuis sa source.<\/a><\/p>\n","protected":false},"excerpt":{"rendered":"<p>L\u2019occasion s\u2019est pr\u00e9sent\u00e9e quand il l\u2019a crois\u00e9, la nuit, dans une ruelle du quartier Sidi Othman. Sans crier gare, il lui a ass\u00e9n\u00e9 deux coups de couteau au niveau de la poitrine. Nous sommes \u00e0 la chambre criminelle pr\u00e8s la Cour d\u2019appel de Casablanca. Ce n\u2019est pas la premi\u00e8re fois que ce jeune homme se [&hellip;]<\/p>\n","protected":false},"author":1759,"featured_media":0,"comment_status":"closed","ping_status":"closed","sticky":false,"template":"","format":"standard","meta":{"fifu_image_url":"","fifu_image_alt":"","footnotes":""},"categories":[73,54],"tags":[],"class_list":["post-72526","post","type-post","status-publish","format-standard","hentry","category-actualite","category-maroc"],"_links":{"self":[{"href":"https:\/\/linitiative.ca\/International\/wp-json\/wp\/v2\/posts\/72526","targetHints":{"allow":["GET"]}}],"collection":[{"href":"https:\/\/linitiative.ca\/International\/wp-json\/wp\/v2\/posts"}],"about":[{"href":"https:\/\/linitiative.ca\/International\/wp-json\/wp\/v2\/types\/post"}],"author":[{"embeddable":true,"href":"https:\/\/linitiative.ca\/International\/wp-json\/wp\/v2\/users\/1759"}],"replies":[{"embeddable":true,"href":"https:\/\/linitiative.ca\/International\/wp-json\/wp\/v2\/comments?post=72526"}],"version-history":[{"count":0,"href":"https:\/\/linitiative.ca\/International\/wp-json\/wp\/v2\/posts\/72526\/revisions"}],"wp:attachment":[{"href":"https:\/\/linitiative.ca\/International\/wp-json\/wp\/v2\/media?parent=72526"}],"wp:term":[{"taxonomy":"category","embeddable":true,"href":"https:\/\/linitiative.ca\/International\/wp-json\/wp\/v2\/categories?post=72526"},{"taxonomy":"post_tag","embeddable":true,"href":"https:\/\/linitiative.ca\/International\/wp-json\/wp\/v2\/tags?post=72526"}],"curies":[{"name":"wp","href":"https:\/\/api.w.org\/{rel}","templated":true}]}}