{"id":72528,"date":"2020-01-09T05:40:38","date_gmt":"2020-01-09T10:40:38","guid":{"rendered":"https:\/\/linitiative.ca\/International\/croatie-zoran-milanovic-elu-president\/"},"modified":"2020-01-09T05:40:38","modified_gmt":"2020-01-09T10:40:38","slug":"croatie-zoran-milanovic-elu-president","status":"publish","type":"post","link":"https:\/\/linitiative.ca\/International\/croatie-zoran-milanovic-elu-president\/","title":{"rendered":"Croatie: Zoran Milanovic \u00e9lu pr\u00e9sident\u2026"},"content":{"rendered":"<p class=\"has-text-color has-vivid-cyan-blue-color c2\"><em>Apr\u00e8s avoir cr\u00e9\u00e9 la surprise deux semaines plus t\u00f4t et d\u00e9jou\u00e9 tous les pronostics en recueillant, au premier tour de l\u2019\u00e9lection pr\u00e9sidentielle de Croatie, 29% des voix, devan\u00e7ant tant la pr\u00e9sidente sortante Grabar-Kitarovic qui a obtenu 27% des suffrages exprim\u00e9s que l\u2019autoproclam\u00e9 \u00abcandidat du peuple\u00bb le chanteur Miroslav Skoro qui n\u2019a \u00e9t\u00e9 soutenu que par 24% des \u00e9lecteurs, l\u2019ancien premier ministre (2011-2016) Zoran Milanovic, 53 ans, candidat du Parti Social D\u00e9mocrate (SPD), a remport\u00e9, ce dimanche et au second tour du scrutin, la premi\u00e8re place en recueillant 52,7% des suffrages exprim\u00e9s apr\u00e8s avoir ardemment d\u00e9fendu, durant sa campagne \u00e9lectorale, une soci\u00e9t\u00e9 \u00e9galitaire dot\u00e9e d\u2019une justice ind\u00e9pendante et de relations apais\u00e9es avec ses voisins \u2013 principalement la Serbie \u2013 et d\u00e9clar\u00e9, au moment de mettre son bulletin dans l\u2019urne, que le scrutin \u00abn\u2019\u00e9tait pas une bataille contre quelqu\u2019un mais une tentative pour devenir un pays normal, honn\u00eate\u00bb.<\/em><\/p>\n<p>Ainsi, alors que leur pays assure, depuis le 1er Janvier dernier, la pr\u00e9sidence tournante de l\u2019Union europ\u00e9enne, les croates semblent avoir fait le bon choix, ce dimanche, en pla\u00e7ant \u00e0 la t\u00eate de la Croatie, un d\u00e9fenseur notoire de la cause communautaire malgr\u00e9 les appels du pied faits par la pr\u00e9sidente sortante \u00e0 la droite nationaliste.<\/p>\n<p>Europhile convaincu, ma\u00eetrisant l\u2019anglais, le fran\u00e7ais et le russe, Zoran Milanovic qui a ax\u00e9 sa campagne \u00e9lectorale sur le fait qu\u2019il \u00e9tait un \u00abpr\u00e9sident de caract\u00e8re\u00bb \u2013 en en faisant m\u00eame un slogan et, par la m\u00eame occasion, un pied-de-nez \u00e0 ses d\u00e9tracteurs qui le trouvent arrogant et impulsif \u2013 conna\u00eet tr\u00e8s bien les arcanes des institutions europ\u00e9ennes puisqu\u2019il avait commenc\u00e9 sa carri\u00e8re en 1990 au sein du minist\u00e8re des Affaires \u00e9trang\u00e8res avant d\u2019int\u00e9grer les repr\u00e9sentations croates de l\u2019UE et de l\u2019OTAN \u00e0 Bruxelles.<\/p>\n<p>Aussi, apr\u00e8s avoir inlassablement r\u00e9p\u00e9t\u00e9 que \u00abla guerre \u00e9tait finie\u00bb et qu\u2019il \u00e9tait temps pour la Croatie de \u00ablutter pour sa place en Europe\u00bb, le pr\u00e9sident-\u00e9lu a, d\u00e8s la proclamation des r\u00e9sultats, c\u00e9l\u00e9br\u00e9 cette Europe \u00abqui, malgr\u00e9 tous les probl\u00e8mes, reste le meilleur endroit o\u00f9 vivre (et) le projet le plus pacifique au sein duquel la Croatie doit trouver sa place\u00bb. Paraphrasant, par ailleurs, la devise de l\u2019U.E., le pr\u00e9sident \u00e9lu, juriste de formation et grand amateur de boxe, ayant pris la t\u00eate du SPD en 2007 apr\u00e8s y \u00eatre entr\u00e9 en 1999, a, alors, appel\u00e9 ses compatriotes \u00e0 \u00ab rester unis dans (leurs) diff\u00e9rences\u00bb.<\/p>\n<p>En Croatie l\u2019essentiel du pouvoir \u00e9tant entre les mains du Premier ministre, la fonction pr\u00e9sidentielle est purement protocolaire. Le Pr\u00e9sident qui ne dispose d\u2019aucun pouvoir pour \u00abbloquer\u00bb une loi, reste, n\u00e9anmoins, le chef des arm\u00e9es et peut intervenir sur les questions de politique \u00e9trang\u00e8re, de d\u00e9fense et de s\u00e9curit\u00e9.<\/p>\n<p>Pour rappel, apr\u00e8s avoir remport\u00e9 la premi\u00e8re place aux \u00e9lections l\u00e9gislatives de 2011, Zoran Milanovic avait pris la t\u00eate d\u2019une coalition de centre-gauche. Mais cette derni\u00e8re n\u2019\u00e9tait pas parvenue \u00e0 donner au pays l\u2019\u00e9lan \u00e9conomique tant attendu. N\u2019ayant donc pas \u00e9t\u00e9 \u00e0 la hauteur des espoirs plac\u00e9s en elle par les croates en ne menant pas les r\u00e9formes qui lui auraient permis de d\u00e9barrasser le pays du client\u00e9lisme ambiant et de renforcer son \u00e9conomie, cette coalition avait \u00e9t\u00e9 d\u00e9faite en 2016.<\/p>\n<p>Zoran Milanovic parviendra-t-il \u00e0 \u00absauver les meubles\u00bb cette fois-ci avec un pouvoir purement protocolaire et \u00e0 faire oublier \u00e0 ses compatriotes que, de 2011 \u00e0 2016, il n\u2019avait pas \u00e9t\u00e9 \u00e0 la hauteur de leurs esp\u00e9rances alors m\u00eame qu\u2019il avait toutes les cartes en mains ? Attendons pour voir\u2026<\/p>\n<p class=\"c2\"><strong>Nabil El Bousaadi<\/strong><\/p>\n<p>Auteur: M&rsquo;hammed rahal<br \/>\n<a href=\"http:\/\/albayane.press.ma\/croatie-zoran-milanovic-elu-president.html\">Cliquez ici pour lire l&rsquo;article depuis sa source.<\/a><\/p>\n","protected":false},"excerpt":{"rendered":"<p>Apr\u00e8s avoir cr\u00e9\u00e9 la surprise deux semaines plus t\u00f4t et d\u00e9jou\u00e9 tous les pronostics en recueillant, au premier tour de l\u2019\u00e9lection pr\u00e9sidentielle de Croatie, 29% des voix, devan\u00e7ant tant la pr\u00e9sidente sortante Grabar-Kitarovic qui a obtenu 27% des suffrages exprim\u00e9s que l\u2019autoproclam\u00e9 \u00abcandidat du peuple\u00bb le chanteur Miroslav Skoro qui n\u2019a \u00e9t\u00e9 soutenu que par [&hellip;]<\/p>\n","protected":false},"author":1760,"featured_media":0,"comment_status":"closed","ping_status":"closed","sticky":false,"template":"","format":"standard","meta":{"fifu_image_url":"","fifu_image_alt":"","footnotes":""},"categories":[73,54],"tags":[],"class_list":["post-72528","post","type-post","status-publish","format-standard","hentry","category-actualite","category-maroc"],"_links":{"self":[{"href":"https:\/\/linitiative.ca\/International\/wp-json\/wp\/v2\/posts\/72528","targetHints":{"allow":["GET"]}}],"collection":[{"href":"https:\/\/linitiative.ca\/International\/wp-json\/wp\/v2\/posts"}],"about":[{"href":"https:\/\/linitiative.ca\/International\/wp-json\/wp\/v2\/types\/post"}],"author":[{"embeddable":true,"href":"https:\/\/linitiative.ca\/International\/wp-json\/wp\/v2\/users\/1760"}],"replies":[{"embeddable":true,"href":"https:\/\/linitiative.ca\/International\/wp-json\/wp\/v2\/comments?post=72528"}],"version-history":[{"count":0,"href":"https:\/\/linitiative.ca\/International\/wp-json\/wp\/v2\/posts\/72528\/revisions"}],"wp:attachment":[{"href":"https:\/\/linitiative.ca\/International\/wp-json\/wp\/v2\/media?parent=72528"}],"wp:term":[{"taxonomy":"category","embeddable":true,"href":"https:\/\/linitiative.ca\/International\/wp-json\/wp\/v2\/categories?post=72528"},{"taxonomy":"post_tag","embeddable":true,"href":"https:\/\/linitiative.ca\/International\/wp-json\/wp\/v2\/tags?post=72528"}],"curies":[{"name":"wp","href":"https:\/\/api.w.org\/{rel}","templated":true}]}}