{"id":72529,"date":"2020-01-09T07:16:17","date_gmt":"2020-01-09T12:16:17","guid":{"rendered":"https:\/\/linitiative.ca\/International\/nouveau-modele-du-developpement-le-memorandum-du-pps\/"},"modified":"2020-01-09T07:16:17","modified_gmt":"2020-01-09T12:16:17","slug":"nouveau-modele-du-developpement-le-memorandum-du-pps","status":"publish","type":"post","link":"https:\/\/linitiative.ca\/International\/nouveau-modele-du-developpement-le-memorandum-du-pps\/","title":{"rendered":"Nouveau mod\u00e8le du d\u00e9veloppement: Le m\u00e9morandum du PPS"},"content":{"rendered":"<p class=\"has-text-color has-vivid-cyan-blue-color c2\"><strong>En r\u00e9ponse \u00e0 l\u2019appel de Sa Majest\u00e9 le Roi Mohammed VI, le Parti du progr\u00e8s et du socialisme pr\u00e9sente ce m\u00e9morandum contenant sa vision et ses propositions relatives au nouveau mod\u00e8le de d\u00e9veloppement, en partant des dispositions de la Constitution et de son r\u00e9f\u00e9rentiel progressiste et socialiste et en se basant sur l\u2019accumulation de sa production intellectuelle et son capital politique qui lui ont permis de s\u2019adapter constamment avec\u00a0\u00a0 l\u2019\u00e9volution des donn\u00e9es sociales, \u00e0 travers notamment la mise \u00e0 profit, th\u00e9oriquement et\u00a0 pratiquement,\u00a0 de\u00a0 l\u2019effort\u00a0 collectif.\u00a0 Et\u00a0 ce\u00a0 en\u00a0 se\u00a0 r\u00e9f\u00e9rant\u00a0 surtout aux conclusions de l\u2019Universit\u00e9 annuelle organis\u00e9e sur le\u00a0 sujet du mod\u00e8le\u00a0\u00a0 de d\u00e9veloppement et aux recommandations des forums de d\u00e9bats th\u00e9matiques qui l\u2019ont\u00a0 suivie. Ce\u00a0 faisant,\u00a0 le\u00a0 parti\u00a0\u00a0 \u00e9met\u00a0 l\u2019espoir\u00a0 de\u00a0 voir\u00a0 cette\u00a0 contribution\u00a0 constituer\u00a0\u00a0 une valeur ajout\u00e9e \u00e0 ce chantier national d\u2019importance majeure.<\/strong><\/p>\n<div class=\"wp-block-image\"><img loading=\"lazy\" decoding=\"async\" src=\"http:\/\/albayane.press.ma\/wp-content\/uploads\/Mod%C3%A8le-de-d%C3%A9veloppement.jpg\" alt=\"\" class=\"wp-image-84200\" width=\"588\" height=\"347\"\/><\/div>\n<p>2. L\u2019\u00e9laboration d\u2019une nouvelle alternative r\u00e9ussie \u00e0 un mod\u00e8le de d\u00e9veloppement d\u00e9pass\u00e9 requiert d\u2019initier des ruptures audacieuses indispensables avec les m\u00e9thodes et les approches qui r\u00e9duisent le d\u00e9veloppement \u00e0 ses seules dimensions \u00e9conomique et sociale.<\/p>\n<p>En effet tout d\u00e9collage de d\u00e9veloppement fort passe principalement et n\u00e9cessairement \u00e0 travers une r\u00e9forme politique et institutionnelle profonde, orient\u00e9e sans nul doute, vers la poursuite de la t\u00e2che d\u2019\u00e9dification de la d\u00e9mocratie, de l\u2019Etat\u00a0\u00a0\u00a0\u00a0 de Droit, et des institutions solides par leurs cr\u00e9dibilit\u00e9 et performance; une r\u00e9forme politique et institutionnelle visant \u00e0 renforcer les capacit\u00e9s de l\u2019ensemble des acteurs, et \u00e0 permettre \u00e0 l\u2019ensemble des citoyennes et citoyens de jouir de leur droit de participation effective dans l\u2019\u00e9laboration de la d\u00e9cision publique, pr\u00e9servant et consolidant ainsi leur dignit\u00e9 et garantissant leurs droits \u00e0 la libert\u00e9 de choix et de d\u00e9cision et un acc\u00e8s \u00e9quitable aux diff\u00e9rentes ressources publiques.<\/p>\n<p>3.\u00a0 Si notre pays a r\u00e9alis\u00e9 des acquis ind\u00e9niables et franchi d\u2019extraordinaires \u00e9tapes sur la voie des r\u00e9formes, surtout au cours des deux derni\u00e8res d\u00e9cennies, il a par contre s\u00e9cr\u00e9t\u00e9, \u00e0 travers des exp\u00e9riences \u00e0 performances variables, un ensemble institutionnel, politique, \u00e9conomique, social et culturel qui bascule entre \u00e9l\u00e9ments\u00a0\u00a0 de la r\u00e9ussite et facteurs de la r\u00e9gression.<\/p>\n<p>4.\u00a0 Aujourd\u2019hui, sous l\u2019effet des interconnexions dialectiques entre tous les changements, dont le plus important est la crise internationale en particulier les fluctuations que connait le monde occidental et les cons\u00e9quences de la transition d\u00e9mographique tranchante que connaissent les pays en d\u00e9veloppement comme le Maroc, nous sommes dans une \u00e9tape historique, qui requiert avec insistance de faire appel \u00e0 la r\u00e9flexion collective et de faire preuve d\u2019une forte volont\u00e9 pour proc\u00e9der \u00e0 l\u2019\u00e9valuation consistante et objective de toutes les accumulations et d\u2019en tirer ce que nous devons faire et se construire une vision du pr\u00e9sent et du futur \u00e0 travers la fusion cr\u00e9ative entre trois orientations principales :<\/p>\n<p>\u2022 La valorisation des accumulations\u00a0 civilisationnelles\u00a0 et\u00a0 du\u00a0 patrimoine\u00a0 historique\u00a0 qui constituent un sujet de consensus national qu\u2019il ne faut en aucun cas et sous aucun pr\u00e9texte occulter.<\/p>\n<p>\u2022 L\u2019aspiration des composantes de la soci\u00e9t\u00e9 marocaine et de ses forces agissantes \u00e0 atteindre un horizon national moderniste, d\u00e9mocratique et \u00e9quitable qui s\u2019adosse \u00e0 la l\u00e9gitimit\u00e9 de l\u2019histoire et souscrit \u00e0 la n\u00e9cessit\u00e9 et aux imp\u00e9ratifs de la r\u00e9novation<\/p>\n<p>\u2022 L\u2019implication collective, volontariste et d\u00e9cisive dans la construction du pays sur de nouvelles bases positives, ce qui est \u00e0 m\u00eame de permettre \u00e0 tout citoyen d\u2019avoir un sentiment de confiance, d\u2019appartenance, de dignit\u00e9, de s\u00e9curit\u00e9 et d\u2019\u00e9quit\u00e9, loin de tout sentiment de marginalisation, de sous-estimation ou de frustration.<\/p>\n<p>Ce qui ne peut se r\u00e9aliser que gr\u00e2ce \u00e0 de fortes politiques volontaristes, \u00e9labor\u00e9es et mises en \u0153uvre avec la participation de l\u2019ensemble des forces et institutions, des politiques qui s\u2019appuient sur de nouvelles m\u00e9thodes en rupture v\u00e9ritable avec la logique de soumission aux int\u00e9r\u00eats des groupes, avec les solutions superficielles, les mesures conjoncturelles et les approches court-termistes.<\/p>\n<p class=\"has-text-color has-vivid-red-color c3\"><strong>L\u2019essoufflement de l\u2019actuel mod\u00e8le de d\u00e9veloppement et le besoin d\u2019un mod\u00e8le de d\u00e9veloppement alternatif<\/strong><\/p>\n<p class=\"has-text-color has-vivid-cyan-blue-color\"><strong>I- 1-Diagnostic synth\u00e9tique des bienfaits et<\/strong> <strong>des limites de l\u2019actuel mod\u00e8le de d\u00e9veloppement<\/strong><\/p>\n<p>\u2022 Toutes les forces vives du pays soutiennent que l\u2019actuel mod\u00e8le de d\u00e9veloppement a \u00e9puis\u00e9 ses forces, s\u2019est essouffl\u00e9 et atteint ses limites. Toutefois, il faut reconnaitre, ne serait que d\u2019un point de vue d\u2019\u00e9quit\u00e9 et d\u2019objectivit\u00e9, que le mod\u00e8le de d\u00e9veloppement en vigueur, ou mod\u00e8le de croissance selon ceux qui contestent que le Maroc ait en principe un mod\u00e8le de d\u00e9veloppement, a eu de nombreux bienfaits au niveau du d\u00e9veloppement de l\u2019\u00e9difice d\u00e9mocratique, de la consolidation des capacit\u00e9s \u00e9conomiques et productives nationales, de l\u2019\u00e9l\u00e9vation du niveau de vie global des citoyennes et citoyens et de l\u2019ouverture civilisationnelle et culturelle sur l\u2019espace universel dans son acception moderniste et avec ses valeurs avanc\u00e9es, en particulier au cours des deux derni\u00e8res d\u00e9cennies depuis l\u2019accession de Sa Majest\u00e9 le Roi Mohammed VI au Tr\u00f4ne. C\u2019est ce que cristallisent d\u2019ailleurs les acquis d\u00e9mocratiques et en mati\u00e8re des droits humains que notre pays a accumul\u00e9s et c\u2019est ce qui a \u00e9t\u00e9 couronn\u00e9 par l\u2019adoption de la Constitution de 2011, du processus de l\u2019\u00e9quit\u00e9 et de la r\u00e9conciliation, du code de la famille et des lois consacrant les droits de l\u2019homme, d\u2019appui aux libert\u00e9s et de soutien aux partis politiques, etc\u2026<\/p>\n<p>\u2022\u00a0 Les bienfaits se manifestent, \u00e9conomiquement parlant, \u00e0 travers la centralit\u00e9 du r\u00f4le de l\u2019investissement public dans la construction d\u2019importantes infrastructures, l\u2019adoption de strat\u00e9gies sectorielles dans des secteurs \u00e9conomiques divers, industriel, agricole, de services, \u00e9nerg\u00e9tique, touristique et autres, qui n\u2019ont pas atteint les objectifs escompt\u00e9s, mais qui ont permis n\u00e9anmoins de d\u00e9velopper les capacit\u00e9s et le rendement de l\u2019\u00e9conomie nationale et d\u2019en renforcer le tissu, de maitriser les \u00e9quilibres financiers et d\u2019augmenter les taux de croissance annuelle, en particulier au cours de la derni\u00e8re d\u00e9cennie \u00e0 environ 5% avec tout le progr\u00e8s num\u00e9rique qui s\u2019en est suivi.<\/p>\n<p>\u2022\u00a0 Notre pays a \u0153uvr\u00e9 aussi pour lutter contre les disparit\u00e9s sociales et spatiales afin de r\u00e9aliser la justice sociale pour pr\u00e9server la dignit\u00e9 humaine et am\u00e9liorer les indicateurs du d\u00e9veloppement humain \u00e0 travers notamment la g\u00e9n\u00e9ralisation de l\u2019enseignement, le d\u00e9but de la g\u00e9n\u00e9ralisation de la couverture m\u00e9dicale et sociale, l\u2019adoption de l\u2019Initiative Nationale pour le D\u00e9veloppement Humain, l\u2019am\u00e9lioration du rendement global de l\u2019enseignement, de la sant\u00e9 et de l\u2019habitat et d\u2019autres mesures sociales suppos\u00e9es contribuer au soutien des capacit\u00e9s des couches d\u00e9sh\u00e9rit\u00e9es et moyennes.<\/p>\n<p>\u2022\u00a0 Dans le sillage cet effort de d\u00e9veloppement multiforme, l\u2019on ne peut pas occulter les valeurs et les dimensions civilisationnelles et culturelles, en particulier \u00e0 travers la reconnaissance de l\u2019Amazigh comme langue et culture officielles ainsi que l\u2019approche d\u2019encadrement du champ religieux dans le sens de plus de mod\u00e9ration, d\u2019ouverture et de tol\u00e9rance, outre l\u2019adh\u00e9sion du Maroc \u00e0 de nombreuses conventions internationales \u00e0 dimensions moderniste et universelle.<\/p>\n<p>\u2022\u00a0 En d\u00e9pit de tous ces efforts et du volume de l\u2019investissement public, l\u2019\u00e9conomie de notre pays souffre toujours d\u2019une croissance f\u00e9brile. Elle d\u00e9pend toujours du facteur climatique et des fluctuations ext\u00e9rieures. Elle enregistre un rythme de croissance modeste d\u2019une moyenne ne d\u00e9passant pas 3% au cours des derni\u00e8res ann\u00e9es,\u00a0\u00a0\u00a0 une croissance qui ne permet pas d\u2019absorber les flux croissants des demandeurs d\u2019emploi (environ 200000 par an). Les disparit\u00e9s sociales et spatiales s\u2019\u00e9largissent toujours, ce qui d\u00e9note la concentration de la richesse nationale entre les mains d\u2019une minorit\u00e9 de la soci\u00e9t\u00e9 et sa circulation dans des espaces territoriaux r\u00e9duits. A cela s\u2019ajoutent la centralisation et la concentration excessives de l\u2019Etat. A l\u2019oppos\u00e9, l\u2019on enregistre un gaspillage et un affaiblissement des capacit\u00e9s institutionnelles\u00a0 \u00e0 faire face aux revendications sociales et aux attentes de la population au niveau des espaces territoriaux locaux.<\/p>\n<p>\u2022\u00a0 Dans le m\u00eame temps, il est devenu aujourd\u2019hui clair que plusieurs politiques publiques continuent d\u2019alimenter un syst\u00e8me rentier qui se manifeste notamment dans diff\u00e9rentes formes de soutien public injustifi\u00e9 et dans diverses incitations fiscales discriminatoires ainsi que dans la lib\u00e9ration ou la fixation des prix et dans la gestion de certaines op\u00e9rations de privatisation et de diverses d\u00e9rogations accord\u00e9es pour l\u2019acc\u00e8s au foncier. Ce syst\u00e8me rentier s\u2019alimente aussi du faible effort d\u00e9ploy\u00e9 pour le d\u00e9veloppement de la capacit\u00e9 du contr\u00f4le et de lutte contre les pratiques anticoncurrentielles ainsi que des pratiques qui entravent de mani\u00e8re s\u00e9rieuse et profonde l\u2019\u00e9mergence d\u2019une \u00e9conomie nationale productive, inclusive ayant des niveaux \u00e9lev\u00e9s de productivit\u00e9 et de comp\u00e9titivit\u00e9.<\/p>\n<p>\u2022\u00a0 C\u2019est pourquoi ces politiques publiques n\u2019ont pas les qualit\u00e9s n\u00e9cessaires et suffisantes pour offrir des services publics performants et de qualit\u00e9 en particulier dans des secteurs de base comme l\u2019enseignement et la g\u00e9n\u00e9ralisation du savoir,\u00a0\u00a0 la sant\u00e9, l\u2019emploi, le tourisme, la jeunesse, la justice, etc\u2026. Elles contribuent\u00a0\u00a0\u00a0 par contre par leurs insuffisances \u00e0 l\u2019exclusion de larges couches de la soci\u00e9t\u00e9 de l\u2019int\u00e9gration naturelle dans le processus du d\u00e9veloppement et la jouissance d\u2019une r\u00e9partition \u00e9quitable des richesses du pays.<\/p>\n<p>\u2022\u00a0 La plupart des strat\u00e9gies de d\u00e9veloppement et des programmes sectoriels, sur lesquels on comptait pour promouvoir le d\u00e9veloppement \u00e9conomique et am\u00e9liorer la situation sociale globale, est handicap\u00e9e dans l\u2019ensemble par leur faible gouvernance et convergence et des difficult\u00e9s de leur financement. Ils souffrent aussi de leur faible capacit\u00e9 de faire face \u00e0 certains d\u00e9fis de taille en rapport avec l\u2019int\u00e9gration des activit\u00e9s \u00e9conomiques informelles, la r\u00e9forme de l\u2019administration dont les services et les prestations sont toujours marqu\u00e9s par la lourdeur, la rigidit\u00e9, le manque de performance, la gestion territoriale malsaine ainsi qu\u2019avec l\u2019am\u00e9lioration qualitative du climat des affaires, toujours confront\u00e9 \u00e0 de nombreuses d\u00e9faillances dont la faible transparence, la domination de la concurrence d\u00e9loyale, la prolif\u00e9ration de la corruption, du client\u00e9lisme et de la rente et le peu de confiance dans le syst\u00e8me judiciaire et ce malgr\u00e9 les efforts d\u00e9ploy\u00e9s \u00e0 tous les niveaux. Tous ces points de faiblesse trouvent leur explication dans le manque d\u2019encadrement de ces strat\u00e9gies et de ces programmes par les approches de la planification et\u00a0\u00a0\u00a0 de l\u2019\u00e9valuation, qui permettent un suivi ferme de la r\u00e9alisation des projets et le traitement \u00e0 temps des d\u00e9faillances.<\/p>\n<p>\u2022\u00a0 Les sympt\u00f4mes et les r\u00e9sultats de ces politiques et strat\u00e9gies publiques, que confirment d\u2019ailleurs les indices et les rapports de diverses institutions nationales et internationales (indices du d\u00e9veloppement humain, Transparency, Banque mondiale, Conseil \u00e9conomique, social et environnemental, Cour des comptes, Haut-commissariat au plan) trouvent pleinement leur \u00e9cho de mani\u00e8re claire et inqui\u00e9tante au sein de diff\u00e9rents milieux sociaux, \u00e0 commencer par les femmes et les hommes d\u2019affaires jusqu\u2019aux couches d\u00e9sh\u00e9rit\u00e9es, en passant par les classes moyennes, et ce \u00e0 travers de multiples expressions et proc\u00e9d\u00e9s, qui traduisent leurs inqui\u00e9tudes et angoisses du fait des d\u00e9faillances et des d\u00e9ficits que notre pays accuse.<\/p>\n<p>\u2022\u00a0 Mais ce qui est susceptible d\u2019aggraver surtout la d\u00e9t\u00e9rioration de la situation, c\u2019est cette h\u00e9sitation qui marque la mise en \u0153uvre des dispositions de la Constitution dans son \u00e9dification globale et compl\u00e9mentaire. C\u2019est ce que subissent aussi le champ public et en particulier ses composantes institutionnelles, politiques et partisanes en termes d\u2019affaiblissement, d\u2019\u00e9puisement, de minimisation et de d\u00e9valorisation. Ce qui les rend incapables de s\u2019acquitter des t\u00e2ches de l\u2019interm\u00e9diation et de produire les solutions et les ex\u00e9cuter ou de g\u00e9n\u00e9rer une offre et un discours politiques convaincants, mobilisateurs et en mesure d\u2019encadrer et d\u2019ouvrir des perspectives d\u2019espoir et de dissiper le flou qui plane sur le pr\u00e9sent et assombrit l\u2019avenir.<\/p>\n<p class=\"has-text-color has-vivid-cyan-blue-color\"><strong>I- 2-N\u00e9cessit\u00e9 de l\u2019\u00e9mergence d\u2019un mod\u00e8le<\/strong> <strong>de d\u00e9veloppement alternatif pour r\u00e9pondre<\/strong> <strong>aux grandes questions<\/strong><\/p>\n<p>\u2022\u00a0 Comme l\u2019a soulign\u00e9 Sa Majest\u00e9 le Roi dans de nombreux discours adress\u00e9s \u00e0 la nation, il est temps de commencer \u00e0 tracer et \u00e0 pr\u00e9ciser les composantes, les axes et les d\u00e9tails d\u2019un nouveau mod\u00e8le de d\u00e9veloppement qui assure, dans le m\u00eame temps, une croissance \u00e9conomique rapide et un d\u00e9veloppement global, \u00e9quitable et d\u00e9mocratique solide.<\/p>\n<p>\u2022\u00a0 Le mod\u00e8le de d\u00e9veloppement ne signifie pas le projet soci\u00e9tal. Il ne peut pas non plus \u00eatre r\u00e9duit \u00e0 un programme de d\u00e9veloppement ou \u00e0 un programme gouvernemental avec des dispositions d\u00e9termin\u00e9es. Le d\u00e9veloppement est un concept plus large qui d\u00e9passe l\u2019augmentation de la richesse. Il englobe aussi les modes de distribution et la r\u00e9forme des structures \u00e9conomiques, sociales et institutionnelles, de mani\u00e8re \u00e0 provoquer des mutations structurelles dans la soci\u00e9t\u00e9, \u00e0 travers le lancement de dynamiques sociales qui suscitent la mobilisation et l\u2019enthousiasme chez les citoyennes et citoyens. En d\u2019autres termes, le mod\u00e8le de d\u00e9veloppement est une vision r\u00e9f\u00e9rentielle des choix, des r\u00e9formes, des orientations et des grandes ruptures devant avoir lieu pour l\u2019\u00e9dification de politiques publiques avec des m\u00e9thodes et des approches nouvelles, dans le cadre de notre projet social en place, mais d\u2019une mani\u00e8re qui transcende les temps, les programmes, les dispositions gouvernementales et les mesures sectorielles.<\/p>\n<p>\u2022\u00a0 Le mod\u00e8le de d\u00e9veloppement auquel on r\u00e9fl\u00e9chit et que l\u2019on est en train d\u2019\u00e9laborer doit \u00e9merger des valeurs et composantes de notre soci\u00e9t\u00e9 et des acquis de notre pays. Il doit jaillir des besoins croissants et r\u00e9nov\u00e9s du pays et correspondre \u00e0 ses sp\u00e9cificit\u00e9s culturelles, historiques et civilisationnelles et \u00e0 ses atouts mat\u00e9riels et immat\u00e9riels. Il doit viser \u00e0 am\u00e9liorer le positionnement de notre pays sur l\u2019\u00e9chiquier international et r\u00e9tablir chez les citoyennes et les citoyens la confiance en leur pays et en ses institutions et forces vives. Le nouveau mod\u00e8le de d\u00e9veloppement est appel\u00e9 \u00e0 apporter les r\u00e9ponses franches aux questions concernant nos grands choix dont les plus importants :<\/p>\n<p>\u2022\u00a0 La d\u00e9mocratie est-elle un simple ameublement compl\u00e9mentaire du d\u00e9veloppement ? Ou bien est-elle un levier fondamental dont on ne peut pas se passer dans l\u2019\u00e9dification et la mise en \u0153uvre du mod\u00e8le de d\u00e9veloppement et sa r\u00e9ussite ?<\/p>\n<p>\u2022\u00a0 Quelles sont les objectifs de fond de l\u2019entreprise \u00e9conomique ? Et quelle place y occupe le citoyen ?<\/p>\n<p>\u2022\u00a0 Quel est le r\u00f4le des diff\u00e9rents acteurs : l\u2019Etat, le secteur priv\u00e9, la soci\u00e9t\u00e9 civile? Les organisations politiques, les intellectuels\u2026 ?<\/p>\n<p>\u2022\u00a0 Quelles sont les nouvelles priorit\u00e9s \u00e9conomiques, compte tenu des exigences de l\u2019ind\u00e9pendance \u00e9conomique, de la lutte contre les disparit\u00e9s sociales et spatiales et de l\u2019am\u00e9lioration du niveau de vie des citoyennes et citoyens ?<\/p>\n<p>\u2022\u00a0 Quels sont les formes et les instruments de la gouvernance qu\u2019il faut adopter et mettre en \u0153uvre pour la r\u00e9ussite du nouveau mod\u00e8le de d\u00e9veloppement ?<\/p>\n<p>\u2022\u00a0 Comment parvenir \u00e0 une int\u00e9gration r\u00e9ussie\u00a0 dans le march\u00e9 mondial pour\u00a0\u00a0 tirer profit des aspects positifs de la mondialisation et \u00e9viter le plus possible ses revers ?\u2026<\/p>\n<p class=\"has-text-color has-vivid-red-color c3\"><strong>II \u2013 Les piliers de base du mod\u00e8le de d\u00e9veloppement propos\u00e9 par le PPS<\/strong><\/p>\n<p>\u2022 Il convient de souligner la n\u00e9cessit\u00e9 de fonder tout mod\u00e8le de d\u00e9veloppement, se voulant \u00eatre performant et efficace, sur une vision globale du processus de d\u00e9veloppement, qui tienne compte de ses diff\u00e9rents aspects et piliers, pour leur assurer la compl\u00e9mentarit\u00e9 et la convergence requises, tout en accordant \u00e0 la question d\u00e9mocratique et institutionnelle et aux droits de l\u2019homme un int\u00e9r\u00eat capital. Les droits de l\u2019homme forment une unit\u00e9 compl\u00e9mentaire indissociable\u00a0 et non s\u00e9lectifs. Ils sont civils, politiques, \u00e9conomiques, sociaux, culturels et environnementaux.<\/p>\n<p>\u2022 Il convient aussi de ne pas occulter la dimension internationale et r\u00e9gionale, maghr\u00e9bine, m\u00e9diterran\u00e9enne et africaine, tout en tenant compte de ce que le Maroc est en mesure d\u2019entreprendre en tant que partenaire \u00e9conomique fort, agissant et influent. Ce qui n\u00e9cessite de prendre en consid\u00e9ration les d\u00e9veloppements rapides sur la sc\u00e8ne internationale, y compris tout ce qui a trait \u00e0 la r\u00e9volution num\u00e9rique et ses perspectives, aux changements climatiques et leurs cons\u00e9quences, aux approches protectionnistes croissantes, aux guerres commerciales et aux aspects \u00e9cologiques et culturels.<\/p>\n<p>\u2022 Le nouveau mod\u00e8le de d\u00e9veloppement doit \u00e9galement proc\u00e9der \u00e0 un examen de la situation dans le pays et des perspectives d\u2019avenir tout en tenant compte de la situation dans les pays voisins et de nos partenaires. Ce qui n\u00e9cessite aussi de proc\u00e9der \u00e0 une \u00e9valuation des effets de tels facteurs sur notre \u00e9conomie nationale, en ce qui concerne surtout les accords de libre-\u00e9change, qui soul\u00e8vent plusieurs questions et nouveaux d\u00e9fis qui impacteront n\u00e9gativement les capacit\u00e9s comp\u00e9titives de notre tissu \u00e9conomique et de l\u2019entreprise marocaine. Ce qui devra n\u00e9cessiter l\u2019adoption d\u2019une nouvelle gestion des diff\u00e9rents partenariats pour d\u00e9gager de meilleures possibilit\u00e9s devant mieux servir le processus du d\u00e9veloppement national et pr\u00e9server les int\u00e9r\u00eats du d\u00e9veloppement national. Ce qui devra aussi n\u00e9cessiter une gestion conjointe et int\u00e9gr\u00e9e des questions migratoire, s\u00e9curitaire et terroriste, fond\u00e9e sur le partage des risques \u00e0 assumer, des responsabilit\u00e9s, des cons\u00e9quences et des charges avec les pays et groupements internationaux concern\u00e9s.<\/p>\n<p>\u2022 Dans le m\u00eame temps, il convient de renforcer la position centrale et prometteuse, que notre pays s\u2019appr\u00eate sans nul doute \u00e0 occuper en Afrique, tout en accompagnant ce processus par une \u00e9valuation des opportunit\u00e9s et des possibilit\u00e9s de d\u00e9veloppement. Il convient aussi de proc\u00e9der \u00e0 une \u00e9valuation et de prendre en consid\u00e9ration les d\u00e9fis et les charges \u00e9conomiques et financi\u00e8res en rapport avec les nouveaux partenariats et les efforts d\u2019adh\u00e9sion aux processus d\u2019int\u00e9gration en Afrique de l\u2019Ouest et au niveau continental en g\u00e9n\u00e9ral.<\/p>\n<p>\u2022 Dans le m\u00eame temps, il importe aussi de maitriser la capacit\u00e9 d\u2019int\u00e9gration positive et agissante de notre pays dans l\u2019\u00e9conomie mondiale, pour qu\u2019il puisse b\u00e9n\u00e9ficier des progr\u00e8s scientifiques et technologiques rapides et de la r\u00e9volution num\u00e9rique pour traverser avec succ\u00e8s et de mani\u00e8re rapide et sereine diverses \u00e9tapes de d\u00e9veloppement et se joindre aux pays \u00e9mergents et puis aux pays d\u00e9velopp\u00e9s.<\/p>\n<p class=\"has-text-color has-vivid-cyan-blue-color\"><strong>Cinq leviers<\/strong><\/p>\n<p><strong>Partant de toutes ces consid\u00e9rations capitales d\u2019ordre g\u00e9n\u00e9ral, nous estimons au Parti du progr\u00e8s et du socialisme qu\u2019il y a cinq leviers ou piliers fondamentaux sur lesquels se fonde le mod\u00e8le de d\u00e9veloppement que nous proposons:<\/strong><\/p>\n<p class=\"has-text-color has-vivid-red-color\"><strong>II \u2013 1 \u2013 Premier levier:<\/strong><\/p>\n<p class=\"has-text-color has-vivid-cyan-blue-color\"><strong>Placer l\u2019homme au c\u0153ur du processus de d\u00e9veloppement<\/strong><\/p>\n<p>\u2022 Notre parti ne partage pas l\u2019approche fond\u00e9e sur le fait que les m\u00e9canismes du d\u00e9veloppement capitaliste et les lois du march\u00e9 sont capables, \u00e0 eux seuls, de r\u00e9aliser de mani\u00e8re spontan\u00e9e l\u2019\u00e9quilibre social en donnant la priorit\u00e9 \u00e0 la production de la richesse au d\u00e9triment du syst\u00e8me de sa r\u00e9partition \u00e9quitable. Le Parti consid\u00e8re plut\u00f4t que la logique de la croissance \u00e9conomique n\u2019est pas contradictoire avec la justice sociale et que les deux op\u00e9rations sont interd\u00e9pendantes. L\u2019exp\u00e9rience montre d\u2019ailleurs que les soci\u00e9t\u00e9s o\u00f9 la richesse est r\u00e9partie de mani\u00e8re \u00e9quitable sont celles qui enregistrent les taux de croissance les plus \u00e9lev\u00e9s. Ce sont \u00e9galement les \u00e9conomies de ces soci\u00e9t\u00e9s qui font montre de r\u00e9silience en p\u00e9riode de crises comme ce fut le cas, lors de la crise financi\u00e8re mondiale de 2008.<\/p>\n<p>\u2022 Le principal pilier au niveau de ce premier pr\u00e9lude repose sur l\u2019investissement dans l\u2019\u00e9conomie du savoir, dans l\u2019\u00e9duction et la formation, l\u2019\u00e9radication d\u00e9finitive de l\u2019analphab\u00e9tisme et de l\u2019illettrisme, l\u2019am\u00e9lioration des capacit\u00e9s du syst\u00e8me d\u2019enseignement national, en particulier public, outre la promotion de l\u2019\u00e9cole publique gratuite qui doit \u00eatre dot\u00e9e des moyens de r\u00e9ussite pour lui permettre de dispenser un enseignement de qualit\u00e9 et de rehausser le niveau de la recherche scientifique et technologique pour atteindre progressivement celui des pays \u00e9mergents.<\/p>\n<p>\u2022 Quant au deuxi\u00e8me pilier, il est li\u00e9 au droit \u00e0 la sant\u00e9 qu\u2019il faut assurer \u00e0 l\u2019ensemble des citoyennes et citoyens, \u00e0 travers notamment la g\u00e9n\u00e9ralisation de\u00a0 la couverture m\u00e9dicale et l\u2019am\u00e9lioration de sa gestion, l\u2019am\u00e9lioration qualitative des services de sant\u00e9, \u00e9tant donn\u00e9 que le but majeur \u00e0 atteindre porte en dernier ressort sur la mise en place du \u00ab socle de la couverture sociale universelle \u00bb, tel qu\u2019universellement reconnu, pour que r\u00e8gne un esprit de qui\u00e9tude parmi les citoyennes et citoyens.<\/p>\n<p>\u2022 La cr\u00e9ation des opportunit\u00e9s d\u2019emploi et la lutte contre le ch\u00f4mage et la pr\u00e9carit\u00e9 constituent aussi un \u00e9l\u00e9ment capital \u00e0 promouvoir, en \u0153uvrant pour assurer<\/p>\n<p>l\u2019emploi \u00e0 tous ceux qui le demandent et en particulier les jeunes, permettre \u00e0 tous les citoyennes et citoyens d\u2019avoir un revenu stable qui prot\u00e8ge leur dignit\u00e9 et r\u00e9tablit leur confiance en d\u00e9veloppant le sentiment chez eux d\u2019\u00eatre des participants effectifs et agissants dans l\u2019effort du d\u00e9veloppement national et d\u2019en \u00eatre des b\u00e9n\u00e9ficiaires. Il importe aussi d\u2019accorder un int\u00e9r\u00eat particulier aux couches \u00e0 besoins sp\u00e9cifiques et aux personnes \u00e2g\u00e9es et d\u2019\u00e9radiquer toutes les formes de marginalisation et de pr\u00e9carit\u00e9.<\/p>\n<p>\u2022 Pour renforcer la coh\u00e9sion nationale, consolider le sentiment d\u2019appartenance, enraciner et aider les citoyennes et citoyens \u00e0 s\u2019approprier le mod\u00e8le de d\u00e9veloppement propos\u00e9, il importe de combattre les disparit\u00e9s sociales et spatiales et de promouvoir les r\u00e9gions \u00e9loign\u00e9es et montagneuses dans le cadre des priorit\u00e9s qui seront assign\u00e9es aux politiques publiques.<\/p>\n<p>\u2022 Les objectifs sociaux pr\u00e9cit\u00e9s risquent de rester lettre morte s\u2019ils ne sont pas accompagn\u00e9s par de grandes r\u00e9formes visant \u00e0 r\u00e9aliser l\u2019impact positif escompt\u00e9 des politiques publiques sociales sur le niveau de vie des citoyennes et citoyens cibl\u00e9s \u00e0 travers notamment :<\/p>\n<p>\u2022 L\u2019am\u00e9lioration des capacit\u00e9s institutionnelles de l\u2019administration dans la programmation, la r\u00e9alisation et le suivi, dans tous les secteurs et en particulier la sant\u00e9 et l\u2019enseignement,<\/p>\n<p>\u2022 Le renforcement de la capacit\u00e9 du ciblage social et spatial des politiques publiques sociales<\/p>\n<p>\u2022 La cons\u00e9cration de la culture et de la pratique du ciblage avec le r\u00e9f\u00e9rentiel de l\u2019approche genre,<\/p>\n<p>\u2022 Le renforcement du m\u00e9canisme de l\u2019interm\u00e9diation institutionnelle de l\u2019Etat \u00e0 l\u2019int\u00e9rieur des espaces territoriaux r\u00e9gionaux et locaux, en particulier \u00e0 travers\u00a0\u00a0\u00a0 le d\u00e9veloppement des services de la d\u00e9concentration administrative pour en faire un interlocuteur effectif et un partenaire de confiance des unit\u00e9s territoriales d\u00e9centralis\u00e9es.<\/p>\n<p>\u2022 Le renforcement des capacit\u00e9s organisationnelles \u00e0 l\u2019int\u00e9rieur des espaces r\u00e9gionaux et locaux des diff\u00e9rents fonds et instruments administratifs qui visent \u00e0 la promotion de l\u2019emploi et le soutien de la petite entreprise.<\/p>\n<p class=\"has-text-color has-vivid-red-color\"><strong>II \u2013 2- Le deuxi\u00e8me levier:<\/strong><\/p>\n<p class=\"has-text-color has-vivid-cyan-blue-color\"><strong>Une croissance \u00e9conomique rapide et soutenue<\/strong><\/p>\n<p>\u2022 Il n\u2019y a pas de mod\u00e8le de d\u00e9veloppement pr\u00eat \u00e0 porter que le Maroc peut transposer avec succ\u00e8s \u00e0 la r\u00e9alit\u00e9 marocaine. La production d\u2019un tel mod\u00e8le est en effet tributaire de notre capacit\u00e9 de l\u2019\u00e9laborer conform\u00e9ment \u00e0 notre r\u00e9alit\u00e9 et aux sp\u00e9cificit\u00e9s de note pays. Partant de l\u00e0, nous estimons au Parti du progr\u00e8s\u00a0\u00a0\u00a0\u00a0 et du socialisme que notre \u00e9conomie doit reposer sur un r\u00f4le capital de l\u2019Etat\u00a0\u00a0\u00a0\u00a0\u00a0 en mati\u00e8re d\u2019investissement, d\u2019encadrement et d\u2019orientation et dans un cadre\u00a0\u00a0\u00a0\u00a0\u00a0 de compl\u00e9mentarit\u00e9 et de partenariat avec le secteur priv\u00e9, dans le cadre d\u2019une planification strat\u00e9gique qui d\u00e9finit de mani\u00e8re claire, non fig\u00e9e et adaptable, les perspectives et les objectifs du d\u00e9veloppement, le r\u00f4le des diff\u00e9rents acteurs et les d\u00e9lais de r\u00e9alisation pour maitriser le facteur temps dont il ne faut jamais perdre de vue l\u2019importance.<\/p>\n<p>\u2022 Nous avons la ferme conviction au Parti du progr\u00e8s et du socialisme que l\u2019Etat a un r\u00f4le capital \u00e0 jouer dans l\u2019\u00e9dification d\u2019une \u00e9conomie nationale productive et inclusive, compte tenu de la faible maturit\u00e9 du capital national, qui continue, en d\u00e9pit de toutes les formes de soutien qu\u2019il re\u00e7oit de la part de l\u2019Etat, de s\u2019orienter surtout vers les activit\u00e9s \u00e9conomiques en liaison avec le foncier, l\u2019agriculture, le b\u00e2timent, le tourisme et les services. Il n\u2019ose, que rarement, op\u00e9rer dans le domaine industriel. Il ne s\u2019implique que tr\u00e8s peu dans les pratiques concurrentielles comme il ne sait pas comment tirer profit des opportunit\u00e9s ouvertes par les accords de libre-\u00e9change. Dans ce cadre, il faut reconnaitre que l\u2019investissement public, qui\u00a0 a atteint des niveaux \u00e9lev\u00e9s, compte tenu du volume \u00e9norme du d\u00e9ficit social, \u00e9conomique et culturel, n\u2019a pas pu g\u00e9n\u00e9rer un taux de croissance au niveau des attentes et des aspirations, parce que plusieurs politiques publiques alimentent\u00a0\u00a0 en fait toujours le syst\u00e8me de rente sous toutes ses formes et manifestations,\u00a0\u00a0\u00a0\u00a0\u00a0\u00a0 en particulier \u00e0 travers les moyens de soutien qui se trompent de ciblage social, suppos\u00e9 \u00eatre le fond et l\u2019objectif de ces politiques.<\/p>\n<p>\u2022 C\u2019est pourquoi, le succ\u00e8s de notre mod\u00e8le de d\u00e9veloppement restera tributaire de l\u2019initiation de ruptures structurelles\u00a0 qui\u00a0 d\u00e9mant\u00e8leront\u00a0 le\u00a0 syst\u00e8me\u00a0 rentier\u00a0 qui encadre actuellement l\u2019investissement national, lesquelles ruptures devront aussi permettre la mise en place d\u2019un syst\u00e8me \u00e9conomique alternatif, fond\u00e9 sur la concurrence, la cr\u00e9ativit\u00e9 et l\u2019\u00e9galit\u00e9 des chances, notamment \u00e0 travers:<\/p>\n<p>\u2022 La r\u00e9vision syst\u00e9matique des r\u00e9gimes de soutien et d\u2019incitation pour qu\u2019ils soient conformes aux objectifs du ciblage soci\u00e9tal;<\/p>\n<p>\u2022 Rationalisation de l\u2019encadrement du r\u00e9gime des d\u00e9rogations pour qu\u2019il ob\u00e9isse aux crit\u00e8res du m\u00e9rite et de l\u2019int\u00e9r\u00eat g\u00e9n\u00e9ral;<\/p>\n<p>\u2022 R\u00e9vision du r\u00e9gime des march\u00e9s publics dans le sens de g\u00e9n\u00e9raliser l\u2019obligation pour l\u2019ensemble des \u00e9tablissements publics d\u2019en appliquer les dispositions et ce dans le but de renforcer la transparence, la libert\u00e9 de la concurrence, l\u2019\u00e9galit\u00e9 des chances pour y acc\u00e9der, tout en pr\u00e9voyant des modalit\u00e9s qui permettront d\u2019accorder un traitement pr\u00e9f\u00e9rentiel \u00e0 la petite et moyenne entreprise nationale;<\/p>\n<p>\u2022 Renforcement des institutions et des instruments qui participent \u00e0 la promotion d\u2019une \u00e9conomie nationale fond\u00e9e sur l\u2019\u00e9galit\u00e9 des chances, la concurrence et la cr\u00e9ativit\u00e9.<\/p>\n<p>\u2022 Nous estimons que le mod\u00e8le de d\u00e9veloppement doit, dans ses aspects \u00e9conomiques, aller de l\u2019avant sur la voie de l\u2019industrialisation avec une capacit\u00e9 sup\u00e9rieure de cr\u00e9er une grande valeur ajout\u00e9e en faisant appel aux technologies de pointe. Il doit s\u2019appuyer de mani\u00e8re \u00e9quilibr\u00e9e sur la consommation int\u00e9rieure et la satisfaction des besoins du march\u00e9 int\u00e9rieur d\u2019une part et le d\u00e9veloppement de nos capacit\u00e9s d\u2019exportation d\u2019autre part. Pour ce faire, il importe de cr\u00e9er les conditions propices pour encourager l\u2019entreprise marocaine et la production nationale, et ce en compl\u00e9ment des strat\u00e9gies de d\u00e9veloppement sectorielles en place, \u00e0 condition d\u2019en assurer la bonne gouvernance et la convergence.<\/p>\n<p>\u2022 L\u2019industrialisation alternative \u00e0 adopter est une op\u00e9ration int\u00e9rieure qui vise\u00a0\u00a0 \u00e0 transformer les structures \u00e9conomiques et \u00e0 densifier les relations entre les diff\u00e9rentes composantes de l\u2019\u00e9conomie nationale et en particulier entre les secteurs agricole et industriel, dans le but d\u2019augmenter la valeur ajout\u00e9e nationale. Ce qui n\u00e9cessite d\u2019investir dans la cr\u00e9ation des comp\u00e9tences humaines et technologiques et dans la cons\u00e9cration d\u2019une culture appropri\u00e9e, fond\u00e9e sur la transformation des mati\u00e8res premi\u00e8res nationales ou import\u00e9es.<\/p>\n<p>\u2022 Le d\u00e9veloppement des \u00e9cosyst\u00e8mes dans le cadre du plan d\u2019acc\u00e9l\u00e9ration industriel a permis \u00e0 notre pays de se hisser \u00e0 des positions pilotes dans certains secteurs qui occupent une place de choix dans les exportations marocaines. Un taux d\u2019int\u00e9gration important a accompagn\u00e9 cette \u00e9volution (la moyenne d\u2019int\u00e9gration dans le secteur d\u2019industrie automobile par exemple atteindrait 65 %).<\/p>\n<p>Dans ce cadre, nous estimons qu\u2019il est vital de poursuivre cet effort dans le but d\u2019un d\u00e9veloppement industriel sur la base de fili\u00e8res int\u00e9gr\u00e9es li\u00e9es \u00e0 des syst\u00e8mes \u00e9conomiques sp\u00e9cialis\u00e9s. Ce qui devra permettre l\u2019apparition d\u2019une industrie \u00ab industrialisante \u00bb et inclusive ayant pour but de r\u00e9aliser le d\u00e9veloppement social et de s\u2019appuyer sur le travail qualifi\u00e9 et de mettre fin \u00e0 la politique du \u00abLow Cost\u00bb en vigueur dans le domaine de la sous-traitance.<\/p>\n<p>\u2022 L\u2019int\u00e9gration industrielle est indispensable pour la production d\u2019une grande partie des outils, des \u00e9quipements et des programmes informatiques que les industries n\u00e9cessitent. Sans cela, il sera beaucoup difficile de limiter le d\u00e9ficit commercial chronique dont souffre notre pays. Il est impossible de r\u00e9aliser un d\u00e9veloppement industriel v\u00e9ritable sans implication de la petite et moyenne entreprise. Ce qui requiert la restructuration de son tissu, le renforcement de\u00a0\u00a0\u00a0\u00a0\u00a0\u00a0 sa comp\u00e9titivit\u00e9 et sa mise \u00e0 niveau aux niveaux organisationnel, financier et humain. C\u2019est pourquoi, il importe d\u2019\u0153uvrer dans le m\u00eame temps pour cr\u00e9er des \u00ab champions industriels nationaux \u00bb en la mati\u00e8re.<\/p>\n<p>\u2022 La mise en place d\u2019un mod\u00e8le de d\u00e9veloppement bas\u00e9 sur l\u2019industrialisation doit s\u2019accompagner par des ajustements fondamentaux de la politique du secteur bancaire, que l\u2019Etat doit orienter vers le financement des projets d\u2019investissement industriel \u00e0 haute valeur ajout\u00e9e. Ce secteur doit \u00eatre dot\u00e9 des outils qui devront lui permettre une bonne mobilisation et utilisation de l\u2019\u00e9pargne pour la r\u00e9alisation des objectifs du d\u00e9veloppement national, en axant son intervention sur le secteur industriel. Il est \u00e9galement n\u00e9cessaire de revoir les politiques bancaires en cours pour qu\u2019elles deviennent plus audacieuses, \u00e9quitables et en faveur de la diversification \u00e9conomique et sectorielle, loin des approches qui se contentent de rechercher le gain facile et loin aussi des complications des proc\u00e9dures administratives et non administratives.<\/p>\n<p>\u2022 s\u2019agissant du secteur agricole, notre pays a r\u00e9alis\u00e9 de grands progr\u00e8s en mati\u00e8re de d\u00e9veloppement de l\u2019agriculture moderne destin\u00e9e \u00e0 l\u2019exportation et qui concerne les zones irrigu\u00e9s. Toutefois, ce progr\u00e8s n\u2019a pas b\u00e9n\u00e9fici\u00e9 avec le m\u00eame degr\u00e9 et le m\u00eame rythme aux petites et moyennes exploitations, qui n\u2019ont enregistr\u00e9 pour leur part que des progr\u00e8s limit\u00e9s qui n\u2019ont pas profit\u00e9 de mani\u00e8re satisfaisante\u00a0 aux larges couches de la soci\u00e9t\u00e9 rurale, en d\u00e9pit du fait qu\u2019elles emploient le plus grand nombre de paysans et dont la production est destin\u00e9e principalement \u00e0 la satisfaction des besoins du march\u00e9 int\u00e9rieur.<\/p>\n<p>\u2022 C\u2019est pourquoi, le mod\u00e8le de d\u00e9veloppement que nous proposons, et tout en ayant \u00e0 l\u2019esprit l\u2019enjeu de notre souverainet\u00e9 et de notre s\u00e9curit\u00e9 alimentaire,\u00a0\u00a0\u00a0\u00a0\u00a0 se base notamment sur la mobilisation indispensable des capacit\u00e9s financi\u00e8res n\u00e9cessaires au profit des petits agriculteurs et des exploitations moyennes et l\u2019encouragement de ces derniers de cr\u00e9er ou d\u2019adh\u00e9rer \u00e0 des coop\u00e9ratives, pour b\u00e9n\u00e9ficier des \u00e9conomies d\u2019\u00e9chelle, de la m\u00e9canisation pour l\u2019augmentation du rendement, de la modernisation des circuits et instruments de la commercialisation en particulier quand l\u2019op\u00e9ration s\u2019accompagne d\u2019une forte campagne d\u2019\u00e9radication de l\u2019analphab\u00e9tisme dans les rangs des paysans qui n\u2019ont pas b\u00e9n\u00e9fici\u00e9 jusqu\u2019\u00e0 pr\u00e9sent de l\u2019alphab\u00e9tisation.<\/p>\n<p>\u2022 Il importe aussi d\u2019inciter et d\u2019intensifier les actions de transformation des produits agricoles, \u00e0 travers la cr\u00e9ation d\u2019unit\u00e9s industrielles dans le monde rural, dans le but de valoriser les produits agricoles et cr\u00e9er plus de valeur ajout\u00e9e et de postes d\u2019emploi stables en milieu rural afin de r\u00e9duire le travail saisonnier et le sous-emploi.<\/p>\n<p>\u2022 En d\u00e9pit de tout cela, le d\u00e9veloppement agricole ne peut se r\u00e9aliser de mani\u00e8re correcte que s\u2019il s\u2019ins\u00e8re dans le cadre d\u2019une vision plus large du d\u00e9veloppement des campagnes et du monde rural. Ce d\u00e9veloppement englobe les diff\u00e9rents domaines de la vie et en particulier les infrastructures, les \u00e9quipements culturels et les services sociaux de base, ce qui devra contribuer \u00e0 limiter les disparit\u00e9s spatiales et \u00e0 r\u00e9duire les foyers de la pauvret\u00e9, la d\u00e9perdition scolaire et les diff\u00e9rentes formes de marginalisation et d\u2019exclusion sociale.<\/p>\n<p>\u2022 Dans le m\u00eame ordre d\u2019id\u00e9es, il importe d\u2019explorer toutes les possibilit\u00e9s et les capacit\u00e9s qu\u2019offre l\u2019\u00e9conomie sociale et solidaire pour associer le plus grand nombre possible des citoyennes et citoyens \u00e0 l\u2019op\u00e9ration de production, sachant que le secteur coop\u00e9ratif notamment dans l\u2019agriculture et l\u2019artisanat connait un repli et une r\u00e9cession dus \u00e0 l\u2019offensive syst\u00e9matique qu\u2019il subit de la part du grand capital. Ce qui doit contraindre l\u2019Etat \u00e0 adopter des mesures organisationnelles, incitatives et protectionnistes pour la promotion de ce sous-secteur \u00e9conomique important et de l\u2019immuniser devant les d\u00e9fis de la mondialisation et du lib\u00e9ralisme sauvage.<\/p>\n<p>\u2022 L\u2019\u00e9conomie sociale et solidaire escompt\u00e9e n\u2019est pas un mot d\u2019ordre creux pour la consommation politicienne, mais une gouvernance \u00e9conomique consacr\u00e9e surtout au service et \u00e0 l\u2019int\u00e9gration des classes et des couches marginalis\u00e9es, rest\u00e9es en dehors du circuit \u00e9conomique national qui n\u2019a b\u00e9n\u00e9fici\u00e9 jusqu\u2019\u00e0 pr\u00e9sent qu\u2019aux couches ais\u00e9es.<\/p>\n<p>\u2022 Aussi, nous croyons qu\u2019il importe d\u2019avoir pr\u00e9sent \u00e0 l\u2019esprit la dimension \u00e9cologique dans la production nationale en s\u2019appuyant de plus en plus sur les opportunit\u00e9s qu\u2019offrent l\u2019\u00e9conomie verte, l\u2019\u00e9conomie circulaire et l\u2019\u00e9conomie bleue, tout en continuant de s\u2019appuyer de mani\u00e8re volontariste sur les \u00e9nergies renouvelables et d\u2019\u0153uvrer pour la protection des richesses de notre pays et la pr\u00e9servation des droits et de l\u2019avenir des g\u00e9n\u00e9rations futures, en particulier en\u00a0\u00a0\u00a0\u00a0 ce qui concerne nos ressources hydriques, nos richesses halieutiques et notre couverture v\u00e9g\u00e9tale prairies, marais, steppes et for\u00eats.<\/p>\n<p>\u2022 la r\u00e9alisation d\u2019une croissance \u00e9conomique acc\u00e9l\u00e9r\u00e9e et soutenue requiert n\u00e9cessairement la mobilisation des moyens de financement n\u00e9cessaires. C\u2019est pourquoi, l\u2019on doit compter surtout sur la mobilisation de nos propres ressources, pour ne pas noyer le pays dans l\u2019endettement ext\u00e9rieur, \u00e0 l\u2019exception toutefois des investissements \u00e9trangers directs. Ce qui n\u00e9cessite aussi d\u2019insuffler une nouvelle dynamique dans la bourse des valeurs et de proc\u00e9der \u00e0 la r\u00e9forme du march\u00e9 financier, de simplifier les proc\u00e9dures de financement et de pr\u00e9voir la cr\u00e9ation d\u2019un \u00e9tablissement public de cr\u00e9dit d\u00e9di\u00e9 au financement des tr\u00e8s petites, petites et moyennes entreprises.<\/p>\n<p>\u2022 Pour ce qui est de la r\u00e9forme fiscale \u00e0 r\u00e9aliser, elle constitue la plus importante action pour le financement de l\u2019\u00e9conomie, sans oublier son r\u00f4le dans la redistribution de la richesse et la r\u00e9alisation de la justice sociale. Ce qui requiert l\u2019\u00e9largissement de l\u2019assiette fiscale, l\u2019intensification de la lutte contre la fraude et l\u2019\u00e9vasion fiscales et la mise en \u0153uvre du principe de l\u2019\u00e9galit\u00e9 des citoyens devant les charges publiques en application des dispositions constitutionnelles.<\/p>\n<p>\u2022 le r\u00e9gime fiscal alternatif que nous proposons repose sur les principes suivants :<\/p>\n<p>\u2022 La solidarit\u00e9 entre les classes et les couches sociales pour r\u00e9aliser davantage de coh\u00e9sion sociale et augmenter le pouvoir d\u2019achat en particulier des pauvres, des d\u00e9munis et des d\u00e9sh\u00e9rit\u00e9s;<\/p>\n<p>\u2022 L\u2019\u00e9quit\u00e9 et l\u2019\u00e9galit\u00e9 devant les charges publiques pour que les citoyennes et citoyens se sentent vraiment \u00e9gaux comme pr\u00e9vu dans la Constitution du pays;<\/p>\n<p>\u2022 La motivation pour encourager les bonnes pratiques dans les domaines \u00e9conomique et social comme la protection de l\u2019environnement, l\u2019\u00e9conomie d\u2019\u00e9nergie, la recherche, l\u2019innovation et l\u2019investissement, la cr\u00e9ation des opportunit\u00e9s d\u2019emploi, la conqu\u00eate des march\u00e9s ext\u00e9rieurs;<\/p>\n<p>\u2022 La transparence et la cessation des d\u00e9rogations, des exon\u00e9rations, des privil\u00e8ges, des rabattements fiscaux injustifi\u00e9s et la lutte contre toutes les formes de fraude et d\u2019\u00e9vasion fiscales en s\u2019appuyant surtout sur le contr\u00f4le de rigueur;<\/p>\n<p>\u2022 La r\u00e9forme de la fiscalit\u00e9 locale pour en faire un moyen efficace dans l\u2019autofinancement des programmes et des plans de d\u00e9veloppement r\u00e9alis\u00e9s par les collectivit\u00e9s territoriales et dans le soutien de la comp\u00e9titivit\u00e9 et de l\u2019attractivit\u00e9 territoriale locale et r\u00e9gionale.<\/p>\n<p class=\"has-text-color has-vivid-red-color\"><strong>II \u2013 3- Le troisi\u00e8me levier:<\/strong><\/p>\n<p class=\"has-text-color has-vivid-cyan-blue-color\"><strong>Am\u00e9liorer la gouvernance, r\u00e9former la justice et assurer un climat propice \u00e0 l\u2019emploi et aux affaires<\/strong><\/p>\n<p>\u2022 Il sera difficile \u00e0 notre pays de maitriser notre mod\u00e8le de d\u00e9veloppement et de lui assurer les conditions de r\u00e9ussite s\u2019il n\u2019est pas en mesure d\u2019am\u00e9liorer le syst\u00e8me de gouvernance et d\u2019assurer un climat propice \u00e0 l\u2019emploi et aux affaires sans oublier surtout les exigences d\u2019un Etat de Droit dans le domaine \u00e9conomique, \u00e0 travers notamment l\u2019\u00e9limination d\u00e9finitive de toutes les formes et manifestations de la pr\u00e9varication et de la corruption. Il lui sera aussi difficile d\u2019aller de l\u2019avant s\u2019il n\u2019est pas capable de cr\u00e9er les conditions requises de la transparence et de la concurrence loyale, d\u2019\u00e9radiquer les manifestations du monopole illicite et de l\u2019\u00e9conomie renti\u00e8re et d\u2019assurer des conditions propices \u00e0 l\u2019investissement national et \u00e9tranger.<\/p>\n<p>Ce qui requiert une maitrise de la rapidit\u00e9 et de la performance de la d\u00e9cision, de la transparence de sa proc\u00e9dure et de proc\u00e9der \u00e0 une r\u00e9forme administrative v\u00e9ritable fond\u00e9e sur la g\u00e9n\u00e9ralisation de la num\u00e9risation administrative et de motiver les ressources humaines par la formation, la qualification et le rendement. La r\u00e9forme n\u00e9cessite \u00e9galement la mise en \u0153uvre audacieuse des principes de la d\u00e9centralisation et de la d\u00e9concentration pour cr\u00e9er les conditions d\u2019une gestion territoriale performante des politiques et des orientations publiques, d\u2019aller de l\u2019avant dans la mise en \u0153uvre de la r\u00e9gionalisation de mani\u00e8re conforme avec le contenu de la Constitution de 2011 et de rompre avec l\u2019h\u00e9sitation dans l\u2019\u00e9dification de l\u2019Etat territorial.<\/p>\n<p>\u2022 La r\u00e9ussite du mod\u00e8le de d\u00e9veloppement est \u00e9galement tributaire de l\u2019indice de performance et de convergence des programmes publics \u00e0 l\u2019int\u00e9rieur des espaces territoriaux locaux et r\u00e9gionaux.<\/p>\n<p>Ce qui requiert une volont\u00e9 politique plus forte pour proc\u00e9der \u00e0 une profonde r\u00e9forme concernant l\u2019organisation territoriale, marqu\u00e9e pour le moment par un double emploi non homog\u00e8ne et une confusion certaine dans les responsabilit\u00e9s politique et administrative.<\/p>\n<p>\u2022 de proc\u00e9der \u00e0 une r\u00e9vision des rapports \u00e9tablis entre la d\u00e9centralisation et\u00a0\u00a0 la d\u00e9concentration administrative dans le but d\u2019aller vers la cr\u00e9ation de l\u2019unit\u00e9 institutionnelle pour d\u00e9passer le mod\u00e8le territorial actuel non homog\u00e8ne et qui est marqu\u00e9 par une s\u00e9paration de la responsabilit\u00e9 politique de la responsabilit\u00e9 administrative;<\/p>\n<p>\u2022 de proc\u00e9der \u00e0 la r\u00e9forme de la d\u00e9concentration de l\u2019Etat dans le but d\u2019assurer\u00a0\u00a0 la rapidit\u00e9 dans l\u2019ex\u00e9cution des programmes, la performance de la coordination\u00a0 et la synchronisation tout en adoptant le principe du m\u00e9rite dans la r\u00e9partition\u00a0\u00a0 des attributions et de leur exercice entre l\u2019Etat et ses unit\u00e9s d\u00e9concentr\u00e9es et en renfor\u00e7ant les capacit\u00e9s administratives et organisationnelles des administrations r\u00e9gionales en particulier en mati\u00e8re de programmation, d\u2019ex\u00e9cution, de suivi et d\u2019\u00e9valuation;<\/p>\n<p>\u2022 de d\u00e9velopper la d\u00e9centralisation en accordant notamment une plus grande valeur au principe de la gestion libre, en g\u00e9n\u00e9ralisant le scrutin public direct dans l\u2019\u00e9lection de tous les \u00e9lus, des pr\u00e9sidents et des conseillers dans les collectivit\u00e9s territoriales et en renfor\u00e7ant la compl\u00e9mentarit\u00e9 et l\u2019interaction entre les diff\u00e9rentes collectivit\u00e9s territoriales pour s\u2019assurer de leur implication dans les m\u00eames objectifs du d\u00e9veloppement spatial;<\/p>\n<p>\u2022 de rationaliser et de restructurer la r\u00e9partition des ressources publiques \u00e0 travers la mise ne \u0153uvre du crit\u00e8re des vocations territoriales des R\u00e9gions \u00e0 c\u00f4t\u00e9 des autres crit\u00e8res toujours en vigueur;<\/p>\n<p>\u2022 de rompre avec l\u2019approche de contr\u00f4le qui encadre les d\u00e9coupages administratifs et les d\u00e9coupages territoriaux et de revoir le sujet \u00e0 travers la prise en compte de l\u2019approche du d\u00e9veloppement de mani\u00e8re d\u00e9finitive;<\/p>\n<p>\u2022 de garantir la participation des citoyennes et citoyens dans la mise en application des politiques publiques territoriales, comme pr\u00e9vu dans la Constitution. Il est aussi imp\u00e9ratif de soumettre tous les programmes \u00e0 la discussion et \u00e0 l\u2019adoption \u00e0 l\u2019int\u00e9rieur des conseils \u00e9lus et d\u2019adopter des rapports semestriels qui doivent \u00eatre pr\u00e9sent\u00e9s et d\u00e9battus dans le cadre de ces conseils pour en \u00e9valuer la r\u00e9alisation par \u00e9tape.<\/p>\n<p>\u2022 Nous sommes aussi profond\u00e9ment convaincus que tout mod\u00e8le de d\u00e9veloppement ne peut pas \u00eatre couronn\u00e9 de succ\u00e8s sans son appropriation par\u00a0 la classe ouvri\u00e8re et la forte implication de cette derni\u00e8re.<\/p>\n<p>C\u2019est pourquoi, il est indispensable pour l\u2019Etat, les entrepreneurs et les syndicats de s\u2019unir, \u00e0 travers un dialogue social national productif et cr\u00e9atif autour d\u2019un pacte social qui pr\u00e9serve les droits et les devoirs de chaque partie dans l\u2019\u0153uvre\u00a0 de production et de d\u00e9veloppement et qui cr\u00e9e un climat sain pour d\u00e9velopper l\u2019investissement et renforcer l\u2019attractivit\u00e9 de l\u2019\u00e9conomie nationale et sa comp\u00e9titivit\u00e9.<\/p>\n<p>\u2022 Nous croyons avec la m\u00eame force de conviction que la gouvernance du mod\u00e8le de d\u00e9veloppement est intimement li\u00e9e aux questions de l\u2019\u00e9galit\u00e9 homme-femme.<\/p>\n<p>C\u2019est pourquoi, il est imp\u00e9ratif de mettre en \u0153uvre de mani\u00e8re ferme les dispositions de la Constitution y aff\u00e9rentes en s\u2019appuyant sur les acquis et le bilan r\u00e9alis\u00e9s dans ce domaine en particulier \u00e0 travers:<\/p>\n<p>\u2022 La r\u00e9vision du code de la famille pour le rendre compatible avec les dispositions constitutionnelles;<\/p>\n<p>\u2022 L\u2019incitation de la femme \u00e0 acc\u00e9der au march\u00e9 de l\u2019emploi, dans le but de doubler au moins le taux d\u2019activit\u00e9 enregistr\u00e9 actuellement pour atteindre le niveau moyen mondial (50 % au lieu de 25 % actuellement). L\u2019\u00e9galit\u00e9 femme-homme doit aussi pr\u00e9valoir dans les traitements et les salaires dans les secteurs public et priv\u00e9;<\/p>\n<p>\u2022 Pr\u00e9voir l\u2019obligation de la parit\u00e9 dans l\u2019acc\u00e8s aux postes sup\u00e9rieurs et aux centres de d\u00e9cision publique;<\/p>\n<p>\u2022 P\u00e9nalisation des st\u00e9r\u00e9otypes d\u00e9gradants portant atteinte \u00e0 la dignit\u00e9 de la femme et \u00e0 sa position dans tous les aspects de la vie publique;<\/p>\n<p>\u2022 Adoption obligatoire de l\u2019approche genre dans l\u2019\u00e9laboration de toutes les politiques, strat\u00e9gies et plans publics ainsi que dans les programmes et les m\u00e9thodes d\u2019enseignement;<\/p>\n<p>\u2022 Int\u00e9gration du genre dans toutes les approches et politiques du ciblage social sectoriel et transversal;<\/p>\n<p>\u2022 R\u00e9vision et remise \u00e0 niveau des textes juridiques et leur \u00e9puration des expressions, des termes et des dispositions discriminatoires;<\/p>\n<p>\u2022 R\u00e9habiliter le travail domestique des femmes au foyer, avec sa traduction dans les op\u00e9rations financi\u00e8res et \u00e9conomiques, ainsi que sa prise en consid\u00e9ration dans la comptabilit\u00e9 nationale.<\/p>\n<p>\u2022 Se pose aussi avec la m\u00eame acuit\u00e9 dans notre soci\u00e9t\u00e9 la question de l\u2019exercice de la responsabilit\u00e9 et de la reddition des comptes qui l\u2019accompagne dans le cadre de la forte aspiration \u00e0 la cons\u00e9cration des valeurs de la qualit\u00e9 de la gestion, de\u00a0 la transparence, de la confiance et de la cr\u00e9dibilit\u00e9.<\/p>\n<p>Ce qui requiert in\u00e9luctablement la r\u00e9vision du cadre juridique de plusieurs institutions de la gouvernance, du contr\u00f4le et de la r\u00e9gulation, la r\u00e9\u00e9valuation de leur action, de leur rendement et de leurs m\u00e9thodes et la mise \u00e0 leur disposition<\/p>\n<p>des comp\u00e9tences et des moyens n\u00e9cessaires pour accomplir au mieux leurs t\u00e2ches constitutionnelles.<\/p>\n<p>Il est \u00e9galement n\u00e9cessaire d\u2019acc\u00e9l\u00e9rer le rythme de la r\u00e9forme de la justice et de consacrer la dualit\u00e9 du droit et du devoir \u00e0 tous les niveaux et articulations de l\u2019espace public.<\/p>\n<p>\u2022 La pr\u00e9servation de la s\u00e9curit\u00e9 l\u00e9gale et juridique est \u00e0 la fois une finalit\u00e9 de toute d\u00e9mocratie\u00a0 et une garantie de tout d\u00e9veloppement durable. Ainsi, il faut proc\u00e9der, d\u2019une fa\u00e7on rapide et profonde, \u00e0 la r\u00e9forme de la justice, sous l\u2019angle de la mise en \u0153uvre de l\u2019esprit et de la philosophie de toutes les dispositions constitutionnelles relatives aux libert\u00e9s et \u00e0 la souverainet\u00e9 de la loi, notamment \u00e0: \u0153uvrer \u00e0 l\u2019abrogation de toutes les proc\u00e9dures et dispositions consacrant la discrimination et les privil\u00e8ges;<\/p>\n<p>instaurer et g\u00e9n\u00e9raliser la gratuit\u00e9 d\u2019ester en justice;<\/p>\n<p>opter pour la justice num\u00e9rique, afin de maitriser le temps juridique, de rapprocher la justice des citoyens et d\u2019assurer sa transparence;<\/p>\n<p>ouvrir des possibilit\u00e9s plus larges devant les citoyennes et citoyens pour porter plainte contre la justice et ses services aupr\u00e8s du Conseil Sup\u00e9rieur de la Magistrature;<\/p>\n<p>cr\u00e9er une instance supr\u00eame qui surveille les choix de la politique p\u00e9nale nationale, en tant que celle-ci est un espace structurant des droits de la citoyennet\u00e9 et de la culture des droits humains, tout en veillant \u00e0 harmoniser la politique p\u00e9nale avec le d\u00e9fi de la lutte contre le crime organis\u00e9 et le crime transfrontalier;<\/p>\n<p>amender les fondements de l\u2019organisation judiciaire dans le sens du renforcement du contr\u00f4le d\u2019une application saine de la loi et de la reddition des comptes.<\/p>\n<p class=\"has-text-color has-vivid-red-color\"><strong>II \u2013 4 \u2013 Le quatri\u00e8me levier:<\/strong><\/p>\n<p class=\"has-text-color has-vivid-cyan-blue-color\"><strong>La dimension valeur, culture et soci\u00e9t\u00e9<\/strong><\/p>\n<p>\u2022 Il est \u00e9vident que la g\u00e9n\u00e9ralisation de la connaissance dans les rangs des citoyennes et citoyens et la formation et l\u2019\u00e9ducation des jeunes aux valeurs du patriotisme et de la citoyennet\u00e9 auront un impact positif sur la vie publique nationale aussi bien au niveau des institutions, de la soci\u00e9t\u00e9 civile y compris les partis politiques, les syndicats, la presse et les organisations non gouvernementales qu\u2019au niveau des institutions d\u2019exercice de l\u2019autorit\u00e9 et en particulier l\u2019autorit\u00e9 gouvernementale et \u00e9lue.<\/p>\n<p>\u2022 Il y a un grand besoin de mettre en \u0153uvre ce qui pr\u00e9c\u00e8de pour cr\u00e9er le cadre de la cons\u00e9cration d\u2019une gouvernance d\u00e9mocratique, moderne et performante, susceptible de renforcer la capacit\u00e9 du Maroc de gagner les d\u00e9fis de son mod\u00e8le de d\u00e9veloppement et de r\u00e9aliser ses objectifs. Ce qui constitue sans nul doute un d\u00e9fi de taille dans le d\u00e9bat en cours dans\u00a0\u00a0 notre pays pour tracer les grandes lignes de ce mod\u00e8le que nous sommes en train d\u2019\u00e9laborer de mani\u00e8re collective.<\/p>\n<p>\u2022 Et comme l\u2019avait soulign\u00e9 un des grands fondateurs de la pens\u00e9e \u00e9conomique marocaine, feu Pr Aziz Belal, il ne peut y avoir de mod\u00e8le de d\u00e9veloppement sans tenir compte des facteurs non \u00e9conomiques du d\u00e9veloppement.<\/p>\n<p>\u2022 Ces facteurs se retrouvent dans la capacit\u00e9 du Maroc d\u2019entrer dans le monde de la modernit\u00e9, de la connaissance et du savoir par la grande porte, \u00e0 travers\u00a0\u00a0\u00a0\u00a0\u00a0 le d\u00e9veloppement et l\u2019utilisation de la raison et de l\u2019analyse scientifique dans l\u2019appr\u00e9hension et la saisie de la r\u00e9alit\u00e9 et la compr\u00e9hension des nouveaut\u00e9s. Ce qui ne contredit en rien l\u2019imp\u00e9ratif de pr\u00e9server notre patrimoine national et de lui donner la valeur sup\u00e9rieure qu\u2019il m\u00e9rite.<\/p>\n<p>\u2022 Il importe dans ce cadre de poursuivre et de renforcer l\u2019ouverture sur la culture universelle, d\u2019\u0153uvrer pour faire b\u00e9n\u00e9ficier l\u2019ensemble du peuple du d\u00e9veloppement des comp\u00e9tences\u00a0 et des qualifications \u00e0 travers la lutte contre l\u2019analphab\u00e9tisme\u00a0 et l\u2019ignorance, la g\u00e9n\u00e9ralisation de l\u2019acc\u00e8s \u00e0 la culture et \u00e0 ses espaces, comme moyen essentiel d\u2019appuyer la stabilit\u00e9 de notre pays et de le d\u00e9velopper \u00e0 travers le partage des valeurs communes et par cons\u00e9quent le renforcement de la coh\u00e9sion sociale, ce qui se compl\u00e8te avec la pr\u00e9servation de la diversit\u00e9 culturelle et la nouvelle gestion de la question amazighe dans le cadre de l\u2019unit\u00e9 d\u2019appartenance.<\/p>\n<p>\u2022 Tout mod\u00e8le de d\u00e9veloppement ne peut pas occulter l\u2019importance majeure que repr\u00e9sente le progr\u00e8s qu\u2019enregistre la mise en \u0153uvre de l\u2019aspect officiel de l\u2019Amazighit\u00e9 dans la pr\u00e9servation dans sa pl\u00e9nitude de notre identit\u00e9 nationale unie, forg\u00e9e par\u00a0 la convergence de ses composantes arabo-islamique, amazighe et saharo-hassanie et enrichie de ses affluents africain, andalou, h\u00e9bra\u00efque et m\u00e9diterran\u00e9en.<\/p>\n<p>\u2022 Le r\u00f4le des intellectuels, des penseurs et des cr\u00e9ateurs demeure important \u00e0 tous les niveaux. C\u2019est pourquoi il importe de leur offrir les conditions propices pour jouer leur r\u00f4le dans la production des id\u00e9es et des valeurs et leur libre circulation et diffusion et dans le portage de l\u2019aspiration \u00e0 la cr\u00e9ation, \u00e0 la cr\u00e9ativit\u00e9 et au renouveau. Il convient aussi de consid\u00e9rer la question culturelle non pas comme une charge sociale mais comme un levier de la valeur de notre peuple parmi\u00a0\u00a0\u00a0\u00a0\u00a0 les peuples et comme un espace productif qui offre \u00e0 son tour des opportunit\u00e9s d\u2019investissement, d\u2019emploi et de revenu.<\/p>\n<p>\u2022 Consid\u00e9rant la faiblesse des d\u00e9penses culturelles chez les familles marocaines et compte tenu de l\u2019aspect h\u00e9r\u00e9ditaire de certaines industries culturelles et cr\u00e9atives qui ne s\u2019approprient pas l\u2019immunit\u00e9 suffisante pour affronter la concurrence et partant de la particularit\u00e9 de la production culturelle qui allie dans le m\u00eame temps l\u2019aspect valeur et l\u2019aspect commercial, il incombe \u00e0 l\u2019Etat, aux institutions et aux entreprises publiques et priv\u00e9es et aux collectivit\u00e9s territoriales de soutenir les projets culturels et artistiques pour d\u00e9velopper la production du secteur.<\/p>\n<p>\u2022 Dans ce cadre, nous proposons de pr\u00e9voir un nouveau m\u00e9canisme compl\u00e9mentaire de financement, qui a fait montre de son efficacit\u00e9 et de son utilit\u00e9 dans les pays qui l\u2019ont adopt\u00e9 pour le renforcement et la diversification de l\u2019offre culturelle et le rapprochement du large public des arts ainsi que pour l\u2019ouverture de nouvelles perspectives aux jeune s cr\u00e9ateurs, \u00e0 savoir un proc\u00e9d\u00e9 de financement obligatoire qui consiste \u00e0 consacrer un pourcentage d\u00e9termin\u00e9 du budget d\u2019investissement des organisations et institutions pr\u00e9cit\u00e9es aux \u0153uvres artistiques.<\/p>\n<p>\u2022 Par ailleurs, le nouveau mod\u00e8le de d\u00e9veloppement requiert aussi de rehausser la place et le r\u00f4le des intellectuels et de faciliter leur participation dans la diplomatie acad\u00e9mique, intellectuelle et artistique. Il n\u00e9cessite aussi la cr\u00e9ation des conditions propices \u00e0 l\u2019\u00e9mergence de la qualit\u00e9 dans la production intellectuelle et artistique.<\/p>\n<p>\u2022 Il importe aussi de rompre dans le m\u00eame temps avec l\u2019h\u00e9sitation d\u2019accorder une place privil\u00e9gi\u00e9e \u00e0 la culture, \u00e0 l\u2019art et \u00e0 l\u2019enseignement des programmes philosophiques, de l\u2019histoire, des sciences sociales et humaines en g\u00e9n\u00e9ral \u00e0 l\u2019int\u00e9rieur de notre syst\u00e8me d\u2019enseignement.<\/p>\n<p class=\"has-text-color has-vivid-red-color\"><strong>II- 5- Le cinqui\u00e8me levier:<\/strong><\/p>\n<p class=\"has-text-color has-vivid-cyan-blue-color\"><strong>La d\u00e9mocratie pour le portage du mod\u00e8le de d\u00e9veloppement<\/strong><\/p>\n<p>\u2022 Nous estimons que l\u2019exercice cr\u00e9atif de la d\u00e9mocratie dans notre pays, dans le cadre de sa d\u00e9ontologie et m\u00e9canismes exp\u00e9riment\u00e9s, est de nature \u00e0 fructifier le champ politique national en y assurant un climat de confiance et de qui\u00e9tude, qui permettront aux Marocains de se sentir satisfaits de vivre dans leur pays, loin de la volont\u00e9 croissante de le quitter pour rechercher une vie id\u00e9ale virtuelle dans l\u2019autre rive.<\/p>\n<p>\u2022 Il est \u00e0 rappeler aussi que les questions des libert\u00e9s d\u00e9mocratiques et de la justice sociale sont des \u00e9l\u00e9ments capitaux interd\u00e9pendants et compl\u00e9mentaires pour le r\u00e9tablissement de la confiance des Marocains en l\u2019avenir de leur pays.<\/p>\n<p>\u2022 Il ne fait pas de doute que la d\u00e9mocratie marocaine, que l\u2019on doit immuniser et d\u00e9velopper, a \u00e9t\u00e9 enrichie dans la Constitution de 2011, selon laquelle le Maroc est une monarchie constitutionnelle, d\u00e9mocratique, parlementaire et sociale. Elle a \u00e9lev\u00e9 aussi le choix d\u00e9mocratique au rang des constantes f\u00e9d\u00e9ratrices de la nation. Et ce sont l\u00e0 les principes constitutionnels dont la mise en \u0153uvre attend d\u2019\u00eatre tranch\u00e9e en rompant avec l\u2019h\u00e9sitation de les appliquer et d\u2019en assumer les charges et les cons\u00e9quences, avec la ferme conviction qu\u2019ils sont les seuls \u00e0 m\u00eame de garantir un avenir meilleur \u00e0 notre pays et \u00e0 notre peuple, en d\u00e9pit des tr\u00e9buchements normaux qui peuvent survenir en route, sachant que tous les peuples n\u2019apprennent que de leurs fautes.<\/p>\n<p>\u2022 La Constitution a \u00e9galement mis en place deux piliers compl\u00e9mentaires que sont la d\u00e9mocratie repr\u00e9sentative en sa qualit\u00e9 de r\u00e9f\u00e9rence de la question et dont on ne peut se passer, et puis la d\u00e9mocratie participative en sa qualit\u00e9 de renouveau cr\u00e9\u00e9 pour enrichir et compl\u00e9ter la d\u00e9mocratie parlementaire, \u00e0 travers l\u2019obligation de faire participer les citoyennes et citoyens dans la d\u00e9cision et la chose publiques et institutionnelles.<\/p>\n<p>Et c\u2019est l\u00e0 une composante principale du mod\u00e8le de d\u00e9veloppement alternatif. Tout en soulignant que les nouveaux instruments constitutionnels sont empreints d\u2019une grande ambition, il est n\u00e9cessaire que les efforts de tous les acteurs visent \u00e0 leur application et \u00e0 leur mise en \u0153uvre sans tergiversation, retour en arri\u00e8re ou retard.<\/p>\n<p>\u2022 Tout en \u0153uvrant pour la mise en \u0153uvre du contenu de la Constitution dans\u00a0 les domaines politique et institutionnel \u00e0 travers le renforcement du r\u00f4le des acteurs politiques et des t\u00e2ches et attributions des institutions \u00e9lues, la garantie d\u2019un \u00e9quilibre v\u00e9ritable des pouvoirs, la reconnaissance de la capacit\u00e9 de tous\u00a0\u00a0 ces intervenants de conduire le processus du changement, il importe d\u2019assurer l\u2019exercice des libert\u00e9s individuelles et collectives dans un cadre d\u2019appropriation cr\u00e9ative de la dualit\u00e9 et de la dialectique des droits et des devoirs et de promouvoir le principe de l\u2019\u00e9galit\u00e9 dans toutes ses formes et \u00e0 tous ses niveaux : l\u2019\u00e9galit\u00e9 entre les citoyens, l\u2019\u00e9galit\u00e9 entre les espaces, l\u2019\u00e9galit\u00e9 femme-homme, l\u2019\u00e9galit\u00e9 des chances et des aptitudes, l\u2019\u00e9galit\u00e9 d\u2019acc\u00e8s aux services, l\u2019\u00e9galit\u00e9 devant l\u2019imp\u00f4t et envers les charges publiques de telle sorte que chaque personne physique ou morale les supporte selon les moyens et les possibilit\u00e9s dont elle dispose.<\/p>\n<p>\u2022 L\u2019adoption et la mise en \u0153uvre de toutes ces mesures sont de nature \u00e0 r\u00e9tablir la confiance des citoyens dans leur pays et dans l\u2019Etat et ses institutions. Et c\u2019est l\u00e0 le moyen de faire r\u00e9gner la qui\u00e9tude g\u00e9n\u00e9rale dans les diff\u00e9rents milieux de la soci\u00e9t\u00e9, de faire sentir la protection dans les esprits, de v\u00e9hiculer un message de l\u2019optimisme, de l\u2019espoir et de l\u2019aspiration \u00e0 un lendemain meilleur, un message qui met fin \u00e0 la culture du d\u00e9sespoir et du nihilisme. Ce qui est \u00e0 m\u00eame de cr\u00e9er un climat psychologique, social et soci\u00e9tale propice et d\u2019assurer une atmosph\u00e8re de la mobilisation n\u00e9cessaire \u00e0 la r\u00e9ussite du mod\u00e8le de d\u00e9veloppement alternatif.<\/p>\n<p>\u2022 En termes plus clairs, un nouveau mod\u00e8le de d\u00e9veloppement a besoin, sans doute, d\u2019une expertise, d\u2019une connaissance, de capacit\u00e9s et de comp\u00e9tences techniques et de ressources humaines d\u00e9velopp\u00e9es. Et comme c\u2019est le cas dans toutes les soci\u00e9t\u00e9s d\u00e9velopp\u00e9es dans leurs diff\u00e9rents r\u00e9gimes politiques, il a besoin aussi et de mani\u00e8re indispensable d\u2019acteurs politiques forts jouissant de la confiance des citoyens, de la cr\u00e9dibilit\u00e9 de leur discours et de l\u2019influence de leur message sur diff\u00e9rents milieux de la soci\u00e9t\u00e9.\u00a0 A la t\u00eate de ces acteurs, on trouve\u00a0 les partis politiques, dont le\u00a0\u00a0 r\u00f4le est irrempla\u00e7able, qui doivent porter ce mod\u00e8le de d\u00e9veloppement escompt\u00e9, en supporter les charges, les exigences, et les difficult\u00e9s de sa concr\u00e9tisation et\u00a0 les effets de ses mesures r\u00e9formatrices, des partis politiques capables de la bonne gestion du processus du changement et d\u2019obtenir l\u2019adh\u00e9sion des citoyens.<\/p>\n<p>\u2022 Une telle entreprise ne peut \u00eatre conduite de mani\u00e8re r\u00e9ussie qu\u2019\u00e0 travers la sauvegarde par ces partis politiques de la cr\u00e9dibilit\u00e9 de leurs d\u00e9cisions. Et comme l\u2019a soulign\u00e9 Sa Majest\u00e9 le Roi \u00e0 l\u2019occasion de la derni\u00e8re f\u00eate du Tr\u00f4ne et \u00e0 l\u2019occasion de l\u2019ouverture de l\u2019actuelle ann\u00e9e l\u00e9gislative, il importe aujourd\u2019hui de r\u00e9habiliter l\u2019action politique, pour ce qui est de sa fonction d\u2019encadrement et de leadership et de proc\u00e9der \u00e0 une v\u00e9ritable r\u00e9conciliation entre le citoyen et la chose politique.<\/p>\n<p>Il ne peut y avoir de mod\u00e8le \u00e9conomique authentique sans compter sur celui qui le portera politiquement.<\/p>\n<p>\u2022 C\u2019est pourquoi, il importe d\u2019accompagner notre recherche conjointe d\u2019un mod\u00e8le de d\u00e9veloppement r\u00e9ussi par un large d\u00e9bat national capable de sensibiliser les potentialit\u00e9s, de faire valoriser les id\u00e9es, de mobiliser les volont\u00e9s et d\u2019insuffler un souffle d\u00e9mocratique nouveau dans la soci\u00e9t\u00e9.<\/p>\n<p class=\"has-text-color has-vivid-red-color c3\"><strong>R\u00e9sum\u00e9 de la contribution du PPS en cinquante propositions de r\u00e9formes sous cinq leviers<\/strong><\/p>\n<p class=\"has-text-color has-vivid-cyan-blue-color c3\"><strong>En conclusion de ce document, nous pr\u00e9sentons une version synth\u00e9tique du m\u00e9morandum<\/strong><\/p>\n<p class=\"has-text-color has-vivid-red-color\"><strong>Premier levier:<\/strong><\/p>\n<p class=\"has-text-color has-vivid-cyan-blue-color\"><strong>Mettre l\u2019homme au c\u0153ur de l\u2019\u0153uvre de d\u00e9veloppement<\/strong><\/p>\n<p>\u2022 Investir dans l\u2019\u00e9conomie du savoir, dans l\u2019\u00e9ducation et la formation et \u00e9radication d\u00e9finitive de l\u2019ignorance et de l\u2019analphab\u00e9tisme ;<\/p>\n<p>\u2022 Mettresur pied unsocle de la protection socialeuniverselle, telle qu\u2019universellement reconnu;<\/p>\n<p>\u2022 Accorder un int\u00e9r\u00eat privil\u00e9gi\u00e9 aux couches \u00e0 besoins sp\u00e9cifiques et aux personnes \u00e2g\u00e9es et \u00e9liminer toutes formes de marginalisation et de pr\u00e9carit\u00e9 ;<\/p>\n<p>\u2022 Intensifier l\u2019effort public pour lutter contre les disparit\u00e9s sociales et spatiales et promouvoir les zones \u00e9loign\u00e9es et montagneuses ;<\/p>\n<p>\u2022 Renforcer les capacit\u00e9s du ciblage social et spatial des politiques publiques sociales;<\/p>\n<p>\u2022 Assurer aux politiques publiques un impact social \u00e9quitable \u00e0 travers le d\u00e9veloppement des services de la d\u00e9concentration administrative et faire d\u2019eux\u00a0 un interlocuteur effectif et un partenaire de confiance des unit\u00e9s territoriales d\u00e9centralis\u00e9es, qui se distinguent par la proximit\u00e9 des citoyennes et citoyens<\/p>\n<p class=\"has-text-color has-vivid-red-color\"><strong>Deuxi\u00e8me levier:<\/strong><\/p>\n<p class=\"has-text-color has-vivid-cyan-blue-color\"><strong>Une croissance \u00e9conomique rapide et soutenue<\/strong><\/p>\n<p>\u2022 Renforcer le r\u00f4le strat\u00e9gique de l\u2019Etat dans l\u2019\u00e9dification d\u2019une \u00e9conomie nationale productive et inclusive, compte tenu notamment de la faible maturit\u00e9 du capital national ;<\/p>\n<p>\u2022 Initier des ruptures structurelles qui d\u00e9mant\u00e8lent le syst\u00e8me rentier qui encadre actuellement la grande partie de l\u2019investissement national et qui jettent les bases d\u2019un r\u00e9gime \u00e9conomique alternatif fond\u00e9 sur la concurrence, la cr\u00e9ativit\u00e9 et l\u2019\u00e9galit\u00e9 des chances ;<\/p>\n<p>\u2022 R\u00e9viser syst\u00e9matiquement les r\u00e9gimes de soutien pour les rendre homog\u00e8nes avec les objectifs du ciblage social et rationaliser le r\u00e9gime des d\u00e9rogations pour qu\u2019il ob\u00e9isse aux crit\u00e8res du m\u00e9rite et de l\u2019int\u00e9r\u00eat g\u00e9n\u00e9ral ;<\/p>\n<p>\u2022 Revoir le syst\u00e8me des march\u00e9s publics dans le sens de g\u00e9n\u00e9raliser l\u2019obligation de l\u2019appliquer par l\u2019ensemble des organisations publiques et ce pour renforcer la transparence, la concurrence et l\u2019\u00e9galit\u00e9 des chances ;<\/p>\n<p>\u2022 Investir dans la pr\u00e9paration des capacit\u00e9s humaines et technologiques et consacrer une culture industrielle appropri\u00e9e bas\u00e9e sur la transformation des mati\u00e8res premi\u00e8res ;<\/p>\n<p>\u2022 Promouvoir un d\u00e9veloppement industriel national fond\u00e9 sur des fili\u00e8res int\u00e9gr\u00e9es et li\u00e9es \u00e0 des syst\u00e8mes \u00e9conomiques sp\u00e9cialis\u00e9s ;<\/p>\n<p>\u2022 \u0152uvrer pour cr\u00e9er des soci\u00e9t\u00e9s marocaines sous forme de champions industriels nationaux ;<\/p>\n<p>\u2022 R\u00e9orienter la politique du secteur bancaire vers le financement des projets d\u2019investissement industriel \u00e0 forte valeur ajout\u00e9e et adopter une discrimination positive au profit de la diversification \u00e9conomique et sectorielle ;<\/p>\n<p>\u2022 Mobiliser des moyens financiers n\u00e9cessaires au profit des petits agriculteurs et des exploitations moyennes et encourager la cr\u00e9ation ou l\u2019adh\u00e9sion \u00e0 des coop\u00e9ratives ;<\/p>\n<p>\u2022 Motiver et intensifier les op\u00e9rations de transformation des produits agricoles \u00e0 travers la cr\u00e9ation d\u2019unit\u00e9s industrielles dans l\u2019espace rural ;<\/p>\n<p>\u2022 Associer le plus grand nombre de citoyennes et citoyens \u00e0 l\u2019op\u00e9ration de production \u00e0 travers l\u2019investissement dans les possibilit\u00e9s qu\u2019offre l\u2019\u00e9conomie sociale et solidaire ;<\/p>\n<p>\u2022 Avoir pr\u00e9sent \u00e0 l\u2019esprit la dimension \u00e9cologique dans la production tout en s\u2019appuyant sur les opportunit\u00e9s qu\u2019offrent l\u2019\u00e9conomie verte, l\u2019\u00e9conomie circulaire et l\u2019\u00e9conomie bleue et en d\u00e9veloppant l\u2019utilisation des \u00e9nergies renouvelables et la pr\u00e9servation des richesses naturelles de notre pays ;<\/p>\n<p>\u2022 S\u2019appuyer de plus en plus sur la mobilisation de nos propres ressources dans le financement de l\u2019\u00e9conomie nationale et cr\u00e9er un \u00e9tablissement de cr\u00e9dit public d\u00e9di\u00e9 au financement des petites, tr\u00e8s petites et moyennes entreprises ;<\/p>\n<p>\u2022 Elargir l\u2019assiette fiscale, lutter contre la fraude et l\u2019\u00e9vasion fiscales et mettre en \u0153uvre de mani\u00e8re ferme le principe de l\u2019\u00e9galit\u00e9 devant les charges publiques ;<\/p>\n<p>\u2022 Adopter un syst\u00e8me fiscal alternatif fond\u00e9 sur les principes de la solidarit\u00e9 entre les couches et les classes sociales, l\u2019\u00e9quit\u00e9, l\u2019\u00e9galit\u00e9, la motivation et la transparence ;<\/p>\n<p>\u2022 Proc\u00e9der \u00e0 la r\u00e9forme de la fiscalit\u00e9 locale pour en faire un moyen fort et efficace dans l\u2019autofinancement des programmes et des plans de d\u00e9veloppement par les collectivit\u00e9s territoriales ;<\/p>\n<p class=\"has-text-color has-vivid-red-color\"><strong>Troisi\u00e8me levier:<\/strong><\/p>\n<p class=\"has-text-color has-vivid-cyan-blue-color\"><strong>Am\u00e9lioration de la gouvernance et cr\u00e9ation d\u2019un climat propice \u00e0 l\u2019emploi et aux affaires<\/strong><\/p>\n<p>\u2022 Assurer les imp\u00e9ratifs de l\u2019Etat de Droit dans le domaine \u00e9conomique et \u00e9radiquer d\u00e9finitivement les diff\u00e9rentes manifestations et formes de la pr\u00e9varication, de la corruption, de la rente et du monopole illicite ;<\/p>\n<p>\u2022 Proc\u00e9der \u00e0 une r\u00e9forme administrative fond\u00e9e sur la g\u00e9n\u00e9ralisation de la num\u00e9risation\u00a0 de l\u2019administration, lier la motivation des ressources humaines \u00e0\u00a0\u00a0 la formation, la qualification et le rendement et mettre effectivement en \u0153uvre et de mani\u00e8re audacieuse le principe de la d\u00e9centralisation et de la d\u00e9concentration ;<\/p>\n<p>\u2022 Mettre en place une profonde r\u00e9forme de l\u2019organisation territoriale de l\u2019Etat pour mettre fin au d\u00e9doublement et \u00e0 la confusion des responsabilit\u00e9s politique et administrative et revoir la relation entre la d\u00e9centralisation et la d\u00e9concentration ;<\/p>\n<p>\u2022 Donner une plus grande valeur \u00e0 la gestion libre, g\u00e9n\u00e9raliser le scrutin public direct dans l\u2019\u00e9lection de tous les pr\u00e9sidents des collectivit\u00e9s locales, provinciales et r\u00e9gionales et renforcer la compl\u00e9mentarit\u00e9 entre les collectivit\u00e9s territoriales ;<\/p>\n<p>\u2022 Restructurer la r\u00e9partition des ressources publiques \u00e0 travers l\u2019int\u00e9gration du crit\u00e8re des vocations territoriales<\/p>\n<p>\u2022\u00a0 Rompre avec l\u2019approche de contr\u00f4le qui encadre les d\u00e9coupages administratifs et les morcellements territoriaux et promouvoir l\u2019approche du d\u00e9veloppement global et de mani\u00e8re d\u00e9finitive ;<\/p>\n<p>\u2022 Elaborer une charte communale qui pr\u00e9serve les droits et les devoirs de toutes les parties de la production pour cr\u00e9er un climat sain pour le d\u00e9veloppement de l\u2019investissement et le renforcement de l\u2019attractivit\u00e9 de l\u2019\u00e9conomie nationale et de sa comp\u00e9titivit\u00e9 ;<\/p>\n<p>\u2022 Trancher pour ce qui est de la mise en \u0153uvre de l\u2019\u00e9galit\u00e9 femme-homme, r\u00e9viser le code de la famille dans le sens de son homog\u00e9n\u00e9isation avec les dispositions constitutionnelles et p\u00e9naliser les images st\u00e9r\u00e9otypes d\u00e9gradantes de la dignit\u00e9 et de la position de la femme ;<\/p>\n<p>\u2022 Proc\u00e9der \u00e0 l\u2019augmentation volontariste, au moins au double, du taux de l\u2019activit\u00e9 de la femme et appliquer effectivement l\u2019\u00e9galit\u00e9 dans le salaire ;<\/p>\n<p>\u2022 Mettre en \u0153uvre l\u2019obligation de la parit\u00e9 dans l\u2019acc\u00e8s aux postes sup\u00e9rieurs et aux centres de d\u00e9cision publics<\/p>\n<p>\u2022 Proc\u00e9der \u00e0 l\u2019int\u00e9gration obligatoire du genre dans toutes les politiques publiques et dans les programmes d\u2019enseignement ainsi que dans les politiques du ciblage \u00e9conomique et social ;<\/p>\n<p>\u2022\u00a0 Donner au travail domestique la consid\u00e9ration qu\u2019il m\u00e9rite et traduire cela au niveau des op\u00e9rations \u00e9conomiques et financi\u00e8res ainsi que dans la comptabilit\u00e9 nationale ;<\/p>\n<p>\u2022 R\u00e9viser le cadre juridique de plusieurs institutions de la gouvernance, du contr\u00f4le et de la r\u00e9gulation et proc\u00e9der \u00e0 la r\u00e9\u00e9valuation de leurs actions, rendement et m\u00e9thodes ;<\/p>\n<p>\u2022 Acc\u00e9l\u00e9rer le rythme de la r\u00e9forme de la justice et consacrer la dualit\u00e9 du droit et du devoir \u00e0 tous les niveaux et dans toutes les articulations de l\u2019espace public ;<\/p>\n<p class=\"has-text-color has-vivid-red-color\"><strong>Quatri\u00e8me levier:<\/strong><\/p>\n<p class=\"has-text-color has-vivid-cyan-blue-color\"><strong>La dimension valeurs, culture et soci\u00e9t\u00e9<\/strong><\/p>\n<p>\u2022 G\u00e9n\u00e9raliser la connaissance et la culture dans les rangs des citoyennes et citoyens et s\u2019occuper de la formation des jeunes, une formation fond\u00e9e sur les valeurs du patriotisme et de la citoyennet\u00e9 ;<\/p>\n<p>\u2022 Int\u00e9grer les facteurs non \u00e9conomiques dans tout ce qui a trait au d\u00e9veloppement: planification, ex\u00e9cution, \u00e9valuation ;<\/p>\n<p>\u2022 Consacrer l\u2019ouverture sur la culture universelle et explorer le monde de la modernit\u00e9 et du savoir \u00e0 travers notamment le d\u00e9veloppement de l\u2019utilisation de la raison et de l\u2019analyse scientifique dans la compr\u00e9hension de la r\u00e9alit\u00e9 ;<\/p>\n<p>\u2022 Sauvegarder la diversit\u00e9 culturelle et veiller \u00e0 la bonne gestion de la question amazighe dans le cadre de l\u2019unit\u00e9 d\u2019appartenance et progresser dans la mise en \u0153uvre du caract\u00e8re officiel de l\u2019Amazighit\u00e9;<\/p>\n<p>\u2022 Cr\u00e9er les conditions propices \u00e0 la promotion des r\u00f4les des intellectuels dans la production des id\u00e9es et des valeurs, l\u2019expression libre et l\u2019\u00e9change des id\u00e9es et dans le portage de la cr\u00e9ation, la cr\u00e9ativit\u00e9 et le renouvellement;<\/p>\n<p>\u2022 Consacrer un pourcentage du budget d\u2019investissement de l\u2019Etat, des institutions, des entreprises publiques et priv\u00e9es et des collectivit\u00e9s territoriales aux \u0153uvres cr\u00e9atives;<\/p>\n<p>\u2022 Rehausser la position et les r\u00f4les des intellectuels et des cr\u00e9ateurs et faciliter leur contribution dans la diplomatie acad\u00e9mique, culturelle et artistique ;<\/p>\n<p>\u2022 Rompre avec l\u2019h\u00e9sitation de donner une position privil\u00e9gi\u00e9e \u00e0 la culture, l\u2019art, l\u2019\u00e9tude des programmes philosophiques, de l\u2019histoire, des sciences sociales et humaines \u00e0 l\u2019int\u00e9rieur de notre syst\u00e8me d\u2019enseignement<\/p>\n<p class=\"has-text-color has-vivid-red-color\"><strong>Cinqui\u00e8me levier:<\/strong><\/p>\n<p class=\"has-text-color has-vivid-cyan-blue-color\"><strong>La d\u00e9mocratie pour le portage du mod\u00e8le de d\u00e9veloppement<\/strong><\/p>\n<p>\u2022 Consacrer l\u2019interd\u00e9pendance des libert\u00e9s d\u00e9mocratiques de la justice sociale comme \u00e9tant des \u00e9l\u00e9ments compl\u00e9mentaires pour l\u2019\u00e9dification de la confiance des Marocains dans l\u2019avenir de leur pays ;<\/p>\n<p>\u2022 Trancher dans la mise en \u0153uvre des principes et des dispositions constitutionnelles d\u00e9mocratiques et rompre avec l\u2019h\u00e9sitation d\u2019aller de l\u2019avant dans ce sens et d\u2019en assumer les charges et les suites ;<\/p>\n<p>\u2022 Veiller \u00e0 la mise en \u0153uvre de la d\u00e9mocratie participative sans tergiversation, retour en arri\u00e8re ou retard ;<\/p>\n<p>\u2022 Renforcer le r\u00f4le des acteurs politiques, les t\u00e2ches et les pr\u00e9rogatives des institutions \u00e9lues, assurer un v\u00e9ritable \u00e9quilibre des pouvoirs et reconnaitre \u00e0 ces intervenants la capacit\u00e9 de conduire le processus du changement ;<\/p>\n<p>\u2022 Garantir l\u2019exercice des libert\u00e9s individuelles et collectives dans un cadre d\u2019appropriation cr\u00e9ative de la dualit\u00e9 et de la dialectique des droits et des devoirs et adopter le principe de l\u2019\u00e9galit\u00e9 sous toutes ses formes et \u00e0 tous les niveaux ;<\/p>\n<p>\u2022 R\u00e9habiliter l\u2019action politique dans sa fonction d\u2019encadrement et de leadership et r\u00e9aliser une v\u00e9ritable r\u00e9conciliation entre le citoyen et la chose politique tout en veillant \u00e0 la cr\u00e9dibilit\u00e9 et l\u2019ind\u00e9pendance des partis politiques.<\/p>\n<p>Auteur: M&rsquo;hammed rahal<br \/>\n<a href=\"http:\/\/albayane.press.ma\/84199.html\">Cliquez ici pour lire l&rsquo;article depuis sa source.<\/a><\/p>\n","protected":false},"excerpt":{"rendered":"<p>En r\u00e9ponse \u00e0 l\u2019appel de Sa Majest\u00e9 le Roi Mohammed VI, le Parti du progr\u00e8s et du socialisme pr\u00e9sente ce m\u00e9morandum contenant sa vision et ses propositions relatives au nouveau mod\u00e8le de d\u00e9veloppement, en partant des dispositions de la Constitution et de son r\u00e9f\u00e9rentiel progressiste et socialiste et en se basant sur l\u2019accumulation de sa [&hellip;]<\/p>\n","protected":false},"author":1760,"featured_media":72530,"comment_status":"closed","ping_status":"closed","sticky":false,"template":"","format":"standard","meta":{"fifu_image_url":"","fifu_image_alt":"","footnotes":""},"categories":[73,54],"tags":[],"class_list":["post-72529","post","type-post","status-publish","format-standard","has-post-thumbnail","hentry","category-actualite","category-maroc"],"_links":{"self":[{"href":"https:\/\/linitiative.ca\/International\/wp-json\/wp\/v2\/posts\/72529","targetHints":{"allow":["GET"]}}],"collection":[{"href":"https:\/\/linitiative.ca\/International\/wp-json\/wp\/v2\/posts"}],"about":[{"href":"https:\/\/linitiative.ca\/International\/wp-json\/wp\/v2\/types\/post"}],"author":[{"embeddable":true,"href":"https:\/\/linitiative.ca\/International\/wp-json\/wp\/v2\/users\/1760"}],"replies":[{"embeddable":true,"href":"https:\/\/linitiative.ca\/International\/wp-json\/wp\/v2\/comments?post=72529"}],"version-history":[{"count":0,"href":"https:\/\/linitiative.ca\/International\/wp-json\/wp\/v2\/posts\/72529\/revisions"}],"wp:featuredmedia":[{"embeddable":true,"href":"https:\/\/linitiative.ca\/International\/wp-json\/"}],"wp:attachment":[{"href":"https:\/\/linitiative.ca\/International\/wp-json\/wp\/v2\/media?parent=72529"}],"wp:term":[{"taxonomy":"category","embeddable":true,"href":"https:\/\/linitiative.ca\/International\/wp-json\/wp\/v2\/categories?post=72529"},{"taxonomy":"post_tag","embeddable":true,"href":"https:\/\/linitiative.ca\/International\/wp-json\/wp\/v2\/tags?post=72529"}],"curies":[{"name":"wp","href":"https:\/\/api.w.org\/{rel}","templated":true}]}}