{"id":72536,"date":"2020-01-09T13:04:47","date_gmt":"2020-01-09T18:04:47","guid":{"rendered":"https:\/\/linitiative.ca\/International\/semaine-du-patrimoine-culturel-amazigh-a-el-tarf-15-wilayas-a-la-3e-edition\/"},"modified":"2020-01-09T13:04:47","modified_gmt":"2020-01-09T18:04:47","slug":"semaine-du-patrimoine-culturel-amazigh-a-el-tarf-15-wilayas-a-la-3e-edition","status":"publish","type":"post","link":"https:\/\/linitiative.ca\/International\/semaine-du-patrimoine-culturel-amazigh-a-el-tarf-15-wilayas-a-la-3e-edition\/","title":{"rendered":"Semaine du patrimoine culturel amazigh \u00e0 El Tarf: 15 wilayas \u00e0 la 3e \u00e9dition"},"content":{"rendered":"<div readability=\"41\">\n<p><strong>El TARF &#8211; La troisi\u00e8me \u00e9dition de la semaine culturelle du patrimoine amazigh pr\u00e9vue, \u00e0 El Tarf, du 12 au 18 janvier courant, dans le cadre des festivit\u00e9s marquant le nouvel an amazigh 2970, sera marqu\u00e9e par la participation d\u2019une quinzaine de wilayas, a indiqu\u00e9 jeudi \u00e0 l&rsquo;APS, le directeur local de la culture.<\/strong><\/p>\n<\/div>\n<div readability=\"96.4962901896\">\n<p>Organis\u00e9e par la direction locale de la culture, cette semaine propose un riche programme d&rsquo;activit\u00e9s devant se d\u00e9rouler simultan\u00e9ment \u00e0 la maison des jeunes Ahmed Betchine et \u00e0 la biblioth\u00e8que principale de la lecture publique Louise Fran\u00e7oise dite Belgacem Mabrouka, a d\u00e9clar\u00e9 M. Safi Adel, soulignant que Tizi-Ouzou, Bejaia, Batna, Annaba, Constantine entre autres seront au rendez-vous.<\/p>\n<p>Un \u00e9ventail d\u2019activit\u00e9s artisanales propres au patrimoine amazigh dont des mets culinaires, sucr\u00e9s et sal\u00e9s, mettant en relief les us et coutumes dans ce domaine, des livres traitant de th\u00e8mes divers en amazigh, des bijoux en argent et en corail, des huiles aromatiques et m\u00e9dicinales et autres produits artisanaux dont ceux de la vannerie, la poterie, la tapisserie, la bruy\u00e8re et la calligraphie, sera pr\u00e9sent\u00e9 au public, dans le cadre d\u2019une exposition artisanal s\u2019\u00e9talant sur sept jours, au niveau de la maison des jeunes.<\/p>\n<p>Des spectacles de danses folkloriques et diff\u00e9rents chants puis\u00e9s du terroir amazigh seront ex\u00e9cut\u00e9s par, entre autres, l\u2019association Touizi de danse et ballet de Tizi-Ouzou, l\u2019association Taziri de Merouana, l\u2019association de M\u2019Sila et la troupe Aissaoua Dendania d\u2019EL Tarf, a r\u00e9v\u00e9l\u00e9 le m\u00eame responsable.<\/p>\n<hr\/>\n<h3>Lire aussi:\u00a0<a href=\"http:\/\/www.aps.dz\/culture\/99832-yennayer-2970-la-wilaya-de-tipaza-abritera-les-festivites-officielles-et-nationales\" target=\"_blank\" rel=\"noopener noreferrer\">Yennayer 2970: la wilaya de Tipaza abritera les festivit\u00e9s officielles et nationales<\/a><\/h3>\n<hr\/>\n<p>Des artistes vers\u00e9s dans le chant amazigh animeront, \u00e9galement, des soir\u00e9es artistiques, au grand bonheur du public qui aura \u00e0 appr\u00e9cier des chanteurs de renomm\u00e9s \u00e0 l\u2019image de Boualem Chaker de Tizi-Ouzou et Mounir Merniz de la wilaya de M\u2019Sila, a-t-il soutenu.<\/p>\n<p>Selon M. Saifi, des ateliers d&rsquo;initiation aux dessins et \u00e0 la lecture pour enfants, lesquels auront aussi droit \u00e0 des spectacles de th\u00e9\u00e2tres et clowns, seront au menu de cette manifestation culturelle qui pr\u00e9voit, par ailleurs, des conf\u00e9rences d\u00e9di\u00e9es \u00e0 cette date symbole de Yennayer et \u00e0 la culture amazighe, anim\u00e9es par des enseignants de l\u2019universit\u00e9 Chadli Bendjedid d\u2019EL Tarf.<\/p>\n<p>Des sorties \u00e0 des sites historiques existants dans cette wilaya frontali\u00e8re \u00e0 l\u2019image de la Zaou\u00efa \u00ab\u00a0Dendane\u00a0\u00bb, sise dans la commune de Besbes, Bordj Nem, \u00e0 Dr\u00e9an ainsi que le palais Lalla Fatma \u00e0 Ayoune, le parc animalier de Brabtia et la r\u00e9serve de Tonga (El Kala), sont, d\u2019autre part, propos\u00e9es dans le cadre de cette semaine culturelle de Yennayer, a conclu la m\u00eame source.<\/p>\n<\/div>\n<p>Auteur:<br \/>\n<a href=\"http:\/\/www.aps.dz\/culture\/99936-semaine-du-patrimoine-culturel-amazigh-a-el-tarf-15-wilayas-a-la-3e-edition\">Cliquez ici pour lire l&rsquo;article depuis sa source.<\/a><\/p>\n","protected":false},"excerpt":{"rendered":"<p>El TARF &#8211; La troisi\u00e8me \u00e9dition de la semaine culturelle du patrimoine amazigh pr\u00e9vue, \u00e0 El Tarf, du 12 au 18 janvier courant, dans le cadre des festivit\u00e9s marquant le nouvel an amazigh 2970, sera marqu\u00e9e par la participation d\u2019une quinzaine de wilayas, a indiqu\u00e9 jeudi \u00e0 l&rsquo;APS, le directeur local de la culture. Organis\u00e9e [&hellip;]<\/p>\n","protected":false},"author":1790,"featured_media":0,"comment_status":"closed","ping_status":"closed","sticky":false,"template":"","format":"standard","meta":{"fifu_image_url":"","fifu_image_alt":"","footnotes":""},"categories":[53,79],"tags":[],"class_list":["post-72536","post","type-post","status-publish","format-standard","hentry","category-algerie","category-culture"],"_links":{"self":[{"href":"https:\/\/linitiative.ca\/International\/wp-json\/wp\/v2\/posts\/72536","targetHints":{"allow":["GET"]}}],"collection":[{"href":"https:\/\/linitiative.ca\/International\/wp-json\/wp\/v2\/posts"}],"about":[{"href":"https:\/\/linitiative.ca\/International\/wp-json\/wp\/v2\/types\/post"}],"author":[{"embeddable":true,"href":"https:\/\/linitiative.ca\/International\/wp-json\/wp\/v2\/users\/1790"}],"replies":[{"embeddable":true,"href":"https:\/\/linitiative.ca\/International\/wp-json\/wp\/v2\/comments?post=72536"}],"version-history":[{"count":0,"href":"https:\/\/linitiative.ca\/International\/wp-json\/wp\/v2\/posts\/72536\/revisions"}],"wp:attachment":[{"href":"https:\/\/linitiative.ca\/International\/wp-json\/wp\/v2\/media?parent=72536"}],"wp:term":[{"taxonomy":"category","embeddable":true,"href":"https:\/\/linitiative.ca\/International\/wp-json\/wp\/v2\/categories?post=72536"},{"taxonomy":"post_tag","embeddable":true,"href":"https:\/\/linitiative.ca\/International\/wp-json\/wp\/v2\/tags?post=72536"}],"curies":[{"name":"wp","href":"https:\/\/api.w.org\/{rel}","templated":true}]}}