{"id":72540,"date":"2020-01-09T05:00:00","date_gmt":"2020-01-09T10:00:00","guid":{"rendered":"https:\/\/linitiative.ca\/International\/la-famille-acherfouche-celebre-la-liberation-de-son-fils\/"},"modified":"2020-01-09T05:00:00","modified_gmt":"2020-01-09T10:00:00","slug":"la-famille-acherfouche-celebre-la-liberation-de-son-fils","status":"publish","type":"post","link":"https:\/\/linitiative.ca\/International\/la-famille-acherfouche-celebre-la-liberation-de-son-fils\/","title":{"rendered":"La famille Acherfouche c\u00e9l\u00e8bre la lib\u00e9ration de son fils"},"content":{"rendered":"<div id=\"originalText\" readability=\"43\">\n<p>La\u00a0 lib\u00e9ration\u00a0 du\u00a0 d\u00e9tenu\u00a0 d\u2019opinion\u00a0 Amar\u00a0 Acherfouche\u00a0 a\u00a0 \u00e9t\u00e9 c\u00e9l\u00e9br\u00e9e, mardi,\u00a0 avec la population de Tigzirt et des r\u00e9gions environnantes, r\u00e9unie autour d\u2019un couscous offert par la famille de l\u2019ex-d\u00e9tenu d\u2019El-Harrach. C\u2019est dans une joie indescriptible et une convivialit\u00e9 in\u00e9galable que des milliers de citoyens, en plus des \u00e9lus du RCD, du FFS ou encore des ex-d\u00e9tenus d\u2019opinion, comme Bilel Bacha, Sofiane Bababci et Arezki Chami, que la fiesta s\u2019est d\u00e9roul\u00e9e au grand bonheur de toute la localit\u00e9 de Tigzirt qui retrouve l\u2019un des siens.<\/p>\n<\/div>\n<div id=\"text_core\" readability=\"43\">\n<p>La\u00a0 lib\u00e9ration\u00a0 du\u00a0 d\u00e9tenu\u00a0 d\u2019opinion\u00a0 Amar\u00a0 Acherfouche\u00a0 a\u00a0 \u00e9t\u00e9 c\u00e9l\u00e9br\u00e9e, mardi,\u00a0 avec la population de Tigzirt et des r\u00e9gions environnantes, r\u00e9unie autour d\u2019un couscous offert par la famille de l\u2019ex-d\u00e9tenu d\u2019El-Harrach. C\u2019est dans une joie indescriptible et une convivialit\u00e9 in\u00e9galable que des milliers de citoyens, en plus des \u00e9lus du RCD, du FFS ou encore des ex-d\u00e9tenus d\u2019opinion, comme Bilel Bacha, Sofiane Bababci et Arezki Chami, que la fiesta s\u2019est d\u00e9roul\u00e9e au grand bonheur de toute la localit\u00e9 de Tigzirt qui retrouve l\u2019un des siens.<\/p>\n<\/div>\n<p>Auteur:<br \/>\n<a href=\"https:\/\/www.liberte-algerie.com\/radar\/la-famille-acherfouche-celebre-la-liberation-de-son-fils-331617\">Cliquez ici pour lire l&rsquo;article depuis sa source.<\/a><\/p>\n","protected":false},"excerpt":{"rendered":"<p>La\u00a0 lib\u00e9ration\u00a0 du\u00a0 d\u00e9tenu\u00a0 d\u2019opinion\u00a0 Amar\u00a0 Acherfouche\u00a0 a\u00a0 \u00e9t\u00e9 c\u00e9l\u00e9br\u00e9e, mardi,\u00a0 avec la population de Tigzirt et des r\u00e9gions environnantes, r\u00e9unie autour d\u2019un couscous offert par la famille de l\u2019ex-d\u00e9tenu d\u2019El-Harrach. C\u2019est dans une joie indescriptible et une convivialit\u00e9 in\u00e9galable que des milliers de citoyens, en plus des \u00e9lus du RCD, du FFS ou encore [&hellip;]<\/p>\n","protected":false},"author":1742,"featured_media":0,"comment_status":"closed","ping_status":"closed","sticky":false,"template":"","format":"standard","meta":{"fifu_image_url":"","fifu_image_alt":"","footnotes":""},"categories":[73,53],"tags":[],"class_list":["post-72540","post","type-post","status-publish","format-standard","hentry","category-actualite","category-algerie"],"_links":{"self":[{"href":"https:\/\/linitiative.ca\/International\/wp-json\/wp\/v2\/posts\/72540","targetHints":{"allow":["GET"]}}],"collection":[{"href":"https:\/\/linitiative.ca\/International\/wp-json\/wp\/v2\/posts"}],"about":[{"href":"https:\/\/linitiative.ca\/International\/wp-json\/wp\/v2\/types\/post"}],"author":[{"embeddable":true,"href":"https:\/\/linitiative.ca\/International\/wp-json\/wp\/v2\/users\/1742"}],"replies":[{"embeddable":true,"href":"https:\/\/linitiative.ca\/International\/wp-json\/wp\/v2\/comments?post=72540"}],"version-history":[{"count":0,"href":"https:\/\/linitiative.ca\/International\/wp-json\/wp\/v2\/posts\/72540\/revisions"}],"wp:attachment":[{"href":"https:\/\/linitiative.ca\/International\/wp-json\/wp\/v2\/media?parent=72540"}],"wp:term":[{"taxonomy":"category","embeddable":true,"href":"https:\/\/linitiative.ca\/International\/wp-json\/wp\/v2\/categories?post=72540"},{"taxonomy":"post_tag","embeddable":true,"href":"https:\/\/linitiative.ca\/International\/wp-json\/wp\/v2\/tags?post=72540"}],"curies":[{"name":"wp","href":"https:\/\/api.w.org\/{rel}","templated":true}]}}