{"id":72541,"date":"2020-01-09T05:00:00","date_gmt":"2020-01-09T10:00:00","guid":{"rendered":"https:\/\/linitiative.ca\/International\/une-cancereuse-a-tente-de-mettre-fin-a-ses-jours\/"},"modified":"2020-01-09T05:00:00","modified_gmt":"2020-01-09T10:00:00","slug":"une-cancereuse-a-tente-de-mettre-fin-a-ses-jours","status":"publish","type":"post","link":"https:\/\/linitiative.ca\/International\/une-cancereuse-a-tente-de-mettre-fin-a-ses-jours\/","title":{"rendered":"Une canc\u00e9reuse a tent\u00e9 de mettre fin \u00e0 ses jours"},"content":{"rendered":"<div id=\"originalText\" readability=\"49\">\n<p>Une jeune femme canc\u00e9reuse a tent\u00e9, mardi, de mettre fin \u00e0 ses jours devant l\u2019entr\u00e9e du Centre anti-canc\u00e9reux (CAC) de Hassi, apr\u00e8s avoir \u00e9t\u00e9 inform\u00e9e que sa s\u00e9ance de radioth\u00e9rapie avait \u00e9t\u00e9 report\u00e9e.<\/p>\n<p>Selon une source proche du CHU d\u2019Oran, la victime s\u2019est donn\u00e9 un coup de couteau au ventre avant d\u2019\u00eatre transf\u00e9r\u00e9e au pavillon de chirurgie g\u00e9n\u00e9rale dudit CHU o\u00f9 elle a \u00e9t\u00e9 imm\u00e9diatement op\u00e9r\u00e9e.<\/p>\n<p>Ses jours ne sont pas en danger, certes, mais le fait est l\u00e0 et interpelle les consciences. Car ce n\u2019est pas la premi\u00e8re fois que le CAC est associ\u00e9 \u00e0 ce genre de scandales. La tentative de suicide d\u2019une canc\u00e9reuse am\u00e8nera peut-\u00eatre les responsables de la sant\u00e9 \u00e0 se pencher plus s\u00e9rieusement sur le dossier du CAC.<\/p>\n<\/div>\n<div id=\"text_core\" readability=\"49\">\n<p>Une jeune femme canc\u00e9reuse a tent\u00e9, mardi, de mettre fin \u00e0 ses jours devant l\u2019entr\u00e9e du Centre anti-canc\u00e9reux (CAC) de Hassi, apr\u00e8s avoir \u00e9t\u00e9 inform\u00e9e que sa s\u00e9ance de radioth\u00e9rapie avait \u00e9t\u00e9 report\u00e9e.<\/p>\n<p>Selon une source proche du CHU d\u2019Oran, la victime s\u2019est donn\u00e9 un coup de couteau au ventre avant d\u2019\u00eatre transf\u00e9r\u00e9e au pavillon de chirurgie g\u00e9n\u00e9rale dudit CHU o\u00f9 elle a \u00e9t\u00e9 imm\u00e9diatement op\u00e9r\u00e9e.<\/p>\n<p>Ses jours ne sont pas en danger, certes, mais le fait est l\u00e0 et interpelle les consciences. Car ce n\u2019est pas la premi\u00e8re fois que le CAC est associ\u00e9 \u00e0 ce genre de scandales. La tentative de suicide d\u2019une canc\u00e9reuse am\u00e8nera peut-\u00eatre les responsables de la sant\u00e9 \u00e0 se pencher plus s\u00e9rieusement sur le dossier du CAC.<\/p>\n<\/div>\n<p>Auteur:<br \/>\n<a href=\"https:\/\/www.liberte-algerie.com\/radar\/une-cancereuse-a-tente-de-mettre-fin-a-ses-jours-331616\">Cliquez ici pour lire l&rsquo;article depuis sa source.<\/a><\/p>\n","protected":false},"excerpt":{"rendered":"<p>Une jeune femme canc\u00e9reuse a tent\u00e9, mardi, de mettre fin \u00e0 ses jours devant l\u2019entr\u00e9e du Centre anti-canc\u00e9reux (CAC) de Hassi, apr\u00e8s avoir \u00e9t\u00e9 inform\u00e9e que sa s\u00e9ance de radioth\u00e9rapie avait \u00e9t\u00e9 report\u00e9e. Selon une source proche du CHU d\u2019Oran, la victime s\u2019est donn\u00e9 un coup de couteau au ventre avant d\u2019\u00eatre transf\u00e9r\u00e9e au pavillon [&hellip;]<\/p>\n","protected":false},"author":1742,"featured_media":0,"comment_status":"closed","ping_status":"closed","sticky":false,"template":"","format":"standard","meta":{"fifu_image_url":"","fifu_image_alt":"","footnotes":""},"categories":[73,53],"tags":[],"class_list":["post-72541","post","type-post","status-publish","format-standard","hentry","category-actualite","category-algerie"],"_links":{"self":[{"href":"https:\/\/linitiative.ca\/International\/wp-json\/wp\/v2\/posts\/72541","targetHints":{"allow":["GET"]}}],"collection":[{"href":"https:\/\/linitiative.ca\/International\/wp-json\/wp\/v2\/posts"}],"about":[{"href":"https:\/\/linitiative.ca\/International\/wp-json\/wp\/v2\/types\/post"}],"author":[{"embeddable":true,"href":"https:\/\/linitiative.ca\/International\/wp-json\/wp\/v2\/users\/1742"}],"replies":[{"embeddable":true,"href":"https:\/\/linitiative.ca\/International\/wp-json\/wp\/v2\/comments?post=72541"}],"version-history":[{"count":0,"href":"https:\/\/linitiative.ca\/International\/wp-json\/wp\/v2\/posts\/72541\/revisions"}],"wp:attachment":[{"href":"https:\/\/linitiative.ca\/International\/wp-json\/wp\/v2\/media?parent=72541"}],"wp:term":[{"taxonomy":"category","embeddable":true,"href":"https:\/\/linitiative.ca\/International\/wp-json\/wp\/v2\/categories?post=72541"},{"taxonomy":"post_tag","embeddable":true,"href":"https:\/\/linitiative.ca\/International\/wp-json\/wp\/v2\/tags?post=72541"}],"curies":[{"name":"wp","href":"https:\/\/api.w.org\/{rel}","templated":true}]}}