{"id":72544,"date":"2020-01-09T11:10:15","date_gmt":"2020-01-09T16:10:15","guid":{"rendered":"https:\/\/linitiative.ca\/International\/collecte-des-dechets-menagers-87-points-noirs-recenses-a-oran\/"},"modified":"2020-01-09T11:10:15","modified_gmt":"2020-01-09T16:10:15","slug":"collecte-des-dechets-menagers-87-points-noirs-recenses-a-oran","status":"publish","type":"post","link":"https:\/\/linitiative.ca\/International\/collecte-des-dechets-menagers-87-points-noirs-recenses-a-oran\/","title":{"rendered":"Collecte des d\u00e9chets m\u00e9nagers: 87 points noirs recens\u00e9s \u00e0 Oran"},"content":{"rendered":"<div readability=\"36\">\n<p><strong>ORAN- La premi\u00e8re partie du sch\u00e9ma directeur de la gestion des d\u00e9chets m\u00e9nagers et assimil\u00e9s de la wilaya d\u2019Oran, pr\u00e9sent\u00e9e jeudi au si\u00e8ge de la wilaya, fait ressortir que la commune d\u2019Oran compte \u00e0 elle seule 87 d\u00e9potoirs sauvages.<\/strong><\/p>\n<\/div>\n<div readability=\"95.9194926937\">\n<p>Il s\u2019agit d\u2019une premi\u00e8re partie du sch\u00e9ma directeur de la gestion des d\u00e9chets m\u00e9nagers et assimil\u00e9s, r\u00e9alis\u00e9e par l\u2019Agence nationale des d\u00e9chets (AND), qui concerne la commune d\u2019Oran, en attendant son \u00e9largissement pour faire un \u00e9tat des lieux de la gestion des d\u00e9chets dans l\u2019ensemble des communes de la wilaya.<\/p>\n<blockquote readability=\"10\">\n<p><em><strong>L&rsquo;\u00e9tude a r\u00e9v\u00e9l\u00e9 plusieurs dysfonctionnements dans la collecte des d\u00e9chets au niveau de la commune d\u2019Oran qui se r\u00e9percutent n\u00e9gativement sur l\u2019environnement, faisant savoir que la commune d\u2019Oran produit 550 tonnes de d\u00e9chets par jour et que 86% de ce volume de d\u00e9chets est lev\u00e9 par les agents de collecte et 14% restent dans la nature, soit 77 tonnes par jour.<\/strong><\/em><\/p>\n<\/blockquote>\n<p>L\u2019expos\u00e9 met, par ailleurs, le doigt sur un probl\u00e8me de taille, \u00e0 savoir les chiffres ne refl\u00e8tent pas souvent la r\u00e9alit\u00e9 du terrain. A titre d&rsquo;exemple, l\u2019\u00e9tude de l\u2019AND r\u00e9v\u00e8le que la commune d\u2019Oran paye les salaires pour 3.378 agents de collecte, alors que le P\/APC assure qu\u2019il n\u2019a que 442 sur le terrain.<\/p>\n<p>Le wali d\u2019Oran, Abdelkader Djellaoui, qui a pr\u00e9sid\u00e9 l\u2019exposition de l\u2019\u00e9tude en pr\u00e9sence des diff\u00e9rents acteurs impliqu\u00e9s dans la gestion des d\u00e9chets \u00e0 Oran, a ordonn\u00e9 la mise en place d\u2019une commission pour d\u00e9finir le nombre r\u00e9el des agents responsables de la collecte des d\u00e9chets dans la commune d\u2019Oran, d\u00e9clarant qu'\u00a0\u00bbil est n\u00e9cessaire d\u2019assainir le secteur.<\/p>\n<p>Il est inadmissible qu\u2019il y ait 2.936 agents pay\u00e9s sans accomplir le travail qui leur incombe.\u00a0\u00bb<\/p>\n<hr\/>\n<p><strong>Lire aussi:<\/strong> <a href=\"http:\/\/www.aps.dz\/regions\/97362-le-projet-de-la-gestion-integree-des-dechets-menagers-en-debat-a-oran\">Le projet de la \u00ab\u00a0gestion int\u00e9gr\u00e9e des d\u00e9chets m\u00e9nagers\u00a0\u00bb en d\u00e9bat \u00e0 Oran<\/a><\/p>\n<hr\/>\n<p>Le repr\u00e9sentant de l\u2019AND, Mohamed Mancer, qui a expos\u00e9 l&rsquo;\u00e9tude, a estim\u00e9 que la commune d\u2019Oran dispose de moyens humains et mat\u00e9riels lui permettant de r\u00e9ussir la collecte des d\u00e9chets m\u00e9nagers, faisant remarquer que la centaine de camion mobilis\u00e9s pour la collecte font une seule rotation par jour au lieu de deux et ne remplissent qu\u2019en partie des bennes tasseuses et que les agents pay\u00e9s pour 6 heures par jour, ne travaillent en d\u00e9finitive que 2 heures sur 24 en moyenne.<\/p>\n<blockquote readability=\"11\">\n<p><em><strong>Le wali a, par ailleurs, instruit son ex\u00e9cutif \u00e0 opter pour l\u2019implantation de centres de transitions pour compacter les d\u00e9chets avant de les acheminer vers les centres d\u2019enfouissement technique (CET). Il s\u2019agit de centres o\u00f9 transitent les d\u00e9chets pour les compacter avec des machines et r\u00e9duire leurs volumes avant d&rsquo;aboutir aux CET. Ils ont pour avantage de r\u00e9duire le co\u00fbt de la collecte des d\u00e9chets, a-t-on soulign\u00e9.<\/strong><\/em><\/p>\n<\/blockquote>\n<p>S\u2019agissant de la valorisation des d\u00e9chets, l\u2019\u00e9tude a r\u00e9v\u00e9l\u00e9 que l\u2019\u00e9quivalent de 2 milliards de dinars de plastique et 1.4 milliard de dinars de carton sont enfouis dans les CET.<\/p>\n<p>Concernant le recouvrement de la taxe d\u2019enl\u00e8vement des ordures m\u00e9nag\u00e8res (TEOM), l\u2019\u00e9tude indique que le recouvrement maximal de cette taxe peut rapporter jusqu\u2019\u00e0 1.3 milliard de dinars \u00e0 la commune d\u2019Oran. Le taux de recouvrement est estim\u00e9 \u00e0 z\u00e9ro pour l\u2019instant.<\/p>\n<blockquote readability=\"8\">\n<p><em><strong>A\u00a0 ce propos, le wali d\u2019Oran a estim\u00e9 qu\u2019il est possible d\u2019inclure cette taxe dans les factures d\u2019\u00e9lectricit\u00e9 ou de l\u2019eau. Une proposition qu\u2019il s&rsquo;est engag\u00e9 \u00e0 soumettre au Premier ministre.<\/strong><\/em><\/p>\n<\/blockquote>\n<p>Au sujets d&rsquo;autres taxes qui impliquent les commer\u00e7ants et les industriels, il a instruit la direction de l\u2019environnement de commencer par les unit\u00e9s industrielles via une commission mixte avec la direction de l\u2019industrie.<\/p>\n<p>L\u2019\u00e9tude a comport\u00e9 10 recommandations en mesure de palier aux d\u00e9faillances enregistr\u00e9es et ainsi garantir une meilleure gestion des d\u00e9chets dans la commune d\u2019Oran.<\/p>\n<\/div>\n<p>Auteur:<br \/>\n<a href=\"http:\/\/www.aps.dz\/regions\/99939-collecte-des-dechets-menagers-87-points-noirs-recenses-a-oran\">Cliquez ici pour lire l&rsquo;article depuis sa source.<\/a><\/p>\n","protected":false},"excerpt":{"rendered":"<p>ORAN- La premi\u00e8re partie du sch\u00e9ma directeur de la gestion des d\u00e9chets m\u00e9nagers et assimil\u00e9s de la wilaya d\u2019Oran, pr\u00e9sent\u00e9e jeudi au si\u00e8ge de la wilaya, fait ressortir que la commune d\u2019Oran compte \u00e0 elle seule 87 d\u00e9potoirs sauvages. Il s\u2019agit d\u2019une premi\u00e8re partie du sch\u00e9ma directeur de la gestion des d\u00e9chets m\u00e9nagers et assimil\u00e9s, [&hellip;]<\/p>\n","protected":false},"author":1790,"featured_media":0,"comment_status":"closed","ping_status":"closed","sticky":false,"template":"","format":"standard","meta":{"fifu_image_url":"","fifu_image_alt":"","footnotes":""},"categories":[53,76],"tags":[],"class_list":["post-72544","post","type-post","status-publish","format-standard","hentry","category-algerie","category-regions"],"_links":{"self":[{"href":"https:\/\/linitiative.ca\/International\/wp-json\/wp\/v2\/posts\/72544","targetHints":{"allow":["GET"]}}],"collection":[{"href":"https:\/\/linitiative.ca\/International\/wp-json\/wp\/v2\/posts"}],"about":[{"href":"https:\/\/linitiative.ca\/International\/wp-json\/wp\/v2\/types\/post"}],"author":[{"embeddable":true,"href":"https:\/\/linitiative.ca\/International\/wp-json\/wp\/v2\/users\/1790"}],"replies":[{"embeddable":true,"href":"https:\/\/linitiative.ca\/International\/wp-json\/wp\/v2\/comments?post=72544"}],"version-history":[{"count":0,"href":"https:\/\/linitiative.ca\/International\/wp-json\/wp\/v2\/posts\/72544\/revisions"}],"wp:attachment":[{"href":"https:\/\/linitiative.ca\/International\/wp-json\/wp\/v2\/media?parent=72544"}],"wp:term":[{"taxonomy":"category","embeddable":true,"href":"https:\/\/linitiative.ca\/International\/wp-json\/wp\/v2\/categories?post=72544"},{"taxonomy":"post_tag","embeddable":true,"href":"https:\/\/linitiative.ca\/International\/wp-json\/wp\/v2\/tags?post=72544"}],"curies":[{"name":"wp","href":"https:\/\/api.w.org\/{rel}","templated":true}]}}