{"id":72545,"date":"2020-01-09T12:37:23","date_gmt":"2020-01-09T17:37:23","guid":{"rendered":"https:\/\/linitiative.ca\/International\/forum-adrar-2020-des-start-up-les-meilleures-innovations-de-jeunes-primees\/"},"modified":"2020-01-09T12:37:23","modified_gmt":"2020-01-09T17:37:23","slug":"forum-adrar-2020-des-start-up-les-meilleures-innovations-de-jeunes-primees","status":"publish","type":"post","link":"https:\/\/linitiative.ca\/International\/forum-adrar-2020-des-start-up-les-meilleures-innovations-de-jeunes-primees\/","title":{"rendered":"\u00ab\u00a0Forum Adrar-2020\u00a0\u00bb des start-up : les meilleures innovations de jeunes\u00a0 prim\u00e9es"},"content":{"rendered":"<div readability=\"33\">\n<p><strong>ADRAR &#8211; Les meilleures cr\u00e9ations et innovations de jeunes ayant pris part au \u00ab\u00a0Forum Adrar-2020\u00a0\u00bb des start-up ont \u00e9t\u00e9 prim\u00e9es jeudi.<\/strong><\/p>\n<\/div>\n<div readability=\"76\">\n<p>Le forum, organis\u00e9 \u00e0 l&rsquo;initiative de l\u2019agence de promotion de la petite et moyenne entreprise et la promotion de l\u2019innovation et la p\u00e9pini\u00e8re d\u2019Adrar, a montr\u00e9 une s\u00e9rie de r\u00e9alisations innovantes r\u00e9alis\u00e9es par les jeunes, \u00e0 l\u2019instar du mod\u00e8le d\u2019innovation d\u2019une barri\u00e8re automatique pour les entr\u00e9es d\u2019entreprises et d\u2019\u00e9tablissements, \u0153uvre de la stagiaire Narim\u00e8ne Bouazizi, de l\u2019Institut de formation professionnelle d\u2019Adrar, qui s\u2019est vue d\u00e9cerner la premi\u00e8re place pour sa r\u00e9alisation.<\/p>\n<p>Le deuxi\u00e8me prix est revenu au chercheur Touaba Oussama de l\u2019unit\u00e9 de recherches en \u00e9nergies renouvelables en milieu saharien pour son mod\u00e8le de v\u00e9hicule fonctionnant \u00e0 l\u2019\u00e9nergie solaire, alors que le 3\u00e8me prix a \u00e9t\u00e9 d\u00e9croch\u00e9 par Samira Khelifi pour son projet de production de miel de dattes.<\/p>\n<p>Outre les prix obtenus, les laur\u00e9ats ont \u00e9galement re\u00e7u des invitations de la part de l\u2019Institut national de la propri\u00e9t\u00e9 industrielle pour prendre part au Salon national des entreprises alg\u00e9riennes, pr\u00e9vu \u00e0 Alger, en vue de leur ouvrir les portes et leur permettre de d\u00e9velopper leurs projets innovants.<\/p>\n<blockquote readability=\"13\">\n<p><em><strong>Intervenant \u00e0 la c\u00e9r\u00e9monie de cl\u00f4ture du forum, le wali d\u2019Adrar, Hamou Bakkouche, a mis en exergue l\u2019importance que rev\u00eatent les start-up en tant que maillons essentiels pour le renforcement de l\u2019\u00e9conomie moderne, ax\u00e9e sur la num\u00e9risation, avant d\u2019appeler les organismes et op\u00e9rateurs \u00e9conomiques \u00e0 accorder davantage d\u2019int\u00e9r\u00eat \u00e0 ces entit\u00e9s prometteuses et \u00e0 les accompagner.<\/strong><\/em><\/p>\n<\/blockquote>\n<p>Forum Adrar-2020 a donn\u00e9 lieu \u00e9galement \u00e0 la mise sur pied d\u2019un concours \u00ab\u00a0le petit innovateur\u00a0\u00bb afin d\u2019encourager les jeunes cr\u00e9ateurs, leur permettre d\u2019exprimer leurs id\u00e9es et les accompagner dans ce domaine.<\/p>\n<p>Le concours a permis de primer les lyc\u00e9ennes de Tamentit (Sud d\u2019Adrar) Zineb Yousfi, Yasmine Benhammi Yasmine et Radja Slimani.<\/p>\n<p>Le directeur de la p\u00e9pini\u00e8re d\u2019Adrar, Hasnaoui Salem, a indiqu\u00e9 que le forum (5-9 janvier) est un espace appropri\u00e9 pour mettre en \u00e9vidence les perspectives prometteuses des start-up \u00e0 travers des ateliers et communications programm\u00e9s dans le sillage des nouvelles orientations des pouvoirs publics pour la cr\u00e9ation des m\u00e9canismes d&rsquo;accompagnement et de soutien des start-up et des innovateurs.<\/p>\n<\/div>\n<p>Auteur:<br \/>\n<a href=\"http:\/\/www.aps.dz\/regions\/99946-forum-adrar-2020-des-start-up-les-meilleures-innovations-de-jeunes-primees\">Cliquez ici pour lire l&rsquo;article depuis sa source.<\/a><\/p>\n","protected":false},"excerpt":{"rendered":"<p>ADRAR &#8211; Les meilleures cr\u00e9ations et innovations de jeunes ayant pris part au \u00ab\u00a0Forum Adrar-2020\u00a0\u00bb des start-up ont \u00e9t\u00e9 prim\u00e9es jeudi. Le forum, organis\u00e9 \u00e0 l&rsquo;initiative de l\u2019agence de promotion de la petite et moyenne entreprise et la promotion de l\u2019innovation et la p\u00e9pini\u00e8re d\u2019Adrar, a montr\u00e9 une s\u00e9rie de r\u00e9alisations innovantes r\u00e9alis\u00e9es par les [&hellip;]<\/p>\n","protected":false},"author":1790,"featured_media":0,"comment_status":"closed","ping_status":"closed","sticky":false,"template":"","format":"standard","meta":{"fifu_image_url":"","fifu_image_alt":"","footnotes":""},"categories":[53,76],"tags":[],"class_list":["post-72545","post","type-post","status-publish","format-standard","hentry","category-algerie","category-regions"],"_links":{"self":[{"href":"https:\/\/linitiative.ca\/International\/wp-json\/wp\/v2\/posts\/72545","targetHints":{"allow":["GET"]}}],"collection":[{"href":"https:\/\/linitiative.ca\/International\/wp-json\/wp\/v2\/posts"}],"about":[{"href":"https:\/\/linitiative.ca\/International\/wp-json\/wp\/v2\/types\/post"}],"author":[{"embeddable":true,"href":"https:\/\/linitiative.ca\/International\/wp-json\/wp\/v2\/users\/1790"}],"replies":[{"embeddable":true,"href":"https:\/\/linitiative.ca\/International\/wp-json\/wp\/v2\/comments?post=72545"}],"version-history":[{"count":0,"href":"https:\/\/linitiative.ca\/International\/wp-json\/wp\/v2\/posts\/72545\/revisions"}],"wp:attachment":[{"href":"https:\/\/linitiative.ca\/International\/wp-json\/wp\/v2\/media?parent=72545"}],"wp:term":[{"taxonomy":"category","embeddable":true,"href":"https:\/\/linitiative.ca\/International\/wp-json\/wp\/v2\/categories?post=72545"},{"taxonomy":"post_tag","embeddable":true,"href":"https:\/\/linitiative.ca\/International\/wp-json\/wp\/v2\/tags?post=72545"}],"curies":[{"name":"wp","href":"https:\/\/api.w.org\/{rel}","templated":true}]}}