{"id":72546,"date":"2020-01-09T13:28:35","date_gmt":"2020-01-09T18:28:35","guid":{"rendered":"https:\/\/linitiative.ca\/International\/alger-plus-de-30-hectares-ravages-par-les-incendies-en-2019\/"},"modified":"2020-01-09T13:28:35","modified_gmt":"2020-01-09T18:28:35","slug":"alger-plus-de-30-hectares-ravages-par-les-incendies-en-2019","status":"publish","type":"post","link":"https:\/\/linitiative.ca\/International\/alger-plus-de-30-hectares-ravages-par-les-incendies-en-2019\/","title":{"rendered":"Alger: plus de 30 hectares ravag\u00e9s par les incendies en 2019"},"content":{"rendered":"<div readability=\"37\">\n<p><strong>ALGER &#8211; Plus de 30 hectares de couvert v\u00e9g\u00e9tal ont \u00e9t\u00e9 d\u00e9truits par les feux de for\u00eat en 2019, \u00e0 travers les diff\u00e9rents sites forestiers de la wilaya d&rsquo;Alger, a indiqu\u00e9 jeudi la charg\u00e9e de l&rsquo;Information \u00e0 la Direction des for\u00eats et de la ceinture verte, Imane Saidi.<\/strong><\/p>\n<\/div>\n<div readability=\"109\">\n<p>Pr\u00e8s de 80 foyers de feu ont \u00e9t\u00e9 enregistr\u00e9s durant l&rsquo;ann\u00e9e pr\u00e9c\u00e9dente, ayant ravag\u00e9 plus de 30 hectares de couvert v\u00e9g\u00e9tal soit 26,5 hectares de for\u00eats et plus de 4 hectares de buissons et de broussailles, a pr\u00e9cis\u00e9 Mme Saidi \u00e0 l&rsquo;APS.<\/p>\n<p>La superficie globale ravag\u00e9e par les feux de for\u00eat en 2019 (plus de 30 hectares) a connu une hausse par rapport \u00e0 2018 qui a enregistr\u00e9 la destruction de plus de 4 hectares et le d\u00e9clenchement de 66 foyers d&rsquo;incendie, en d\u00e9pit des moyens mobilis\u00e9s et des efforts consentis durant la campagne de lutte contre les incendies et feux de for\u00eats.<\/p>\n<p>Selon la m\u00eame responsable, ces feux sont dus \u00ab\u00a0aux conditions climatiques marqu\u00e9es par la forte canicule qui favorise le d\u00e9clenchement de ces incendies\u00a0\u00bb et \u00ab\u00a0l&rsquo;inconscience de certains citoyens, en raison du jet anarchique des d\u00e9chets dans ces espaces verts\u00a0\u00bb.<\/p>\n<p>Le plus grand incendie enregistr\u00e9 a eu lieu le mois de juillet dernier au niveau de la for\u00eat de Bainem dans la commune de Hammamet (ouest d&rsquo;Alger), o\u00f9 une superficie globale de 25 hectares a \u00e9t\u00e9 ravag\u00e9e par le feu, soit pr\u00e8s de 80 % du bilan global des incendies recens\u00e9s \u00e0 Alger en 2019.<\/p>\n<p>Dans le cadre de leurs pr\u00e9rogatives de contr\u00f4le et de pr\u00e9vention, les agents de la police foresti\u00e8re relevant des services de la conservation des for\u00eats de wilaya ont \u00e9tabli, durant 2019, huit (8) proc\u00e8s-verbaux pour infraction et atteinte \u00e0 la for\u00eat, a rappel\u00e9 Mme Saidi.<\/p>\n<p>La plupart de ces cas d&rsquo;atteinte ont \u00e9t\u00e9 enregistr\u00e9s au niveau des sites forestiers du c\u00f4t\u00e9 ouest de la capitale, dont Bainem (Hammamet), C\u00e9leste (Bouzareah) et Zaatria \u00e0 Mahelma (Zeralda), a-t-elle ajout\u00e9.<\/p>\n<p>Le couvert v\u00e9g\u00e9tal de la wilaya d&rsquo;Alger subit plusieurs agressions telles que l&rsquo;abattage des arbres, les constructions illicites et le jet anarchique des d\u00e9chets, a fait savoir Mme Saidi.<\/p>\n<p>Par ailleurs, la responsable a fait \u00e9tat de la poursuite des op\u00e9rations de reboisement de plus de 300.000 arbustes de diff\u00e9rentes esp\u00e8ces (forestiers, d\u00e9coratifs et fruitiers), et ce jusqu&rsquo;au 21 mars prochain, au niveau de plusieurs sites forestiers et dans les zones urbaines et semi-urbaines de la capitale (cit\u00e9s, espaces verts et tout au long des axes d&rsquo;autoroutes), en sus d&rsquo;autres op\u00e9rations de reboisement organis\u00e9es lors des journ\u00e9es nationales et internationales de l&rsquo;environnement en vue d&rsquo;ancrer la culture de la protection de l&rsquo;environnement.<\/p>\n<p>L&rsquo;op\u00e9ration comprend \u00e9galement la plantation de plus de 130.000 arbustes fruitiers (de citrus et d&rsquo;oliviers) au niveau des parcs agricoles qui se veulent un espace-type r\u00e9unissant les fonctions r\u00e9cr\u00e9ative et agricole des espaces verts s\u00e9parant les agglom\u00e9rations urbaines, selon la responsable.<\/p>\n<p>La Direction des for\u00eats de la wilaya d&rsquo;Alger avait accord\u00e9, en 2019, deux d\u00e9cisions pour l&rsquo;ex\u00e9cution de battues administratives au niveau de Dou\u00e9ra et de Birtouta, en respectant les horaires de l&rsquo;ex\u00e9cution de ces op\u00e9rations.<\/p>\n<p>Pour rappel, le patrimoine forestier de la wilaya d&rsquo;Alger s&rsquo;\u00e9tend sur plus de 5000 ha de superficie, r\u00e9partis \u00e0 travers 113 sites forestiers, dont un nombre important se trouve au niveau des agglom\u00e9rations, soit une superficie estim\u00e9e entre 1 et 8 ha, alors que les grandes for\u00eats de la capitale s&rsquo;\u00e9tendent sur une superficie de 300 \u00e0 600 ha.<\/p>\n<\/div>\n<p>Auteur:<br \/>\n<a href=\"http:\/\/www.aps.dz\/regions\/99953-alger-plus-de-30-hectares-ravages-par-les-incendies-en-2019\">Cliquez ici pour lire l&rsquo;article depuis sa source.<\/a><\/p>\n","protected":false},"excerpt":{"rendered":"<p>ALGER &#8211; Plus de 30 hectares de couvert v\u00e9g\u00e9tal ont \u00e9t\u00e9 d\u00e9truits par les feux de for\u00eat en 2019, \u00e0 travers les diff\u00e9rents sites forestiers de la wilaya d&rsquo;Alger, a indiqu\u00e9 jeudi la charg\u00e9e de l&rsquo;Information \u00e0 la Direction des for\u00eats et de la ceinture verte, Imane Saidi. Pr\u00e8s de 80 foyers de feu ont [&hellip;]<\/p>\n","protected":false},"author":1790,"featured_media":0,"comment_status":"closed","ping_status":"closed","sticky":false,"template":"","format":"standard","meta":{"fifu_image_url":"","fifu_image_alt":"","footnotes":""},"categories":[53,76],"tags":[],"class_list":["post-72546","post","type-post","status-publish","format-standard","hentry","category-algerie","category-regions"],"_links":{"self":[{"href":"https:\/\/linitiative.ca\/International\/wp-json\/wp\/v2\/posts\/72546","targetHints":{"allow":["GET"]}}],"collection":[{"href":"https:\/\/linitiative.ca\/International\/wp-json\/wp\/v2\/posts"}],"about":[{"href":"https:\/\/linitiative.ca\/International\/wp-json\/wp\/v2\/types\/post"}],"author":[{"embeddable":true,"href":"https:\/\/linitiative.ca\/International\/wp-json\/wp\/v2\/users\/1790"}],"replies":[{"embeddable":true,"href":"https:\/\/linitiative.ca\/International\/wp-json\/wp\/v2\/comments?post=72546"}],"version-history":[{"count":0,"href":"https:\/\/linitiative.ca\/International\/wp-json\/wp\/v2\/posts\/72546\/revisions"}],"wp:attachment":[{"href":"https:\/\/linitiative.ca\/International\/wp-json\/wp\/v2\/media?parent=72546"}],"wp:term":[{"taxonomy":"category","embeddable":true,"href":"https:\/\/linitiative.ca\/International\/wp-json\/wp\/v2\/categories?post=72546"},{"taxonomy":"post_tag","embeddable":true,"href":"https:\/\/linitiative.ca\/International\/wp-json\/wp\/v2\/tags?post=72546"}],"curies":[{"name":"wp","href":"https:\/\/api.w.org\/{rel}","templated":true}]}}