{"id":72549,"date":"2020-01-08T18:25:17","date_gmt":"2020-01-08T23:25:17","guid":{"rendered":"https:\/\/linitiative.ca\/International\/unesco-lart-gnaoua-celebre-a-marrakech\/"},"modified":"2020-01-08T18:25:17","modified_gmt":"2020-01-08T23:25:17","slug":"unesco-lart-gnaoua-celebre-a-marrakech","status":"publish","type":"post","link":"https:\/\/linitiative.ca\/International\/unesco-lart-gnaoua-celebre-a-marrakech\/","title":{"rendered":"UNESCO: L\u2019art gnaoua c\u00e9l\u00e9br\u00e9 \u00e0 Marrakech"},"content":{"rendered":"<div readability=\"37\">\n<p>Marrakech \u2013 La ville de Marrakech a c\u00e9l\u00e9br\u00e9 mercredi, en grande pompe, l\u2019inscription de l\u2019art gnaoua sur la liste du patrimoine immat\u00e9riel de l\u2019UNESCO, le temps d\u2019une soir\u00e9e \u00e9clectique d\u00e9di\u00e9e \u00e0 cette facette de la culture et du savoir- faire artistique ancestral du Royaume.<\/p>\n<\/div>\n<div readability=\"111\">\n<p>Initi\u00e9e par l\u2019Association Yerma Gnaoua, l\u2019association Assalam Al Masrahi de Marrakech, outre plusieurs acteurs de la cit\u00e9 ocre, cette soir\u00e9e captivante a \u00e9t\u00e9 rehauss\u00e9e par la participation de plusieurs Ma\u00e2lems de renomm\u00e9e nationale, dont Ahmed Bakbou, Mustapha Bakbou, Abdelkebir Marchane, Mohamed Kouyou, Hassan Gadiri, Abdelkebir Ben Seloum et Eddahbi Moulay Ettayeb.<\/p>\n<p>Les m\u00e9lomanes des sonorit\u00e9s authentiques ont eu, ainsi, le privil\u00e8ge de vibrer, trois heures durant, aux rythmes et chants de cet art ancestral qui symbolise ce Maroc de la diversit\u00e9 et du pluralisme mais dans l\u2019unit\u00e9 et la symbiose.<\/p>\n<p>\u00ab\u00a0Si la ville d\u2019Essaouira est la porte ouverte des Gnaoua de tout le Maroc, la cit\u00e9 ocre au rayonnement international, a \u00e9t\u00e9 tr\u00e8s influenc\u00e9e par cette forme artistique, qui est tr\u00e8s pr\u00e9sente dans la sc\u00e8ne musicale locale\u00a0: A la mythique place de Jemaa Fna, comme dans les festivals et les soir\u00e9es artistiques organis\u00e9s \u00e0 Marrakech\u00a0\u00bb, a confi\u00e9 \u00e0 la MAP, le pr\u00e9sident de l\u2019Association Yerma Gnaoua, Abdeslam Alikane.<\/p>\n<p>\u00ab\u00a0Marrakech, cette ville charg\u00e9e d\u2019histoire et riche de son patrimoine mat\u00e9riel et immat\u00e9riel, a toujours \u00e9t\u00e9 un pont entre l\u2019Afrique et le Maroc, et de ce fait, repr\u00e9sente le lieu par excellence du multiculturalisme\u00a0\u00bb, a-t-il ajout\u00e9.<\/p>\n<p>M.Alikane a tenu \u00e9galement \u00e0 rappeler que cette reconnaissance vient couronner les efforts de plusieurs acteurs ayant milit\u00e9 pour l\u2019inscription de l\u2019art gnaoua sur la liste du patrimoine immat\u00e9riel de l\u2019UNESCO, relevant que cette inscription sur la liste du patrimoine de l\u2019UNESCO ouvre \u00e0 cette forme artistique les portes de l\u2019universalisme.<\/p>\n<p>Et de poursuivre que cette inscription incitera \u00e0 oeuvrer pour la r\u00e9alisation d\u2019un Mus\u00e9e d\u00e9di\u00e9 \u00e0 l\u2019art gnaoua et \u00e0 int\u00e9grer cette forme musicale dans les programmes dispens\u00e9s au sein des conservatoires et des instituts sp\u00e9cialis\u00e9s, afin d\u2019inciter les jeunes \u00e0 innover dans cet art, le pr\u00e9server et le d\u00e9velopper.<\/p>\n<p>L\u2019art Gnaoua, rappelle-t-on, a \u00e9t\u00e9 inscrit en d\u00e9cembre dernier \u00e0 Bogota, par le Comit\u00e9 intergouvernemental de sauvegarde du patrimoine culturel immat\u00e9riel de l\u2019Organisation des Nations Unies pour l\u2019Education, la Science et la Culture (UNESCO) sur la liste repr\u00e9sentative du patrimoine culturel immat\u00e9riel de l\u2019humanit\u00e9.<\/p>\n<p>L\u2019art Gnaoua vient s\u2019ajouter \u00e0 sept autres \u00e9l\u00e9ments du patrimoine national d\u00e9j\u00e0 inscrits sur cette liste \u00e0 savoir : \u00ab\u00a0L\u2019espace culturel de la place Jemaa el-Fna\u00a0\u00bb, \u00ab\u00a0Le Moussem de Tan-Tan\u00a0\u00bb, \u00ab\u00a0La di\u00e8te m\u00e9diterran\u00e9enne\u00a0\u00bb, \u00ab\u00a0La fauconnerie\u00a0\u00bb, \u00ab\u00a0Le festival des cerises de Sefrou\u00a0\u00bb, \u00ab\u00a0Les pratiques et savoir-faire li\u00e9s \u00e0 l\u2019arganier\u00a0\u00bb et \u00ab\u00a0La Taskiwin\u00a0\u00bb, danse martiale du Haut-Atlas occidental class\u00e9e comme \u00ab\u00a0n\u00e9cessitant une sauvegarde urgente\u00a0\u00bb.<\/p>\n<p>La liste repr\u00e9sentative du patrimoine culturel immat\u00e9riel de l\u2019humanit\u00e9 qui compte \u00e0 ce jour 429 \u00e9l\u00e9ments inscrits, vise \u00e0 assurer une plus grande visibilit\u00e9 aux pratiques culturelles et aux savoir-faire port\u00e9s par les communaut\u00e9s.<\/p>\n<\/div>\n<p>Auteur: Meriem IGASS<br \/>\n<a href=\"http:\/\/www.mapmarrakech.ma\/fr\/gnaoua-2\/\">Cliquez ici pour lire l&rsquo;article depuis sa source.<\/a><\/p>\n","protected":false},"excerpt":{"rendered":"<p>Marrakech \u2013 La ville de Marrakech a c\u00e9l\u00e9br\u00e9 mercredi, en grande pompe, l\u2019inscription de l\u2019art gnaoua sur la liste du patrimoine immat\u00e9riel de l\u2019UNESCO, le temps d\u2019une soir\u00e9e \u00e9clectique d\u00e9di\u00e9e \u00e0 cette facette de la culture et du savoir- faire artistique ancestral du Royaume. Initi\u00e9e par l\u2019Association Yerma Gnaoua, l\u2019association Assalam Al Masrahi de Marrakech, [&hellip;]<\/p>\n","protected":false},"author":1788,"featured_media":0,"comment_status":"closed","ping_status":"closed","sticky":false,"template":"","format":"standard","meta":{"fifu_image_url":"","fifu_image_alt":"","footnotes":""},"categories":[54,76],"tags":[],"class_list":["post-72549","post","type-post","status-publish","format-standard","hentry","category-maroc","category-regions"],"_links":{"self":[{"href":"https:\/\/linitiative.ca\/International\/wp-json\/wp\/v2\/posts\/72549","targetHints":{"allow":["GET"]}}],"collection":[{"href":"https:\/\/linitiative.ca\/International\/wp-json\/wp\/v2\/posts"}],"about":[{"href":"https:\/\/linitiative.ca\/International\/wp-json\/wp\/v2\/types\/post"}],"author":[{"embeddable":true,"href":"https:\/\/linitiative.ca\/International\/wp-json\/wp\/v2\/users\/1788"}],"replies":[{"embeddable":true,"href":"https:\/\/linitiative.ca\/International\/wp-json\/wp\/v2\/comments?post=72549"}],"version-history":[{"count":0,"href":"https:\/\/linitiative.ca\/International\/wp-json\/wp\/v2\/posts\/72549\/revisions"}],"wp:attachment":[{"href":"https:\/\/linitiative.ca\/International\/wp-json\/wp\/v2\/media?parent=72549"}],"wp:term":[{"taxonomy":"category","embeddable":true,"href":"https:\/\/linitiative.ca\/International\/wp-json\/wp\/v2\/categories?post=72549"},{"taxonomy":"post_tag","embeddable":true,"href":"https:\/\/linitiative.ca\/International\/wp-json\/wp\/v2\/tags?post=72549"}],"curies":[{"name":"wp","href":"https:\/\/api.w.org\/{rel}","templated":true}]}}