{"id":72550,"date":"2020-01-09T08:52:42","date_gmt":"2020-01-09T13:52:42","guid":{"rendered":"https:\/\/linitiative.ca\/International\/deux-conventions-de-partenariat-entre-luca-et-des-acteurs-locaux\/"},"modified":"2020-01-09T08:52:42","modified_gmt":"2020-01-09T13:52:42","slug":"deux-conventions-de-partenariat-entre-luca-et-des-acteurs-locaux","status":"publish","type":"post","link":"https:\/\/linitiative.ca\/International\/deux-conventions-de-partenariat-entre-luca-et-des-acteurs-locaux\/","title":{"rendered":"Deux conventions de partenariat entre l\u2019UCA et des acteurs locaux"},"content":{"rendered":"<div readability=\"39\">\n<p>Marrakech \u2013 Consciente de l\u2019importance de consolider son ouverture sur son environnement socio-\u00e9conomique, l\u2019Universit\u00e9 Cadi Ayyad a conclu, mercredi soir \u00e0 Marrakech, deux conventions de coop\u00e9ration avec des acteurs locaux notamment, Le Centre R\u00e9gional d\u2019Investissements (CRI) et l\u2019Acad\u00e9mie R\u00e9gionale de l\u2019Education et la Formation de Marrakech (AREF).<\/p>\n<\/div>\n<div readability=\"117\">\n<p>Ainsi, la premi\u00e8re convention sign\u00e9e par le Wali de la r\u00e9gion Marrakech-Safi, gouverneur de la pr\u00e9fecture de Marrakech, Karim Kassi-Lahlou, le pr\u00e9sident de l\u2019Universit\u00e9 Cadi Ayyad, Hassan Hbid, et le directeur du CRI de Marrakech-Safi, Yassine Mseffer, s\u2019inscrit dans le cadre de la mise en \u0153uvre du projet \u00ab\u00a0Soutenir l\u2019insertion \u00e9conomique des jeunes au Maroc\u00a0\u00bb, initi\u00e9 par la Banque Mondiale, et ayant pour objectif principal l\u2019am\u00e9lioration de l\u2019acc\u00e8s des jeunes \u00e0 des opportunit\u00e9s \u00e9conomiques dans la r\u00e9gion de Marrakech-Safi.<\/p>\n<p>Ladite convention vise le renforcement des capacit\u00e9s et la consolidation des efforts au sujet de la probl\u00e9matique de l\u2019employabilit\u00e9 des jeunes de la r\u00e9gion et s\u2019escompte le travail sur plusieurs axes d\u2019int\u00e9r\u00eats communs, notamment l\u2019int\u00e9gration \u00e9conomique et professionnelle des jeunes de la r\u00e9gion et particuli\u00e8rement, les laur\u00e9ats de l\u2019universit\u00e9, l\u2019am\u00e9lioration des comp\u00e9tences des entreprises de la r\u00e9gion, ainsi que leurs employ\u00e9s et la promotion de la coop\u00e9ration dans le domaine de la formation continue et de la formation initiale.<\/p>\n<p>Elle s\u2019assigne \u00e9galement pour objectif la constitution d\u2019un r\u00e9seau d\u2019experts \u00e9manant des deux structures partenaires afin de r\u00e9aliser des \u00e9tudes, des \u00e9valuations et des recherches dans les domaines de l\u2019insertion et l\u2019entrepreneuriat au niveau de la r\u00e9gion, l\u2019organisation conjointe de s\u00e9minaires et d\u2019autres activit\u00e9s scientifiques ou publiques \u00e0 int\u00e9r\u00eat bilat\u00e9ral, outre l\u2019\u00e9change de donn\u00e9es, publications et de documents.<\/p>\n<p>Quant \u00e0 la seconde convention de partenariat paraph\u00e9e par M. Hbid et le directeur de l\u2019AREF de Marrakech-Safi, M. Ahmed Karimi, elle repr\u00e9sente une anticipation des partenaires aux recommandations de la 33\u00e8me \u00e9dition du \u00ab\u00a0Congr\u00e8s international sur l\u2019efficacit\u00e9 et l\u2019am\u00e9lioration de l\u2019\u00e9cole\u00a0\u00bb qui se tient \u00e0 Marrakech du 6 au 10 janvier courant.<\/p>\n<p>Cette convention vise l\u2019activation et le renforcement de la concertation, de la coordination et de la coop\u00e9ration existante entre les deux parties afin de faire progresser le syst\u00e8me \u00e9ducatif dans le domaine de l\u2019\u00e9ducation, de la science, de la culture, de la sant\u00e9 et du sport.<\/p>\n<p>Elle s\u2019articule autour de plusieurs axes notamment, la promotion de la recherche scientifique et p\u00e9dagogique, afin de r\u00e9pondre aux enjeux et aux sp\u00e9cificit\u00e9s de la r\u00e9gion, de l\u2019universit\u00e9 et de l\u2019acad\u00e9mie, et ce, \u00e0 travers les structures disponibles au niveau r\u00e9gional et en coh\u00e9rence avec les chantiers et les programmes prioritaires existant et le renforcement de la coordination dans le domaine de l\u2019orientation.<\/p>\n<p>Ce partenariat permettra aussi de soutenir et d\u00e9velopper la formation continue, la formation par alternance et les stages des enseignants, afin de renforcer leur Soft Skills et leur Life Skills, de promouvoir les activit\u00e9s scientifiques, culturelles, artistiques et sportives, d\u2019organiser des colloques et conf\u00e9rences nationaux et internationaux, et de travailler en synergie, partager les exp\u00e9riences et mobiliser l\u2019intelligence collective.<\/p>\n<p>La c\u00e9r\u00e9monie de signature de ces deux conventions de partenariat a \u00e9t\u00e9 organis\u00e9e en marge d\u2019une conf\u00e9rence anim\u00e9e par le ministre de l\u2019Education nationale, de la Formation professionnelle, de l\u2019Enseignement sup\u00e9rieur et de la Recherche scientifique, Saa\u00efd Amzazi, sous le th\u00e8me \u00ab\u00a0Le nouveau syst\u00e8me p\u00e9dagogique et les d\u00e9fis de l\u2019employabilit\u00e9\u00a0\u00bb.<\/p>\n<p>Cette conf\u00e9rence s\u2019inscrit dans le cadre de la 6\u00e8me \u00e9dition du cycle des grandes Conf\u00e9rences \u00ab\u00a0Les Tribunes de Marrakech\u00a0\u00bb de l\u2019Universit\u00e9 Cadi Ayyad, qui compte aujourd\u2019hui une quarantaine de conf\u00e9rences anim\u00e9es par d\u2019\u00e9minentes personnalit\u00e9s du monde politique, scientifique et culturel de tous horizons.<\/p>\n<\/div>\n<p>Auteur: Meriem IGASS<br \/>\n<a href=\"http:\/\/www.mapmarrakech.ma\/fr\/conventions\/\">Cliquez ici pour lire l&rsquo;article depuis sa source.<\/a><\/p>\n","protected":false},"excerpt":{"rendered":"<p>Marrakech \u2013 Consciente de l\u2019importance de consolider son ouverture sur son environnement socio-\u00e9conomique, l\u2019Universit\u00e9 Cadi Ayyad a conclu, mercredi soir \u00e0 Marrakech, deux conventions de coop\u00e9ration avec des acteurs locaux notamment, Le Centre R\u00e9gional d\u2019Investissements (CRI) et l\u2019Acad\u00e9mie R\u00e9gionale de l\u2019Education et la Formation de Marrakech (AREF). Ainsi, la premi\u00e8re convention sign\u00e9e par le Wali [&hellip;]<\/p>\n","protected":false},"author":1788,"featured_media":0,"comment_status":"closed","ping_status":"closed","sticky":false,"template":"","format":"standard","meta":{"fifu_image_url":"","fifu_image_alt":"","footnotes":""},"categories":[54,76],"tags":[],"class_list":["post-72550","post","type-post","status-publish","format-standard","hentry","category-maroc","category-regions"],"_links":{"self":[{"href":"https:\/\/linitiative.ca\/International\/wp-json\/wp\/v2\/posts\/72550","targetHints":{"allow":["GET"]}}],"collection":[{"href":"https:\/\/linitiative.ca\/International\/wp-json\/wp\/v2\/posts"}],"about":[{"href":"https:\/\/linitiative.ca\/International\/wp-json\/wp\/v2\/types\/post"}],"author":[{"embeddable":true,"href":"https:\/\/linitiative.ca\/International\/wp-json\/wp\/v2\/users\/1788"}],"replies":[{"embeddable":true,"href":"https:\/\/linitiative.ca\/International\/wp-json\/wp\/v2\/comments?post=72550"}],"version-history":[{"count":0,"href":"https:\/\/linitiative.ca\/International\/wp-json\/wp\/v2\/posts\/72550\/revisions"}],"wp:attachment":[{"href":"https:\/\/linitiative.ca\/International\/wp-json\/wp\/v2\/media?parent=72550"}],"wp:term":[{"taxonomy":"category","embeddable":true,"href":"https:\/\/linitiative.ca\/International\/wp-json\/wp\/v2\/categories?post=72550"},{"taxonomy":"post_tag","embeddable":true,"href":"https:\/\/linitiative.ca\/International\/wp-json\/wp\/v2\/tags?post=72550"}],"curies":[{"name":"wp","href":"https:\/\/api.w.org\/{rel}","templated":true}]}}