{"id":72551,"date":"2020-01-09T10:37:55","date_gmt":"2020-01-09T15:37:55","guid":{"rendered":"https:\/\/linitiative.ca\/International\/demantelement-dun-reseau-criminel-dimmigration-illegale\/"},"modified":"2020-01-09T10:37:55","modified_gmt":"2020-01-09T15:37:55","slug":"demantelement-dun-reseau-criminel-dimmigration-illegale","status":"publish","type":"post","link":"https:\/\/linitiative.ca\/International\/demantelement-dun-reseau-criminel-dimmigration-illegale\/","title":{"rendered":"D\u00e9mant\u00e8lement d\u2019un r\u00e9seau criminel d\u2019immigration ill\u00e9gale"},"content":{"rendered":"<p class=\"c4\">Six individus, \u00e2g\u00e9s entre 22 et 51 ans, soup\u00e7onn\u00e9s de liens avec un r\u00e9seau criminel s\u2019activant dans l\u2019immigration ill\u00e9gale et la traite d\u2019\u00eatres humains, ont \u00e9t\u00e9 arr\u00eat\u00e9s jeudi lors d\u2019une op\u00e9ration s\u00e9curitaire conjointe men\u00e9e par des \u00e9l\u00e9ments de la police judiciaire de Nador et de Taourirt, sur la base d\u2019informations pr\u00e9cises fournies par les services de la Direction g\u00e9n\u00e9rale de la surveillance du territoire.<\/p>\n<p class=\"c4\">L\u2019op\u00e9ration, men\u00e9e d\u2019une mani\u00e8re simultan\u00e9e, a permis l\u2019interpellation du chauffeur d\u2019un camion de transport routier de marchandises au niveau de la gare de p\u00e9age de Taourirt, indique un communiqu\u00e9 de la Direction g\u00e9n\u00e9rale de la s\u00fbret\u00e9 nationale (DGSN), pr\u00e9cisant qu\u2019outre des produits alimentaires, le camion transportait deux embarcations pneumatiques.<\/p>\n<p class=\"c4\">Les recherches et investigations ont \u00e9galement permis d\u2019interpeler, au centre ville de Taourirt, un deuxi\u00e8me suspect qui devait recevoir les deux embarcations, \u00e0 bord d\u2019un v\u00e9hicule utilitaire portant des fausses plaques d\u2019immatriculation, selon la m\u00eame source.<\/p>\n<p class=\"c4\">L\u2019enqu\u00eate a permis l\u2019interpellation de quatre autres individus \u00e0 Nador pour leur implication pr\u00e9sum\u00e9e dans ce r\u00e9seau criminel, indique le communiqu\u00e9, faisant savoir que les mesures de pointage dans les bases de donn\u00e9es s\u00e9curitaires ont r\u00e9v\u00e9l\u00e9 que deux d\u2019entre-eux font l\u2019objet d\u2019un avis de recherche au niveau national pour trafic de drogue et organisation de l\u2019immigration clandestine.<\/p>\n<p class=\"c4\">Les op\u00e9rations de fouilles men\u00e9es \u00e0 Nador ont permis la saisie de quatre autres embarcations pneumatiques, trois moteurs puissants, trois boussoles, quatre gonfleurs d\u2019air et des planches servant de support pour les embarcations utilis\u00e9es dans l\u2019immigration clandestine par voie maritime.<\/p>\n<p class=\"c4\">Les mis en cause ont \u00e9t\u00e9 plac\u00e9s en garde \u00e0 vue dans le cadre de l\u2019enqu\u00eate men\u00e9e sous la supervision du parquet comp\u00e9tent pour identifier les \u00e9ventuelles ramifications de cet acte criminel et arr\u00eater les autres complices, conclut le communiqu\u00e9.<\/p>\n<p>Auteur: Soufiane ELAHMAR<br \/>\n<a href=\"http:\/\/www.mapoujda.ma\/fr\/demantelement-dun-reseau-criminel-dimmigration-illegale\/\">Cliquez ici pour lire l&rsquo;article depuis sa source.<\/a><\/p>\n","protected":false},"excerpt":{"rendered":"<p>Six individus, \u00e2g\u00e9s entre 22 et 51 ans, soup\u00e7onn\u00e9s de liens avec un r\u00e9seau criminel s\u2019activant dans l\u2019immigration ill\u00e9gale et la traite d\u2019\u00eatres humains, ont \u00e9t\u00e9 arr\u00eat\u00e9s jeudi lors d\u2019une op\u00e9ration s\u00e9curitaire conjointe men\u00e9e par des \u00e9l\u00e9ments de la police judiciaire de Nador et de Taourirt, sur la base d\u2019informations pr\u00e9cises fournies par les services [&hellip;]<\/p>\n","protected":false},"author":1788,"featured_media":0,"comment_status":"closed","ping_status":"closed","sticky":false,"template":"","format":"standard","meta":{"fifu_image_url":"","fifu_image_alt":"","footnotes":""},"categories":[54,76],"tags":[],"class_list":["post-72551","post","type-post","status-publish","format-standard","hentry","category-maroc","category-regions"],"_links":{"self":[{"href":"https:\/\/linitiative.ca\/International\/wp-json\/wp\/v2\/posts\/72551","targetHints":{"allow":["GET"]}}],"collection":[{"href":"https:\/\/linitiative.ca\/International\/wp-json\/wp\/v2\/posts"}],"about":[{"href":"https:\/\/linitiative.ca\/International\/wp-json\/wp\/v2\/types\/post"}],"author":[{"embeddable":true,"href":"https:\/\/linitiative.ca\/International\/wp-json\/wp\/v2\/users\/1788"}],"replies":[{"embeddable":true,"href":"https:\/\/linitiative.ca\/International\/wp-json\/wp\/v2\/comments?post=72551"}],"version-history":[{"count":0,"href":"https:\/\/linitiative.ca\/International\/wp-json\/wp\/v2\/posts\/72551\/revisions"}],"wp:attachment":[{"href":"https:\/\/linitiative.ca\/International\/wp-json\/wp\/v2\/media?parent=72551"}],"wp:term":[{"taxonomy":"category","embeddable":true,"href":"https:\/\/linitiative.ca\/International\/wp-json\/wp\/v2\/categories?post=72551"},{"taxonomy":"post_tag","embeddable":true,"href":"https:\/\/linitiative.ca\/International\/wp-json\/wp\/v2\/tags?post=72551"}],"curies":[{"name":"wp","href":"https:\/\/api.w.org\/{rel}","templated":true}]}}