{"id":72552,"date":"2020-01-09T06:15:00","date_gmt":"2020-01-09T11:15:00","guid":{"rendered":"https:\/\/linitiative.ca\/International\/taxation-du-numerique-france-et-usa-en-quete-dun-compromis\/"},"modified":"2020-01-09T06:15:00","modified_gmt":"2020-01-09T11:15:00","slug":"taxation-du-numerique-france-et-usa-en-quete-dun-compromis","status":"publish","type":"post","link":"https:\/\/linitiative.ca\/International\/taxation-du-numerique-france-et-usa-en-quete-dun-compromis\/","title":{"rendered":"Taxation du num\u00e9rique: France et USA en qu\u00eate d\u2019un compromis"},"content":{"rendered":"<div readability=\"37\">\n<p>Ils se donnent un autre d\u00e9lai qui co\u00efncide avec le Forum de Davos<\/p>\n<p>L\u2019administration Trump menace de taxer des produits fran\u00e7ais<\/p>\n<p>Ayant le soutien de l\u2019UE, Paris pr\u00e9pare la riposte<\/p>\n<\/div>\n<div readability=\"82\">\n<p class=\"rtejustify\">Du nouveau sur le dossier de la taxe sur les services num\u00e9riques (dite taxe Gafa). La France et les Etats-Unis se sont donn\u00e9 15 jours pour parvenir \u00e0 un compromis \u00e0 l\u2019OCDE sur le sujet qui apaise les tensions entre les deux pays. Le d\u00e9lai co\u00efncide avec l\u2019organisation du Forum \u00e9conomique de Davos qui se tient du 21 au 24 janvier dans la station alpine suisse.<\/p>\n<p class=\"rtejustify\">Le dossier a \u00e9t\u00e9 largement \u00e9voqu\u00e9 entre le ministre fran\u00e7ais des Finances, Bruno Le Maire et son homologue am\u00e9ricain, Steven Mnuchin lors d\u2019un entretien t\u00e9l\u00e9phonique. C\u2019\u00e9tait l\u2019occasion pour le responsable fran\u00e7ais d\u2019exprimer sa volont\u00e9 de relancer les n\u00e9gociations avec le d\u00e9partement am\u00e9ricain au sein de l\u2019OCDE. L\u2019administration Trump menace de taxer des produits fran\u00e7ais en repr\u00e9sailles contre la taxe sur le num\u00e9rique.<\/p>\n<p class=\"rtejustify\">A ce propos, Le Maire a souhait\u00e9 que \u00abdans cette p\u00e9riode de discussion la France ne soit pas frapp\u00e9e par des sanctions am\u00e9ricaines\u00bb. Le but est d\u2019avancer au sein de l\u2019OCDE pour trouver un accord mondial sur la taxation du num\u00e9rique qui remplacerait la fran\u00e7aise.<\/p>\n<p class=\"rtejustify\">En cas de sanctions, l\u2019affaire sera port\u00e9e devant l\u2019OMC et la France sera pr\u00eate \u00e0 r\u00e9agir. \u00abNous estimons donc que le projet de sanctions am\u00e9ricaines contre la taxation digitale fran\u00e7aise est \u00e0 la fois inamical, inappropri\u00e9 et ill\u00e9gitime\u00bb, a pr\u00e9venu Le Maire. Ce dernier r\u00e9affirmant que l\u2019imp\u00f4t fran\u00e7ais n\u2019\u00e9tait pas discriminatoire comme l\u2019avancent les autorit\u00e9s am\u00e9ricaines.<\/p>\n<p class=\"rtejustify\">Le sujet a \u00e9t\u00e9 \u00e9galement \u00e9voqu\u00e9 \u00e0 Bercy lors de la rencontre tenue en d\u00e9but de semaine avec le commissaire europ\u00e9en au Commerce, Phil Hogan. \u00abLa Commission europ\u00e9enne se tiendra aux c\u00f4t\u00e9s de la France et de tous les autres Etats membres qui souhaitent avoir le droit souverain d\u2019imposer une taxation digitale sur les entreprises d\u2019une mani\u00e8re juste\u00bb, a-t-il assur\u00e9.<\/p>\n<p class=\"rtejustify\">Phil Hogan se rendra la semaine prochaine (du 14 au 16 janvier) \u00e0 Washington pour s\u2019entretenir notamment avec Robert Lighthizer, le repr\u00e9sentant am\u00e9ricain au Commerce. Ce dernier a tenu hier mardi 7 janvier \u00e0 Washington une r\u00e9union publique. Et ce, au terme de la p\u00e9riode de consultation ouverte il y a un mois aux Etats-Unis pour analyser l\u2019impact de la taxe fran\u00e7aise et proposer des repr\u00e9sailles.<\/p>\n<p class=\"rtejustify\">Le repr\u00e9sentant am\u00e9ricain au Commerce a re\u00e7u jusqu\u2019\u00e0 lundi soir les commentaires \u00e9crits de particuliers et professionnels pour examiner les demandes d\u2019exemptions de nouvelles taxes. La France est d\u00e9j\u00e0 touch\u00e9e depuis octobre (comme d\u2019autres pays europ\u00e9ens) par des taxes punitives d\u00e9cr\u00e9t\u00e9es par Washington en r\u00e9plique aux subventions accord\u00e9es \u00e0 Airbus.<\/p>\n<blockquote readability=\"19\">\n<p class=\"rtecenter\"><strong><span class=\"c4\">Plusieurs secteurs en ligne de mire<\/span><\/strong><\/p>\n<div class=\"dnd-atom-wrapper type-image context-sdl_editor_representation atom-align-right\" contenteditable=\"false\">\n<div class=\"dnd-drop-wrapper image\"><img loading=\"lazy\" decoding=\"async\" typeof=\"foaf:Image\" class=\"img-responsive\" src=\"https:\/\/leconomiste.com\/sites\/default\/files\/eco7\/public\/thumbnails\/image\/taxation-gafa-071_0.jpg\" width=\"369\" height=\"236\" alt=\"taxation-gafa-071.jpg\" title=\"taxation-gafa-071.jpg\"\/><\/div>\n<\/div>\n<p class=\"rtejustify\"><strong>\u2022<\/strong> Il y a un an, les Etats-Unis avaient relanc\u00e9 les n\u00e9gociations sur la taxation du num\u00e9rique au sein de l\u2019OCDE, qu\u2019ils bloquaient depuis plusieurs ann\u00e9es. Mais ils ont pos\u00e9 en d\u00e9cembre des conditions rejet\u00e9es par la France, laissant planer le doute sur la possibilit\u00e9 de trouver un accord mondial avant la fin 2020.<br \/><strong>\u2022<\/strong> L\u2019administration Trump a menac\u00e9 il y a un mois de surtaxer jusqu\u2019\u00e0 100% l\u2019\u00e9quivalent de 2,4 milliards de dollars de produits fran\u00e7ais. Seraient ainsi vis\u00e9s le champagne, plusieurs types de produits laitiers dont l\u2019embl\u00e9matique roquefort, les sacs \u00e0 main en cuir, les cosm\u00e9tiques, la vaisselle en porcelaine ou encore les articles de cuisine en fonte, comme les cocottes fabriqu\u00e9es notamment par les entreprises hexagonales Le Creuset et Staub.<br \/><strong>\u2022<\/strong> La taxe fran\u00e7aise impose les g\u00e9ants du num\u00e9rique \u00e0 hauteur de 3% du chiffre d\u2019affaires r\u00e9alis\u00e9 en France.<\/p>\n<\/blockquote>\n<p class=\"rtejustify\"><em>F. Z. T.<\/em><\/p>\n<\/div>\n<p>Auteur: hlafriqi<br \/>\n<a href=\"https:\/\/www.leconomiste.com\/article\/1055570-taxation-du-numerique-france-et-usa-en-quete-d-un-compromis\">Cliquez ici pour lire l&rsquo;article depuis sa source.<\/a><\/p>\n","protected":false},"excerpt":{"rendered":"<p>Ils se donnent un autre d\u00e9lai qui co\u00efncide avec le Forum de Davos L\u2019administration Trump menace de taxer des produits fran\u00e7ais Ayant le soutien de l\u2019UE, Paris pr\u00e9pare la riposte Du nouveau sur le dossier de la taxe sur les services num\u00e9riques (dite taxe Gafa). La France et les Etats-Unis se sont donn\u00e9 15 jours [&hellip;]<\/p>\n","protected":false},"author":1763,"featured_media":72553,"comment_status":"closed","ping_status":"closed","sticky":false,"template":"","format":"standard","meta":{"fifu_image_url":"","fifu_image_alt":"","footnotes":""},"categories":[78,54],"tags":[],"class_list":["post-72552","post","type-post","status-publish","format-standard","has-post-thumbnail","hentry","category-economie","category-maroc"],"_links":{"self":[{"href":"https:\/\/linitiative.ca\/International\/wp-json\/wp\/v2\/posts\/72552","targetHints":{"allow":["GET"]}}],"collection":[{"href":"https:\/\/linitiative.ca\/International\/wp-json\/wp\/v2\/posts"}],"about":[{"href":"https:\/\/linitiative.ca\/International\/wp-json\/wp\/v2\/types\/post"}],"author":[{"embeddable":true,"href":"https:\/\/linitiative.ca\/International\/wp-json\/wp\/v2\/users\/1763"}],"replies":[{"embeddable":true,"href":"https:\/\/linitiative.ca\/International\/wp-json\/wp\/v2\/comments?post=72552"}],"version-history":[{"count":0,"href":"https:\/\/linitiative.ca\/International\/wp-json\/wp\/v2\/posts\/72552\/revisions"}],"wp:featuredmedia":[{"embeddable":true,"href":"https:\/\/linitiative.ca\/International\/wp-json\/"}],"wp:attachment":[{"href":"https:\/\/linitiative.ca\/International\/wp-json\/wp\/v2\/media?parent=72552"}],"wp:term":[{"taxonomy":"category","embeddable":true,"href":"https:\/\/linitiative.ca\/International\/wp-json\/wp\/v2\/categories?post=72552"},{"taxonomy":"post_tag","embeddable":true,"href":"https:\/\/linitiative.ca\/International\/wp-json\/wp\/v2\/tags?post=72552"}],"curies":[{"name":"wp","href":"https:\/\/api.w.org\/{rel}","templated":true}]}}