{"id":72556,"date":"2020-01-09T07:09:00","date_gmt":"2020-01-09T12:09:00","guid":{"rendered":"https:\/\/linitiative.ca\/International\/crise-libyenne-boukadoum-qualifie-la-coordination-avec-litalie-de-tres-bonne\/"},"modified":"2020-01-09T07:09:00","modified_gmt":"2020-01-09T12:09:00","slug":"crise-libyenne-boukadoum-qualifie-la-coordination-avec-litalie-de-tres-bonne","status":"publish","type":"post","link":"https:\/\/linitiative.ca\/International\/crise-libyenne-boukadoum-qualifie-la-coordination-avec-litalie-de-tres-bonne\/","title":{"rendered":"Crise libyenne: Boukadoum qualifie la coordination avec l&rsquo;Italie de \u00ab\u00a0tr\u00e8s bonne\u00a0\u00bb"},"content":{"rendered":"<p>Le ministre des Affaires \u00e9trang\u00e8res, Sabri Boukadoum a qualifi\u00e9 jeudi \u00e0 Alger la coordination avec l&rsquo;Italie concernant la crise libyenne de \u00ab\u00a0tr\u00e8s bonne\u00a0\u00bb, r\u00e9it\u00e9rant la position alg\u00e9rienne en faveur d&rsquo;une \u00ab\u00a0solution politique\u00a0\u00bb et le \u00ab\u00a0refus de toute intervention militaire\u00a0\u00bb dans ce pays.<\/p>\n<p>A l&rsquo;issue de l&rsquo;entretien \u00e9largi avec son homologue italien des Affaires \u00e9trang\u00e8res et de la Coop\u00e9ration internationale, Luigi Di Maio, M. Boukadoum a indiqu\u00e9 que la coordination avec l&rsquo;Italie sur \u00ab\u00a0le dossier br\u00fblant qu&rsquo;est la Libye est tr\u00e8s bonne\u00a0\u00bb, mettant en avant la position alg\u00e9rienne relative au \u00ab\u00a0respect de la solution politique, le refus de toute intervention militaire et le respect de l&#8217;embargo sur les armes\u00a0\u00bb.<\/p>\n<p>Le chef de la diplomatie alg\u00e9rienne a \u00e9galement insist\u00e9 sur la mise en \u0153uvre des n\u00e9gociations entre toutes les parties libyennes dans le respect du droit international avec le soutien de la communaut\u00e9 internationale notamment les pays de la r\u00e9gion\u00a0\u00bb.<\/p>\n<p>Le ministre a, \u00e0 ce propos, salu\u00e9 son homologue et le Gouvernement italiens pour leur \u00ab\u00a0soutien\u00a0\u00bb \u00e0 la position alg\u00e9rienne et le r\u00f4le de l&rsquo;Alg\u00e9rie avec les partenaires dans la r\u00e9solution de la crise du voisin libyen\u00a0\u00bb.<\/p>\n<p>Par ailleurs, M. Boukadoum a qualifi\u00e9 les relations bilat\u00e9rales entre l&rsquo;Alg\u00e9rie et l&rsquo;Italie de \u00ab\u00a0bien\u00a0\u00bb dans tous les domaines notamment les secteurs de l&rsquo;\u00e9nergie et de l&rsquo;enseignement sup\u00e9rieur.<\/p>\n<p>Dans le m\u00eame contexte, le ministre italien a soulign\u00e9 que \u00ab\u00a0le travail r\u00e9alis\u00e9 par l&rsquo;Alg\u00e9rie au niveau des fronti\u00e8res avec la Libye est un travail dont jouit toute la M\u00e9diterran\u00e9e\u00a0\u00bb. Un travail, explique-t-il, qui \u00ab\u00a0pr\u00e9vient des infiltrations terroristes\u00a0\u00bb .<\/p>\n<p>Tout en rappelant ses visites \u00e0 Bruxelles, Istanbul et au Caire, le ministre italien des Affaires \u00e9trang\u00e8res a soulign\u00e9, que \u00ab\u00a0tout le monde est d&rsquo;accord pour un cessez le feu en Libye\u00a0\u00bb, qualifiant par la m\u00eame occasion, sa rencontre avec le ministre alg\u00e9rien d&rsquo;occasion \u00ab\u00a0historique\u00a0\u00bb pour travailler ensemble sur ce dossier afin de trouver une solution. \u00ab\u00a0C&rsquo;est notre objectif commun\u00a0\u00bb, a-t-il d\u00e9clar\u00e9.<\/p>\n<p>\u00ab\u00a0Il est temps de mettre tous les pays et toutes les personnes autour d&rsquo;une table et trouver la solution qui permet de garantir la paix dans cette r\u00e9gion\u00a0\u00bb, a-t-il ajout\u00e9.<\/p>\n<p>Sur le plan bilat\u00e9ral, M. Di Maio a \u00e9mis les v\u0153ux de trouver les moyens d&rsquo;investir \u00ab\u00a0ensemble\u00a0\u00bb dans les nouvelles technologies. Il a mis l&rsquo;accent \u00e9galement sur l&rsquo;importance d&rsquo;accro\u00eetre l&rsquo;\u00e9conomie des deux pays notamment dans le domaine du tourisme, estimant, n\u00e9anmoins, que \u00ab\u00a0sans la stabilit\u00e9, il est difficile de r\u00e9ussir \u00e0 implanter de nouveaux projets \u00e9conomiques, c&rsquo;est pour cela nous devons, a-t-il dit, travailler ensemble pour la stabilit\u00e9 de la r\u00e9gion en combattant le terrorisme\u00a0\u00bb..APS<\/p>\n<p>Auteur: elmoudjahid<br \/>\n<a href=\"http:\/\/www.elmoudjahid.com\/fr\/actualites\/146865\">Cliquez ici pour lire l&rsquo;article depuis sa source.<\/a><\/p>\n","protected":false},"excerpt":{"rendered":"<p>Le ministre des Affaires \u00e9trang\u00e8res, Sabri Boukadoum a qualifi\u00e9 jeudi \u00e0 Alger la coordination avec l&rsquo;Italie concernant la crise libyenne de \u00ab\u00a0tr\u00e8s bonne\u00a0\u00bb, r\u00e9it\u00e9rant la position alg\u00e9rienne en faveur d&rsquo;une \u00ab\u00a0solution politique\u00a0\u00bb et le \u00ab\u00a0refus de toute intervention militaire\u00a0\u00bb dans ce pays. A l&rsquo;issue de l&rsquo;entretien \u00e9largi avec son homologue italien des Affaires \u00e9trang\u00e8res et [&hellip;]<\/p>\n","protected":false},"author":1744,"featured_media":0,"comment_status":"closed","ping_status":"closed","sticky":false,"template":"","format":"standard","meta":{"fifu_image_url":"","fifu_image_alt":"","footnotes":""},"categories":[73,53],"tags":[],"class_list":["post-72556","post","type-post","status-publish","format-standard","hentry","category-actualite","category-algerie"],"_links":{"self":[{"href":"https:\/\/linitiative.ca\/International\/wp-json\/wp\/v2\/posts\/72556","targetHints":{"allow":["GET"]}}],"collection":[{"href":"https:\/\/linitiative.ca\/International\/wp-json\/wp\/v2\/posts"}],"about":[{"href":"https:\/\/linitiative.ca\/International\/wp-json\/wp\/v2\/types\/post"}],"author":[{"embeddable":true,"href":"https:\/\/linitiative.ca\/International\/wp-json\/wp\/v2\/users\/1744"}],"replies":[{"embeddable":true,"href":"https:\/\/linitiative.ca\/International\/wp-json\/wp\/v2\/comments?post=72556"}],"version-history":[{"count":0,"href":"https:\/\/linitiative.ca\/International\/wp-json\/wp\/v2\/posts\/72556\/revisions"}],"wp:attachment":[{"href":"https:\/\/linitiative.ca\/International\/wp-json\/wp\/v2\/media?parent=72556"}],"wp:term":[{"taxonomy":"category","embeddable":true,"href":"https:\/\/linitiative.ca\/International\/wp-json\/wp\/v2\/categories?post=72556"},{"taxonomy":"post_tag","embeddable":true,"href":"https:\/\/linitiative.ca\/International\/wp-json\/wp\/v2\/tags?post=72556"}],"curies":[{"name":"wp","href":"https:\/\/api.w.org\/{rel}","templated":true}]}}