{"id":72557,"date":"2020-01-09T07:58:00","date_gmt":"2020-01-09T12:58:00","guid":{"rendered":"https:\/\/linitiative.ca\/International\/arrivee-du-ministre-egyptien-des-affaires-etrangeres-a-alger-la-crise-en-libye-au-menu\/"},"modified":"2020-01-09T07:58:00","modified_gmt":"2020-01-09T12:58:00","slug":"arrivee-du-ministre-egyptien-des-affaires-etrangeres-a-alger-la-crise-en-libye-au-menu","status":"publish","type":"post","link":"https:\/\/linitiative.ca\/International\/arrivee-du-ministre-egyptien-des-affaires-etrangeres-a-alger-la-crise-en-libye-au-menu\/","title":{"rendered":"Arriv\u00e9e du ministre \u00e9gyptien des Affaires \u00e9trang\u00e8res \u00e0 Alger : La crise en Libye au menu"},"content":{"rendered":"<div class=\"TxArtcile\" readability=\"24\">\n<p class=\"c6\">\u00a0<\/p>\n<p class=\"c6\"><span class=\"c7\">\u00a0<\/span><\/p>\n<p class=\"c6\"><span class=\"c7\">\u00a0<\/span><\/p>\n<p class=\"c6\"><span class=\"c7\">Le ministre \u00e9gyptien des Affaires \u00e9trang\u00e8res Sameh Choukri est arriv\u00e9 jeudi \u00e0 Alger dans le cadre d&rsquo;une visite officielle.<\/span><\/p>\n<p class=\"c6\"><span class=\"c7\">Le chef de la diplomatie \u00e9gyptienne a \u00e9t\u00e9 accueilli \u00e0 son arriv\u00e9e \u00e0 l&rsquo;a\u00e9roport international Houari-Boumediene par le Secr\u00e9taire d&rsquo;Etat charg\u00e9 de la communaut\u00e9 nationale et des comp\u00e9tences \u00e0 l&rsquo;\u00e9tranger, Rachid Bladehane.<\/span><\/p>\n<p class=\"c6\"><span class=\"c7\">Lors de cette visite, M. Choukri aura des discussions bilat\u00e9rales avec le ministre des Affaires \u00e9trang\u00e8res, Sabri Boukadoum qui porteront sur \u00ab\u00a0la situation r\u00e9gionale, particuli\u00e8rement les derniers d\u00e9veloppements de la situation en Libye ainsi que les efforts consentis pour le r\u00e8glement de cette crise\u00a0\u00bb.<\/span><\/p>\n<p class=\"c6\"><span class=\"c7\">Les deux ministres \u00e9voqueront \u00e9galement les relations \u00e9tablies entre l&rsquo;Alg\u00e9rie et l&rsquo;Egypte ainsi que les moyens de renforcer la coop\u00e9ration commune. (APS)<\/span><\/p>\n<\/div>\n<div class=\"ModliArtilUne\">\n<ul>\n<li><strong>Publi\u00e9 dans :<\/strong><\/li>\n<\/ul>\n<\/div>\n<div class=\"MbComIns\" id=\"newcom\" readability=\"5.69402985075\">\n<h6>DONNEZ VOTRE AVIS<\/h6>\n<p>Il n&rsquo;y a actuellement aucune r\u00e9action \u00e0 cette information. Soyez le premier \u00e0 r\u00e9agir !<\/p>\n<p><a href=\"\" rel=\"#popup\" class=\"login resetbutton\">Identifiez-vous<\/a><a class=\"button\" href=\"http:\/\/www.elmoudjahid.com\/fr\/inscription\/\"><span>S&rsquo;inscrire<\/span><\/a><\/p>\n<\/div>\n<p>Auteur: elmoudjahid<br \/>\n<a href=\"http:\/\/www.elmoudjahid.com\/fr\/actualites\/146866\">Cliquez ici pour lire l&rsquo;article depuis sa source.<\/a><\/p>\n","protected":false},"excerpt":{"rendered":"<p>\u00a0 \u00a0 \u00a0 Le ministre \u00e9gyptien des Affaires \u00e9trang\u00e8res Sameh Choukri est arriv\u00e9 jeudi \u00e0 Alger dans le cadre d&rsquo;une visite officielle. Le chef de la diplomatie \u00e9gyptienne a \u00e9t\u00e9 accueilli \u00e0 son arriv\u00e9e \u00e0 l&rsquo;a\u00e9roport international Houari-Boumediene par le Secr\u00e9taire d&rsquo;Etat charg\u00e9 de la communaut\u00e9 nationale et des comp\u00e9tences \u00e0 l&rsquo;\u00e9tranger, Rachid Bladehane. Lors [&hellip;]<\/p>\n","protected":false},"author":1744,"featured_media":0,"comment_status":"closed","ping_status":"closed","sticky":false,"template":"","format":"standard","meta":{"fifu_image_url":"","fifu_image_alt":"","footnotes":""},"categories":[73,53],"tags":[],"class_list":["post-72557","post","type-post","status-publish","format-standard","hentry","category-actualite","category-algerie"],"_links":{"self":[{"href":"https:\/\/linitiative.ca\/International\/wp-json\/wp\/v2\/posts\/72557","targetHints":{"allow":["GET"]}}],"collection":[{"href":"https:\/\/linitiative.ca\/International\/wp-json\/wp\/v2\/posts"}],"about":[{"href":"https:\/\/linitiative.ca\/International\/wp-json\/wp\/v2\/types\/post"}],"author":[{"embeddable":true,"href":"https:\/\/linitiative.ca\/International\/wp-json\/wp\/v2\/users\/1744"}],"replies":[{"embeddable":true,"href":"https:\/\/linitiative.ca\/International\/wp-json\/wp\/v2\/comments?post=72557"}],"version-history":[{"count":0,"href":"https:\/\/linitiative.ca\/International\/wp-json\/wp\/v2\/posts\/72557\/revisions"}],"wp:attachment":[{"href":"https:\/\/linitiative.ca\/International\/wp-json\/wp\/v2\/media?parent=72557"}],"wp:term":[{"taxonomy":"category","embeddable":true,"href":"https:\/\/linitiative.ca\/International\/wp-json\/wp\/v2\/categories?post=72557"},{"taxonomy":"post_tag","embeddable":true,"href":"https:\/\/linitiative.ca\/International\/wp-json\/wp\/v2\/tags?post=72557"}],"curies":[{"name":"wp","href":"https:\/\/api.w.org\/{rel}","templated":true}]}}