{"id":72558,"date":"2020-01-09T09:00:00","date_gmt":"2020-01-09T14:00:00","guid":{"rendered":"https:\/\/linitiative.ca\/International\/le-president-tebboune-recoit-le-ministre-egyptien-des-affaires-etrangeres\/"},"modified":"2020-01-09T09:00:00","modified_gmt":"2020-01-09T14:00:00","slug":"le-president-tebboune-recoit-le-ministre-egyptien-des-affaires-etrangeres","status":"publish","type":"post","link":"https:\/\/linitiative.ca\/International\/le-president-tebboune-recoit-le-ministre-egyptien-des-affaires-etrangeres\/","title":{"rendered":"Le pr\u00e9sident Tebboune re\u00e7oit le ministre \u00e9gyptien des Affaires \u00e9trang\u00e8res"},"content":{"rendered":"<p>Le pr\u00e9sident de la R\u00e9publique, M. Abdelmadjid Tebboune a re\u00e7u jeudi \u00e0 Alger le ministre \u00e9gyptien des Affaires \u00e9trang\u00e8res, M. Sameh Choukri.<\/p>\n<p>M. Choukri est porteur d&rsquo;un message du pr\u00e9sident \u00e9gyptien, Abdel Fattah Al-Sissi au pr\u00e9sident Tebboune.<\/p>\n<p>Ont assist\u00e9 \u00e0 cette rencontre le directeur de cabinet de la pr\u00e9sidence de la R\u00e9publique, Noureddine Ayadi, le ministre des Affaires \u00e9trang\u00e8res, Sabri Boukadoum, le ministre conseiller \u00e0 la communication, porte-parole officiel de la Pr\u00e9sidence de la R\u00e9publique, Bela\u00efd Mohand Oussa\u00efd et le secr\u00e9taire d&rsquo;Etat charg\u00e9 de la communaut\u00e9 nationale et des comp\u00e9tences \u00e0 l&rsquo;\u00e9tranger, Rachid Bladehane.<\/p>\n<p>Le MAE \u00e9gyptien est arriv\u00e9 peu auparavant \u00e0 Alger dans le cadre d&rsquo;une visite officielle.<\/p>\n<p>Lors de cette visite, M. Choukri aura, \u00e9galement, des discussions avec M. Boukadoum qui porteront sur \u00ab\u00a0la situation r\u00e9gionale, particuli\u00e8rement les derniers d\u00e9veloppements de la situation en Libye ainsi que les efforts consentis pour le r\u00e8glement de cette crise\u00a0\u00bb.<\/p>\n<p>Les deux ministres \u00e9voqueront \u00e9galement les relations \u00e9tablies entre l&rsquo;Alg\u00e9rie et l&rsquo;Egypte ainsi que les moyens de renforcer la coop\u00e9ration bilat\u00e9rale.(APS)<\/p>\n<p>Auteur: elmoudjahid<br \/>\n<a href=\"http:\/\/www.elmoudjahid.com\/fr\/actualites\/146867\">Cliquez ici pour lire l&rsquo;article depuis sa source.<\/a><\/p>\n","protected":false},"excerpt":{"rendered":"<p>Le pr\u00e9sident de la R\u00e9publique, M. Abdelmadjid Tebboune a re\u00e7u jeudi \u00e0 Alger le ministre \u00e9gyptien des Affaires \u00e9trang\u00e8res, M. Sameh Choukri. M. Choukri est porteur d&rsquo;un message du pr\u00e9sident \u00e9gyptien, Abdel Fattah Al-Sissi au pr\u00e9sident Tebboune. Ont assist\u00e9 \u00e0 cette rencontre le directeur de cabinet de la pr\u00e9sidence de la R\u00e9publique, Noureddine Ayadi, le [&hellip;]<\/p>\n","protected":false},"author":1744,"featured_media":0,"comment_status":"closed","ping_status":"closed","sticky":false,"template":"","format":"standard","meta":{"fifu_image_url":"","fifu_image_alt":"","footnotes":""},"categories":[73,53],"tags":[],"class_list":["post-72558","post","type-post","status-publish","format-standard","hentry","category-actualite","category-algerie"],"_links":{"self":[{"href":"https:\/\/linitiative.ca\/International\/wp-json\/wp\/v2\/posts\/72558","targetHints":{"allow":["GET"]}}],"collection":[{"href":"https:\/\/linitiative.ca\/International\/wp-json\/wp\/v2\/posts"}],"about":[{"href":"https:\/\/linitiative.ca\/International\/wp-json\/wp\/v2\/types\/post"}],"author":[{"embeddable":true,"href":"https:\/\/linitiative.ca\/International\/wp-json\/wp\/v2\/users\/1744"}],"replies":[{"embeddable":true,"href":"https:\/\/linitiative.ca\/International\/wp-json\/wp\/v2\/comments?post=72558"}],"version-history":[{"count":0,"href":"https:\/\/linitiative.ca\/International\/wp-json\/wp\/v2\/posts\/72558\/revisions"}],"wp:attachment":[{"href":"https:\/\/linitiative.ca\/International\/wp-json\/wp\/v2\/media?parent=72558"}],"wp:term":[{"taxonomy":"category","embeddable":true,"href":"https:\/\/linitiative.ca\/International\/wp-json\/wp\/v2\/categories?post=72558"},{"taxonomy":"post_tag","embeddable":true,"href":"https:\/\/linitiative.ca\/International\/wp-json\/wp\/v2\/tags?post=72558"}],"curies":[{"name":"wp","href":"https:\/\/api.w.org\/{rel}","templated":true}]}}