{"id":72565,"date":"2020-01-09T15:15:59","date_gmt":"2020-01-09T20:15:59","guid":{"rendered":"https:\/\/linitiative.ca\/International\/equipe-dalgerie-belmadi-pour-moi-cest-mahrez-le-ballon-dor\/"},"modified":"2020-01-09T15:15:59","modified_gmt":"2020-01-09T20:15:59","slug":"equipe-dalgerie-belmadi-pour-moi-cest-mahrez-le-ballon-dor","status":"publish","type":"post","link":"https:\/\/linitiative.ca\/International\/equipe-dalgerie-belmadi-pour-moi-cest-mahrez-le-ballon-dor\/","title":{"rendered":"Equipe d&rsquo;Alg\u00e9rie : Belmadi : \u00abPour moi, c\u2019est Mahrez le Ballon d\u2019Or\u00bb"},"content":{"rendered":"<div readability=\"32\">\n<p>Auteur : <span>Moumen A.<\/span> <span class=\"time\">jeudi 09 janvier 2020 13:58<\/span><\/p>\n<\/div>\n<div id=\"post_core\" readability=\"109\">\n<p>Tr\u00e8s content apr\u00e8s la razzia alg\u00e9rienne des titres de cette c\u00e9r\u00e9monie des Awards de la CAF, le s\u00e9lectionneur national, Djamel Belmadi a r\u00e9pondu \u00e0 toutes les sollicitations des m\u00e9dias pr\u00e9sents \u00e0 Hurghada. Fid\u00e8le \u00e0 sa ligne de conduite, Belmadi a \u00e9t\u00e9 franc, estimant que le capitaine de l\u2019EN, Riyad Mahrez, m\u00e9ritait la cons\u00e9cration<\/p>\n<p><strong>Le troph\u00e9e est l\u00e0, f\u00e9licitation, coach, pour cette cons\u00e9cration\u2026<\/strong><br \/>Merci beaucoup, c\u2019est la cons\u00e9cration de tout le monde pas uniquement celle de Djamel Belmadi. Nous avons r\u00e9alis\u00e9 des r\u00e9sultats gr\u00e2ce au travail du groupe. Les joueurs et le staff, tous se sont donn\u00e9s \u00e0 fond et donc maintenant, on r\u00e9colte les fruits de ce travail et ces sacrifices. Je suis l\u00e0 en tant que repr\u00e9sentant du groupe pour r\u00e9cup\u00e9rer les troph\u00e9es. Je suis content de cette belle soir\u00e9e et la victoire de l\u2019Alg\u00e9rie \u00e0 travers plusieurs troph\u00e9es, dommage pour Riyad ! Pour nous, dans nos c\u0153urs, c\u2019est lui le Ballon d\u2019Or.<br \/><strong>Justement, Riyad Mahrez a r\u00e9pondu de la plus belle des mani\u00e8res\u2026<\/strong><br \/>Oui, je sais qu\u2019il a marqu\u00e9 dans le derby mancunien, mais je n\u2019ai pas eu l\u2019occasion de voir le but. Je vais le voir plus tard.<br \/><strong>En tout cas, il a r\u00e9pondu \u00e0 propos du Ballon d\u2019Or\u2026<\/strong><br \/>Oui, pour moi, Riyad Mahrez m\u00e9rite le Ballon d\u2019Or. Je n\u2019ai rien contre Sadio Mane qui, lui aussi, est un beau Ballon d\u2019Or, on le dit en toute honn\u00eatet\u00e9. Il a r\u00e9ussi une grande saison lui aussi et je tiens \u00e0 le f\u00e9liciter pour sa cons\u00e9cration. Mais, Mahrez n\u2019a pas eu le m\u00eame temps de jeu en club pour faire ce qu\u2019a fait Sadio. En plus, dans une \u00e9dition qui co\u00efncide avec la phase finale de la CAN, en principe, on donne la priorit\u00e9 aux vainqueurs de la CAN et \u00e0 ceux qui se sont illustr\u00e9s dans ce tournoi, comme Riyad Mahrez par exemple. Mahrez a remport\u00e9 la CAN mais surtout il a \u00e9t\u00e9 d\u00e9cisif durant ce tournoi. Je pense que ce point est tr\u00e8s important et on devait le prendre en consid\u00e9ration.<br \/><strong>Avez-vous un message \u00e0 lui transmettre ?<\/strong><br \/>Non, Riyad sait ce qu\u2019on pense tous de lui et tout ce que pensent les Alg\u00e9riens. Pour moi, Riyad est un capitaine exemplaire qui a r\u00e9ussi \u00e0 gagner l\u2019estime et le respect de tout le monde, notamment ses co\u00e9quipiers. C\u2019est un joueur exceptionnel et qui est d\u00e9cisif au moment o\u00f9 on a besoin de lui. Cela d\u00e9montre qu\u2019il s\u2019agit d\u2019un grand joueur.<br \/><strong>Ne pensez-vous pas que Guardiola est la cause de la non cons\u00e9cration de Mahrez ?<\/strong><br \/>Non, je ne peux pas accuser les entra\u00eeneurs, d\u2019autant plus que ce sont des entra\u00eeneurs qui ont fait leurs preuves sur le plan mondial. Si Mahrez avait eu plus de temps de jeu, il aurait sans aucun doute remport\u00e9 le Ballon d\u2019Or car il a brill\u00e9 durant la CAN. Avec son club, il n\u2019a pas eu beaucoup de temps de jeu comme Sadio Mane ou\u00a0 Mohamed Salah. En tout cas, pour nous les Alg\u00e9riens, c\u2019est Mahrez le Ballon d\u2019Or car on pense qu\u2019il le m\u00e9rite sans diminuer de la valeur de Sadio Mane qui m\u00e9rite lui aussi cette cons\u00e9cration.\u00a0 \u00a0<br \/><strong>Sur le plan personnel, vous avez eu une pens\u00e9e pour les parents\u2026<\/strong><br \/>Oui, El Hamdoulilah. Je remercie Dieu et tout le monde qui a pri\u00e9 pour notre r\u00e9ussite. On a r\u00e9ussi \u00e0 gagner la coupe d\u2019Afrique gr\u00e2ce \u00e0 Dieu qui nous a donn\u00e9 la r\u00e9ussite. J\u2019esp\u00e8re aussi que ce sera une bonne chose pour notre pays car avec tout ce qui se passe, on m\u00e9rite un bon pays et j\u2019esp\u00e8re que ce sera une occasion pour nous. Sur le plan sportif, nous les acteurs, on doit aussi donner une belle image de l\u2019\u00e9quipe nationale d\u2019Alg\u00e9rie.<br \/><strong>Vous avez d\u00e9clar\u00e9 revenir d\u2019Egypte la t\u00eate haute, pourquoi ?<\/strong><br \/>Oui, j\u2019ai d\u00e9clar\u00e9 cela car on a remis les pendules \u00e0 l\u2019heure en quelque sorte. Cela fait une\u00a0 ann\u00e9e, on \u00e9tait \u00e0 une place qui n\u2019\u00e9tait pas la n\u00f4tre. Aujourd\u2019hui, nous avons remis les pendules \u00e0 l\u2019heure et nous sommes redevenus le pays que tout le monde craint sur le terrain gr\u00e2ce \u00e0 notre cons\u00e9cration en Egypte. C\u2019est pour cela que je reviens ici la t\u00eate haute.<br \/><strong>Gianni Infantino a d\u00e9clar\u00e9 que vous \u00eates la star, que ce soit comme entra\u00eeneur ou auparavant lorsque vous \u00e9tiez joueur. Qu\u2019avez-vous \u00e0 dire \u00e0 propos de ces d\u00e9clarations ?<\/strong><br \/>C\u2019est le pr\u00e9sident de la FIFA et c\u2019est toujours important et un honneur aussi d\u2019\u00e9couter ce genre de d\u00e9claration. Pour moi, le plus important est de revenir en force sur la sc\u00e8ne internationale. Aujourd\u2019hui, on n\u2019est plus le petit poucet en Afrique. On est redevenus grands comme on l\u2019a \u00e9t\u00e9 auparavant et c\u2019est l\u2019unique satisfaction.<br \/><strong>Dans cette c\u00e9r\u00e9monie, on a vu que l\u2019Alg\u00e9rie a rafl\u00e9 beaucoup de cons\u00e9crations, cela veut dire que le football alg\u00e9rien a retrouv\u00e9 le sommet\u2026<\/strong><br \/>Oui, je suis content et c\u2019est ce que j\u2019ai dit. El Hamdoulilah qu\u2019on a retrouv\u00e9 notre v\u00e9ritable place. Maintenant, il faudra continuer \u00e0 travailler et ne pas s\u2019arr\u00eater l\u00e0.<br \/><strong>Bela\u00efli, meilleur joueur local\u00a0 du continent, l\u2019EN meilleure s\u00e9lection, le but de Mahrez, le plus beau de l\u2019ann\u00e9e, en plus de votre cons\u00e9cration\u2026<\/strong><br \/>Cette ann\u00e9e 2019 reste exceptionnelle pour nous. Je vais vous raconter en toute honn\u00eatet\u00e9 ce qui s\u2019est pass\u00e9. On \u00e9tait venus au tirage au sort de la CAN, moi, un membre de mon staff, Hakim Medane, et le pr\u00e9sident de la F\u00e9d\u00e9ration. J\u2019avais senti qu\u2019on n\u2019avait pas \u00e9t\u00e9 bien consid\u00e9r\u00e9s par rapport \u00e0 la place de notre s\u00e9lection et c\u2019\u00e9tait ce qu\u2019on m\u00e9ritait car on ne gagnait pas de titres et on ne jouait pas les premiers r\u00f4les dans les grands tournois. Donc, c\u2019est ce qu\u2019on m\u00e9ritait. Cela m\u2019a beaucoup affect\u00e9 et en quittant l\u2019Egypte apr\u00e8s le tirage au sort, je me suis dit qu\u2019il faut prendre la revanche et il faut gagner cette CAN pour remettre les pendules \u00e0 l\u2019heure et d\u00e9montrer \u00e0 l\u2019Afrique que l\u2019Alg\u00e9rie est une s\u00e9lection qui sait gagner les troph\u00e9es et, Dieu merci, nous avons atteint notre objectif.<\/p>\n<p><strong>Publi\u00e9 dans :<\/strong> <span>Belmadi<\/span> <span>Mahrez<\/span> <span>Ballon d\u2019Or<\/span><\/p>\n<\/div>\n<p>Auteur:<br \/>\n<a href=\"http:\/\/www.lebuteur.com\/article\/detail?titre=belmadi-pour-moi-cest-mahrez-le-ballon-dor&#038;id=94061&#038;utm_source=feedburner&#038;utm_medium=feed&#038;utm_campaign=Feed%3A+GalerieFArtciles+%28Les+derniers+articles++-+lebuteur.com%29\">Cliquez ici pour lire l&rsquo;article depuis sa source.<\/a><\/p>\n","protected":false},"excerpt":{"rendered":"<p>Auteur : Moumen A. jeudi 09 janvier 2020 13:58 Tr\u00e8s content apr\u00e8s la razzia alg\u00e9rienne des titres de cette c\u00e9r\u00e9monie des Awards de la CAF, le s\u00e9lectionneur national, Djamel Belmadi a r\u00e9pondu \u00e0 toutes les sollicitations des m\u00e9dias pr\u00e9sents \u00e0 Hurghada. Fid\u00e8le \u00e0 sa ligne de conduite, Belmadi a \u00e9t\u00e9 franc, estimant que le capitaine [&hellip;]<\/p>\n","protected":false},"author":1738,"featured_media":72566,"comment_status":"closed","ping_status":"closed","sticky":false,"template":"","format":"standard","meta":{"fifu_image_url":"","fifu_image_alt":"","footnotes":""},"categories":[53,75],"tags":[],"class_list":["post-72565","post","type-post","status-publish","format-standard","has-post-thumbnail","hentry","category-algerie","category-sport"],"_links":{"self":[{"href":"https:\/\/linitiative.ca\/International\/wp-json\/wp\/v2\/posts\/72565","targetHints":{"allow":["GET"]}}],"collection":[{"href":"https:\/\/linitiative.ca\/International\/wp-json\/wp\/v2\/posts"}],"about":[{"href":"https:\/\/linitiative.ca\/International\/wp-json\/wp\/v2\/types\/post"}],"author":[{"embeddable":true,"href":"https:\/\/linitiative.ca\/International\/wp-json\/wp\/v2\/users\/1738"}],"replies":[{"embeddable":true,"href":"https:\/\/linitiative.ca\/International\/wp-json\/wp\/v2\/comments?post=72565"}],"version-history":[{"count":0,"href":"https:\/\/linitiative.ca\/International\/wp-json\/wp\/v2\/posts\/72565\/revisions"}],"wp:featuredmedia":[{"embeddable":true,"href":"https:\/\/linitiative.ca\/International\/wp-json\/"}],"wp:attachment":[{"href":"https:\/\/linitiative.ca\/International\/wp-json\/wp\/v2\/media?parent=72565"}],"wp:term":[{"taxonomy":"category","embeddable":true,"href":"https:\/\/linitiative.ca\/International\/wp-json\/wp\/v2\/categories?post=72565"},{"taxonomy":"post_tag","embeddable":true,"href":"https:\/\/linitiative.ca\/International\/wp-json\/wp\/v2\/tags?post=72565"}],"curies":[{"name":"wp","href":"https:\/\/api.w.org\/{rel}","templated":true}]}}