{"id":72571,"date":"2020-01-09T10:28:39","date_gmt":"2020-01-09T15:28:39","guid":{"rendered":"https:\/\/linitiative.ca\/International\/99934-ligue-des-champions-js-kabylie-le-match-contre-le-raja-est-determinant\/"},"modified":"2020-01-09T10:28:39","modified_gmt":"2020-01-09T15:28:39","slug":"99934-ligue-des-champions-js-kabylie-le-match-contre-le-raja-est-determinant","status":"publish","type":"post","link":"https:\/\/linitiative.ca\/International\/99934-ligue-des-champions-js-kabylie-le-match-contre-le-raja-est-determinant\/","title":{"rendered":"Ligue des champions JS Kabylie: Le match contre le Raja est \u00a0\u00bb  d\u00e9terminant\u00a0\u00bb"},"content":{"rendered":"<div readability=\"39\">\n<p><strong>TIZI-OUZOU- La rencontre contre le Raja Casablanca, pr\u00e9vue ce vendredi \u00e0 17H00 Tizi-Ouzou, est \u00a0\u00a0\u00bb d\u00e9terminante\u00a0\u00bb pour la suite du parcours de la JS Kabylie en Ligue des champions africaine, a estim\u00e9 jeudi, l\u2019entraineur Hubert V\u00e9lud, lors d\u2019un point de presse d\u2019avant match.<\/strong><\/p>\n<\/div>\n<div readability=\"61.1459987783\">\n<p>\u00a0\u00bb Nous savons ce qui nous attend, nous sommes face \u00e0 un rapport de force difficile et une rencontre d\u00e9terminante pour la suite de la comp\u00e9tition pour le club, mais \u00e0 Tizi-Ouzou tout est possible. Il faut se mettre dans les conditions de r\u00e9aliser un exploit, chose pour laquelle nous nous sommes pr\u00e9par\u00e9s d\u00e8s le d\u00e9but de semaine \u00a0\u00bb a-t-il indiqu\u00e9.<\/p>\n<p>Le technicien fran\u00e7ais a soulign\u00e9 que son \u00e9quipe va faire le maximum pour imposer son jeu et engranger les trois de la victoire contre un adversaire \u00ab\u00a0r\u00e9aliste qui a la maitrise de la technique\u00a0\u00bb.<\/p>\n<p>Dans le m\u00eame sillage, il a ajout\u00e9 que les joueurs \u00a0\u00bb sont remis de l\u2019\u00e9limination en coupe d\u2019Alg\u00e9rie et sont conscients que la <strong><em><a href=\"http:\/\/www.aps.dz\/sport\/99510-foot-ligue-des-champions-phase-de-poules-3e-j-resultats-complets\" target=\"_blank\" rel=\"noopener noreferrer\">ligue des champions<\/a><\/em><\/strong> est un autre contexte\u00a0\u00bb\u00a0 affirmant que les Canaris aligneront\u00a0 une \u00e9quipe comp\u00e9titive, malgr\u00e9 l\u2019absence de certains \u00e9l\u00e9ments dont Tizi-Bouali \u00a0et \u00a0Djouma\u00a0\u00bb.<\/p>\n<hr\/>\n<h3 class=\"c30\">Lire aussi : <a href=\"http:\/\/www.aps.dz\/sport\/99701-la-jsk-en-2019-du-maintien-a-la-ligue-des-champions\" target=\"_blank\" rel=\"noopener noreferrer\">La JSK en 2019 : du maintien \u00e0 la Ligue des champions<\/a><\/h3>\n<hr\/>\n<blockquote readability=\"13\">\n<p class=\"c31\"><strong>Pour sa part, Jamal Sellami, l\u2019entraineur du Raja a \u00e9voqu\u00e9 \u00a0\u00bb une rencontre difficile pour les deux \u00e9quipes , soulignant, toutefois, que le Raja est \u00a0\u00bb en p\u00e9riode faste dont il profitera pour consolider sa position au sein du groupe \u00a0\u00bb qui est, a-t-il ajout\u00e9 est \u00a0\u00bb tr\u00e8s ouvert\u00a0\u00bb.<\/strong><\/p>\n<\/blockquote>\n<p>En outre, le Raja qui jouera lui aussi sans 6 joueurs cl\u00e9s \u00a0\u00bb poss\u00e8de un effectif assez riche pour r\u00e9pondre pr\u00e9sent face \u00e0 un grand club comme la \u00a0JSK \u00a0\u00bb a indiqu\u00e9 Sellami en conf\u00e9rence de presse.<\/p>\n<p>A la veille de la quatri\u00e8me journ\u00e9e, l&rsquo;ES Tunis est en t\u00eate du groupe D avec 7 points devant le Raja (6 pts), tandis que la JSK occupe la 3\u00e8me position avec 3 points. L&rsquo;AS Vita Club ferme la marche (1pt).<\/p>\n<\/div>\n<p>Auteur:<br \/>\n<a href=\"http:\/\/www.aps.dz\/sport\/99934-ligue-des-champions-js-kabylie-le-match-contre-le-raja-est-determinant?utm_source=feedburner&#038;utm_medium=feed&#038;utm_campaign=Feed%3A+aps-sport+%28APS+-+SPORT%29\">Cliquez ici pour lire l&rsquo;article depuis sa source.<\/a><\/p>\n","protected":false},"excerpt":{"rendered":"<p>TIZI-OUZOU- La rencontre contre le Raja Casablanca, pr\u00e9vue ce vendredi \u00e0 17H00 Tizi-Ouzou, est \u00a0\u00a0\u00bb d\u00e9terminante\u00a0\u00bb pour la suite du parcours de la JS Kabylie en Ligue des champions africaine, a estim\u00e9 jeudi, l\u2019entraineur Hubert V\u00e9lud, lors d\u2019un point de presse d\u2019avant match. \u00a0\u00bb Nous savons ce qui nous attend, nous sommes face \u00e0 un [&hellip;]<\/p>\n","protected":false},"author":1790,"featured_media":0,"comment_status":"closed","ping_status":"closed","sticky":false,"template":"","format":"standard","meta":{"fifu_image_url":"","fifu_image_alt":"","footnotes":""},"categories":[53,75],"tags":[],"class_list":["post-72571","post","type-post","status-publish","format-standard","hentry","category-algerie","category-sport"],"_links":{"self":[{"href":"https:\/\/linitiative.ca\/International\/wp-json\/wp\/v2\/posts\/72571","targetHints":{"allow":["GET"]}}],"collection":[{"href":"https:\/\/linitiative.ca\/International\/wp-json\/wp\/v2\/posts"}],"about":[{"href":"https:\/\/linitiative.ca\/International\/wp-json\/wp\/v2\/types\/post"}],"author":[{"embeddable":true,"href":"https:\/\/linitiative.ca\/International\/wp-json\/wp\/v2\/users\/1790"}],"replies":[{"embeddable":true,"href":"https:\/\/linitiative.ca\/International\/wp-json\/wp\/v2\/comments?post=72571"}],"version-history":[{"count":0,"href":"https:\/\/linitiative.ca\/International\/wp-json\/wp\/v2\/posts\/72571\/revisions"}],"wp:attachment":[{"href":"https:\/\/linitiative.ca\/International\/wp-json\/wp\/v2\/media?parent=72571"}],"wp:term":[{"taxonomy":"category","embeddable":true,"href":"https:\/\/linitiative.ca\/International\/wp-json\/wp\/v2\/categories?post=72571"},{"taxonomy":"post_tag","embeddable":true,"href":"https:\/\/linitiative.ca\/International\/wp-json\/wp\/v2\/tags?post=72571"}],"curies":[{"name":"wp","href":"https:\/\/api.w.org\/{rel}","templated":true}]}}