{"id":72573,"date":"2020-01-09T04:04:17","date_gmt":"2020-01-09T09:04:17","guid":{"rendered":"https:\/\/linitiative.ca\/International\/vers-une-pause-dans-lescalade-apres-la-riposte-calibree-de-teheran\/"},"modified":"2020-01-09T04:04:17","modified_gmt":"2020-01-09T09:04:17","slug":"vers-une-pause-dans-lescalade-apres-la-riposte-calibree-de-teheran","status":"publish","type":"post","link":"https:\/\/linitiative.ca\/International\/vers-une-pause-dans-lescalade-apres-la-riposte-calibree-de-teheran\/","title":{"rendered":"Vers une pause dans l\u2019escalade apr\u00e8s\u00a0 la riposte calibr\u00e9e de T\u00e9h\u00e9ran ?"},"content":{"rendered":"<h4 class=\"title-14\"\/>\n<p class=\"p3\"><span class=\"s1\">L<\/span><span class=\"s1\">es frappes iraniennes ayant vis\u00e9 des bases am\u00e9ricaines en Irak, en riposte \u00e0 l\u2019assassinat d\u2019un g\u00e9n\u00e9ral iranien, semblent une r\u00e9ponse sciemment calibr\u00e9e susceptible d\u2019\u00e9viter une surench\u00e8re de Washington, jugent de nombreux experts, tout en pr\u00e9venant que T\u00e9h\u00e9ran risque de poursuivre ses repr\u00e9sailles par des moyens d\u00e9tourn\u00e9s.<\/span><\/p>\n<p class=\"p3\"><span class=\"s1\">Apr\u00e8s avoir promis de venger la mort de Qassem Soleimani, l\u2019architecte de sa strat\u00e9gie au Moyen-Orient, l\u2019Iran a tir\u00e9 22 missiles sur des bases de la coalition internationale, abritant des soldats am\u00e9ricains, en Irak.<\/span><\/p>\n<p class=\"p3\"><span class=\"s1\">Au lendemain des fun\u00e9railles du g\u00e9n\u00e9ral iranien, o\u00f9 une foule immense r\u00e9clamait vengeance, T\u00e9h\u00e9ran a frapp\u00e9 en soignant les symboles\u00a0: ses tirs ont eu lieu \u00e0 l\u2019heure exacte o\u00f9 une frappe de drone am\u00e9ricain tuait le g\u00e9n\u00e9ral Soleimani \u00e0 Baghdad cinq jours plus t\u00f4t.<\/span><\/p>\n<p class=\"p3\"><span class=\"s1\">Les tirs iraniens semblent toutefois n\u2019avoir fait aucun mort parmi les militaires am\u00e9ricains et leurs partenaires \u00e9trangers. <em>\u00abL\u2019\u00e9valuation des d\u00e9g\u00e2ts et des victimes est en cours. Jusqu\u2019ici, tout va bien\u00a0!\u00bb<\/em> a tweet\u00e9 le pr\u00e9sident am\u00e9ricain, Donald Trump.<\/span><\/p>\n<p class=\"p3\"><span class=\"s1\"><em>\u00abNous ne cherchons pas l\u2019escalade ou la guerre\u00bb<\/em>, s\u2019est quant \u00e0 lui empress\u00e9 d\u2019assurer le chef de la diplomatie iranienne, Mohammad Javad Zarif, pr\u00e9cisant que les repr\u00e9sailles <em>\u00abproportionn\u00e9es\u00bb<\/em> de la nuit \u00e9taient <em>\u00abtermin\u00e9es\u00bb<\/em>. Le guide supr\u00eame, l\u2019ayatollah Ali Khamenei, a toutefois estim\u00e9 que cette <em>\u00abgifle \u00e0 la face\u00bb<\/em> des Etats-Unis n\u2019\u00e9tait <em>\u00abpas suffisante pour cette affaire\u00bb.<\/em><\/span><\/p>\n<p class=\"p3\"><span class=\"s1\">De l\u2019avis de plusieurs analystes, le gouvernement iranien a r\u00e9pondu prestement pour contenter son opinion publique, tout en choisissant de graduer sa riposte pour \u00e9viter de provoquer une confrontation \u00e0 grande \u00e9chelle avec son ennemi historique.<\/span><\/p>\n<p class=\"p3\"><span class=\"s1\"><em>\u00abAvec ces attaques, T\u00e9h\u00e9ran a montr\u00e9 sa capacit\u00e9 et sa d\u00e9termination \u00e0 r\u00e9pondre aux attaques am\u00e9ricaines, sauvant ainsi la face, tout en choisissant soigneusement ses cibles pour \u00e9viter de faire des victimes et ainsi provoquer une r\u00e9action de Trump\u00bb<\/em>, analyse Annalisa Perteghella, sp\u00e9cialiste de l\u2019Iran \u00e0 l\u2019Institut d\u2019analyse g\u00e9opolitique italien (Ispi).<\/span><\/p>\n<p class=\"p3\"><span class=\"s1\"><em>\u00abLa balle est d\u00e9sormais dans le camp am\u00e9ricain.\u00bb \u00abLes Iraniens ont tent\u00e9 la quadrature du cercle, une attaque tr\u00e8s proportionn\u00e9e qui ne soit pas de nature \u00e0 n\u00e9cessairement provoquer la riposte promise par Trump\u00bb<\/em>, abonde Fran\u00e7ois Heisbourg, expert \u00e0 la Fondation pour la recherche strat\u00e9gique (FRS).<\/span><\/p>\n<p class=\"p3\"><strong><span class=\"s1\">\u00abClairement un signal\u00bb<\/span><\/strong><\/p>\n<p class=\"p3\"><span class=\"s1\"><em>\u00abDu c\u00f4t\u00e9 iranien, c\u2019est clairement un signal de l\u2019arr\u00eat du processus d\u2019escalade. La vraie question maintenant, c\u2019est de savoir ce que va faire Trump\u00bb<\/em>, qui a promis de prendre la parole hier, souligne-t-il. De l\u2019avis de nombre d\u2019analystes, il faut malgr\u00e9 tout s\u2019attendre \u00e0 ce que T\u00e9h\u00e9ran continue ses activit\u00e9s de d\u00e9stabilisation dans la r\u00e9gion via ses suppl\u00e9tifs.<\/span><\/p>\n<p class=\"p3\"><span class=\"s1\"><em>\u00abLa riposte iranienne, c\u2019est du feu d\u2019artifice, \u00e7a donne l\u2019illusion d\u2019une riposte, car ils n\u2019ont pas int\u00e9r\u00eat \u00e0 faire monter la mayonnaise. Ce qu\u2019il faut attendre maintenant, c\u2019est le coup de poignard derri\u00e8re le rideau qui viendra plus tard\u00bb<\/em>, abonde Thomas Flichy de La Neuville, chercheur associ\u00e9 \u00e0 l\u2019universit\u00e9 d\u2019Oxford et professeur de g\u00e9opolitique \u00e0 la Rennes School of Business.<\/span><\/p>\n<p class=\"p3\"><span class=\"s1\"><em>\u00abPersonne ne souhaite une confrontation \u00e0 grande \u00e9chelle, ni Trump pour des raisons \u00e9lectorales ni du c\u00f4t\u00e9 iranien, car T\u00e9h\u00e9ran n\u2019en a pas les moyens, ni \u00e9conomiques ni militaires. Mais ce type de situation peut d\u00e9raper. Les risques sont tr\u00e8s \u00e9lev\u00e9s\u00bb<\/em>, pr\u00e9vient Marc Finaud, ancien diplomate fran\u00e7ais et expert du centre de r\u00e9flexion Geneva Center for Security Policy.<\/span><\/p>\n<p class=\"p3\"><span class=\"s1\">Avec les frappes, <em>\u00ables Iraniens lavent leur honneur, ce qui est un facteur tr\u00e8s important en raison de la valeur de Soleimani. La question est de savoir si cela leur suffit\u00bb<\/em>, pr\u00e9vient John Raine, expert en g\u00e9opolitique au centre de r\u00e9flexion britannique International Institute for Strategic Studies (IISS), en craignant que T\u00e9h\u00e9ran envisage <em>\u00abdes attaques contre les int\u00e9r\u00eats am\u00e9ricains ailleurs dans la r\u00e9gion, particuli\u00e8rement dans les pays o\u00f9 l\u2019Iran a des leviers op\u00e9rationnels\u00bb.<\/em>\u00a0<\/span><\/p>\n<p><span class=\"post-views-label\">Post Views:<\/span> <span class=\"post-views-count\">259<\/span><\/p>\n<p><br class=\"c2\"\/><br \/>\nAuteur: Anis Khecheba<br \/>\n<a href=\"https:\/\/www.elwatan.com\/edition\/international\/vers-une-pause-dans-lescalade-apres-la-riposte-calibree-de-teheran-09-01-2020\">Cliquez ici pour lire l&rsquo;article depuis sa source.<\/a><\/p>\n","protected":false},"excerpt":{"rendered":"<p>Les frappes iraniennes ayant vis\u00e9 des bases am\u00e9ricaines en Irak, en riposte \u00e0 l\u2019assassinat d\u2019un g\u00e9n\u00e9ral iranien, semblent une r\u00e9ponse sciemment calibr\u00e9e susceptible d\u2019\u00e9viter une surench\u00e8re de Washington, jugent de nombreux experts, tout en pr\u00e9venant que T\u00e9h\u00e9ran risque de poursuivre ses repr\u00e9sailles par des moyens d\u00e9tourn\u00e9s. Apr\u00e8s avoir promis de venger la mort de Qassem [&hellip;]<\/p>\n","protected":false},"author":1743,"featured_media":0,"comment_status":"closed","ping_status":"closed","sticky":false,"template":"","format":"standard","meta":{"fifu_image_url":"","fifu_image_alt":"","footnotes":""},"categories":[73,53],"tags":[],"class_list":["post-72573","post","type-post","status-publish","format-standard","hentry","category-actualite","category-algerie"],"_links":{"self":[{"href":"https:\/\/linitiative.ca\/International\/wp-json\/wp\/v2\/posts\/72573","targetHints":{"allow":["GET"]}}],"collection":[{"href":"https:\/\/linitiative.ca\/International\/wp-json\/wp\/v2\/posts"}],"about":[{"href":"https:\/\/linitiative.ca\/International\/wp-json\/wp\/v2\/types\/post"}],"author":[{"embeddable":true,"href":"https:\/\/linitiative.ca\/International\/wp-json\/wp\/v2\/users\/1743"}],"replies":[{"embeddable":true,"href":"https:\/\/linitiative.ca\/International\/wp-json\/wp\/v2\/comments?post=72573"}],"version-history":[{"count":0,"href":"https:\/\/linitiative.ca\/International\/wp-json\/wp\/v2\/posts\/72573\/revisions"}],"wp:attachment":[{"href":"https:\/\/linitiative.ca\/International\/wp-json\/wp\/v2\/media?parent=72573"}],"wp:term":[{"taxonomy":"category","embeddable":true,"href":"https:\/\/linitiative.ca\/International\/wp-json\/wp\/v2\/categories?post=72573"},{"taxonomy":"post_tag","embeddable":true,"href":"https:\/\/linitiative.ca\/International\/wp-json\/wp\/v2\/tags?post=72573"}],"curies":[{"name":"wp","href":"https:\/\/api.w.org\/{rel}","templated":true}]}}