{"id":72574,"date":"2020-01-09T04:06:11","date_gmt":"2020-01-09T09:06:11","guid":{"rendered":"https:\/\/linitiative.ca\/International\/tebboune-engage-la-reforme-constitutionnelle\/"},"modified":"2020-01-09T04:06:11","modified_gmt":"2020-01-09T09:06:11","slug":"tebboune-engage-la-reforme-constitutionnelle","status":"publish","type":"post","link":"https:\/\/linitiative.ca\/International\/tebboune-engage-la-reforme-constitutionnelle\/","title":{"rendered":"Tebboune engage la r\u00e9forme constitutionnelle"},"content":{"rendered":"<h4 class=\"title-14\">Installation d\u2019un comit\u00e9 d\u2019experts pour formuler des propositions dans un d\u00e9lai de deux mois<\/h4>\n<div class=\"featured_image\"><img loading=\"lazy\" decoding=\"async\" width=\"1000\" height=\"591\" src=\"https:\/\/www.elwatan.com\/wp-content\/uploads\/2020\/01\/tebboune.gif\" class=\"attachment-post-thumbnail size-post-thumbnail wp-post-image\" alt=\"\"\/><\/div>\n<p class=\"p4\"><span class=\"s1\"><strong>Equilibre des pouvoirs, ind\u00e9pendance de la justice, conforter l\u2019ordre d\u00e9mocratique fond\u00e9 sur le pluralisme politique et l\u2019alternance au pouvoir. La pr\u00e9sidence de la R\u00e9publique a donn\u00e9, hier, quelques d\u00e9tails sur la nature des amendements de la Constitution. A cet effet, le chef de l\u2019Etat a nomm\u00e9 le P<sup>r<\/sup> Ahmed Laraba pour pr\u00e9sider un comit\u00e9 d\u2019experts, qui se chargera de formuler des propositions. Et il devra le faire dans un d\u00e9lai ne d\u00e9passant pas les deux mois. Les propositions seront par la suite soumises \u00e0 la classe politique.<\/strong><\/span><\/p>\n<p class=\"p4\"><span class=\"s1\"><strong>L<\/strong><\/span><span class=\"s1\">e pr\u00e9sident de la R\u00e9publique a nomm\u00e9 le P<sup>r<\/sup> Ahmed Laraba \u00e0 la t\u00eate du comit\u00e9 d\u2019experts charg\u00e9 de soumettre les propositions concernant l\u2019amendement de la Constitution. La Pr\u00e9sidence a \u00e9galement fix\u00e9 un d\u00e9lai pour la fin des travaux dudit comit\u00e9.<\/span><\/p>\n<p class=\"p7\"><span class=\"s1\">Il dispose de deux mois pour \u00e9tablir un rapport. Ainsi, quelques jours seulement apr\u00e8s avoir \u00e9voqu\u00e9 d\u2019une mani\u00e8re officielle un <em>\u00abprofond amendement de la Constitution\u00bb<\/em>, le chef de l\u2019Etat installe ce professeur universitaire et membre de la Commission du droit international \u00e0 l\u2019Organisation des Nations unies (ONU) \u00e0 la t\u00eate du comit\u00e9 d\u2019experts qui aura la charge de se pencher sur la question.<\/span><\/p>\n<p class=\"p7\"><span class=\"s1\"><em>\u00abLa cr\u00e9ation du comit\u00e9 d\u2019experts vient concr\u00e9tiser un des engagements que monsieur le pr\u00e9sident de la R\u00e9publique a plac\u00e9 \u00e0 la t\u00eate des priorit\u00e9s de son mandat \u00e0 la pr\u00e9sidence de la R\u00e9publique, celui de l\u2019amendement de la Constitution\u00bb<\/em>, a indiqu\u00e9 la Pr\u00e9sidence dans un communiqu\u00e9.<\/span><\/p>\n<p class=\"p7\"><span class=\"s1\">Une r\u00e9vision de la Constitution qui <em>\u00abconstitue la pierre angulaire pour l\u2019\u00e9dification d\u2019une nouvelle R\u00e9publique afin de r\u00e9aliser les revendications de notre peuple exprim\u00e9es par le mouvement populaire\u00bb. \u00abLe Pr\u00e9sident entend proc\u00e9der \u00e0 une r\u00e9forme en profondeur de la Constitution \u00e0 laquelle il s\u2019est engag\u00e9, en vue de favoriser l\u2019\u00e9mergence de nouveaux modes de gouvernance et de mettre<\/em> <em>en place les fondements de l\u2019Alg\u00e9rie nouvelle\u00bb<\/em>, ajoute-t-on encore.<\/span><\/p>\n<p class=\"p7\"><strong><span class=\"s1\">Equilibre des pouvoirs et ind\u00e9pendance de la justice<\/span><\/strong><\/p>\n<p class=\"p9\"><span class=\"s1\">En quoi consisteront pr\u00e9cis\u00e9ment ces amendements ? La pr\u00e9sidence de la R\u00e9publique a donn\u00e9 des pistes dans son communiqu\u00e9. Ainsi, le comit\u00e9 d\u2019experts aura \u00e0 <em>\u00abanalyser et \u00e9valuer, sous tous leurs aspects, l\u2019organisation et le fonctionnement des institutions de l\u2019Etat\u00bb<\/em> et \u00e0 <em>\u00abpr\u00e9senter au pr\u00e9sident de la R\u00e9publique des propositions et recommandations ayant pour objet de conforter l\u2019ordre d\u00e9mocratique fond\u00e9 sur le pluralisme politique et l\u2019alternance au pouvoir\u00bb<\/em>.<\/span><\/p>\n<p class=\"p10\"><span class=\"s1\">Les propositions devront permettre, en outre, de <em>\u00abpr\u00e9munir notre pays contre toute forme d\u2019autocratie et d\u2019assurer une r\u00e9elle s\u00e9paration et un meilleur \u00e9quilibre des pouvoirs, en introduisant davantage de coh\u00e9rence dans le fonctionnement du pouvoir ex\u00e9cutif et en r\u00e9habilitant le Parlement, notamment dans sa fonction de contr\u00f4le de l\u2019action du gouvernement\u00bb<\/em>.<\/span><\/p>\n<p class=\"p10\"><span class=\"s1\">L\u2019ind\u00e9pendance de la justice a \u00e9galement \u00e9t\u00e9 cit\u00e9e par la Pr\u00e9sidence. <em>\u00abLe comit\u00e9 aura \u00e0 proposer toute mesure de nature \u00e0 am\u00e9liorer les garanties de l\u2019ind\u00e9pendance des magistrats, \u00e0 renforcer les droits des citoyens et \u00e0 en garantir l\u2019exercice, \u00e0 conforter la moralisation de la vie publique et \u00e0 r\u00e9habiliter les institutions de contr\u00f4le et de consultation\u00bb<\/em>.<\/span><\/p>\n<p class=\"p10\"><span class=\"s1\">Dans tous les cas de figure, l\u2019important aujourd\u2019hui est de savoir quelle sera la position de la classe politique vis-\u00e0-vis de cette d\u00e9marche. Certains observateurs et hommes politiques estiment toujours que <em>\u00abla Constitution n\u2019est pas un probl\u00e8me technique, mais politique\u00bb.<\/em><\/span><\/p>\n<p class=\"p10\"><span class=\"s1\">Les forces du Pacte de l\u2019alternative d\u00e9mocratique (PAD) ont refus\u00e9, pour leur part, lundi dernier, <em>\u00abde se laisser enfermer dans la d\u00e9marche unilat\u00e9rale du pouvoir\u00bb<\/em>. D\u2019autres, comme le MSP, ont par contre affich\u00e9 leur pr\u00e9disposition \u00e0 prendre part au dialogue qui sera lanc\u00e9 par Tebboune.<\/span><\/p>\n<p class=\"p10\"><span class=\"s1\">En tout cas, ces propositions seront soumises par la suite \u00e0 la classe politique. <em>\u00abLes conclusions des travaux du comit\u00e9, traduites dans un rapport, et un projet de la loi constitutionnelle devront \u00eatre remis dans un d\u00e9lai de deux mois \u00e0 compter de la date d\u2019installation dudit comit\u00e9\u00bb<\/em>, a indiqu\u00e9 la Pr\u00e9sidence.<\/span><\/p>\n<p class=\"p10\"><span class=\"s1\">Et d\u2019ajouter qu\u2019<em>\u00abune fois remis, le projet de r\u00e9vision de la Constitution fera l\u2019objet de larges consultations aupr\u00e8s des acteurs de la vie politique et de la soci\u00e9t\u00e9 civile avant d\u2019\u00eatre d\u00e9pos\u00e9, suivant les proc\u00e9dures constitutionnelles en vigueur, au Parlement pour adoption\u00bb. \u00abLe texte adopt\u00e9 par le Parlement sera ensuite soumis \u00e0 un r\u00e9f\u00e9rendum populaire\u00bb<\/em>, pr\u00e9cise-t-on encore.<\/span><\/p>\n<p class=\"p10\"><span class=\"s1\">En dernier lieu, il est utile de signaler qu\u2019en plus de son pr\u00e9sident, le P<sup>r<\/sup> Ahmed Laraba, et de son rapporteur g\u00e9n\u00e9ral, Walid Laggoune, professeur de droit public \u00e0 l\u2019universit\u00e9 d\u2019Alger, le comit\u00e9 d\u2019experts est compos\u00e9 de 15 autres professeurs de droit, dont quelques-uns exer\u00e7ant \u00e0 l\u2019\u00e9tranger, soit dans des facult\u00e9s soit dans des instances internationales, \u00e0 l\u2019instar de Maya Sahli, membre de la Commission africaine des droits de l\u2019homme, ou Fatsah Ouguergouz, ancien juge \u00e0 la Cour africaine des droits de l\u2019homme.<\/span><\/p>\n<p><span class=\"post-views-label\">Post Views:<\/span> <span class=\"post-views-count\">2\u00a0245<\/span><\/p>\n<p><br class=\"c2\"\/><\/p>\n<p>Auteur: Anis Khecheba<br \/>\n<a href=\"https:\/\/www.elwatan.com\/edition\/actualite\/tebboune-engage-la-reforme-constitutionnelle-09-01-2020\">Cliquez ici pour lire l&rsquo;article depuis sa source.<\/a><\/p>\n","protected":false},"excerpt":{"rendered":"<p>Installation d\u2019un comit\u00e9 d\u2019experts pour formuler des propositions dans un d\u00e9lai de deux mois Equilibre des pouvoirs, ind\u00e9pendance de la justice, conforter l\u2019ordre d\u00e9mocratique fond\u00e9 sur le pluralisme politique et l\u2019alternance au pouvoir. La pr\u00e9sidence de la R\u00e9publique a donn\u00e9, hier, quelques d\u00e9tails sur la nature des amendements de la Constitution. A cet effet, le [&hellip;]<\/p>\n","protected":false},"author":1743,"featured_media":72575,"comment_status":"closed","ping_status":"closed","sticky":false,"template":"","format":"standard","meta":{"fifu_image_url":"","fifu_image_alt":"","footnotes":""},"categories":[73,53],"tags":[],"class_list":["post-72574","post","type-post","status-publish","format-standard","has-post-thumbnail","hentry","category-actualite","category-algerie"],"_links":{"self":[{"href":"https:\/\/linitiative.ca\/International\/wp-json\/wp\/v2\/posts\/72574","targetHints":{"allow":["GET"]}}],"collection":[{"href":"https:\/\/linitiative.ca\/International\/wp-json\/wp\/v2\/posts"}],"about":[{"href":"https:\/\/linitiative.ca\/International\/wp-json\/wp\/v2\/types\/post"}],"author":[{"embeddable":true,"href":"https:\/\/linitiative.ca\/International\/wp-json\/wp\/v2\/users\/1743"}],"replies":[{"embeddable":true,"href":"https:\/\/linitiative.ca\/International\/wp-json\/wp\/v2\/comments?post=72574"}],"version-history":[{"count":0,"href":"https:\/\/linitiative.ca\/International\/wp-json\/wp\/v2\/posts\/72574\/revisions"}],"wp:featuredmedia":[{"embeddable":true,"href":"https:\/\/linitiative.ca\/International\/wp-json\/"}],"wp:attachment":[{"href":"https:\/\/linitiative.ca\/International\/wp-json\/wp\/v2\/media?parent=72574"}],"wp:term":[{"taxonomy":"category","embeddable":true,"href":"https:\/\/linitiative.ca\/International\/wp-json\/wp\/v2\/categories?post=72574"},{"taxonomy":"post_tag","embeddable":true,"href":"https:\/\/linitiative.ca\/International\/wp-json\/wp\/v2\/tags?post=72574"}],"curies":[{"name":"wp","href":"https:\/\/api.w.org\/{rel}","templated":true}]}}