{"id":72580,"date":"2020-01-09T04:10:25","date_gmt":"2020-01-09T09:10:25","guid":{"rendered":"https:\/\/linitiative.ca\/International\/la-tension-sexacerbe-entre-liran-et-les-usa-le-moyen-orient-sur-un-volcan\/"},"modified":"2020-01-09T04:10:25","modified_gmt":"2020-01-09T09:10:25","slug":"la-tension-sexacerbe-entre-liran-et-les-usa-le-moyen-orient-sur-un-volcan","status":"publish","type":"post","link":"https:\/\/linitiative.ca\/International\/la-tension-sexacerbe-entre-liran-et-les-usa-le-moyen-orient-sur-un-volcan\/","title":{"rendered":"La tension s\u2019exacerbe entre l\u2019Iran et les USA : Le Moyen-Orient sur un volcan"},"content":{"rendered":"<h4 class=\"title-14\"\/>\n<div class=\"featured_image\"><img loading=\"lazy\" decoding=\"async\" width=\"1200\" height=\"624\" src=\"https:\/\/www.elwatan.com\/wp-content\/uploads\/2020\/01\/UNEEEEEE.gif\" class=\"attachment-post-thumbnail size-post-thumbnail wp-post-image\" alt=\"\"\/><\/div>\n<p class=\"p1\"><span class=\"s1\"><strong>Le bras de fer entre Washington et T\u00e9h\u00e9ran a commenc\u00e9 apr\u00e8s la d\u00e9cision, en mai 2018, du pr\u00e9sident Donald Trump, au pr\u00e9texte qu\u2019il a \u00e9t\u00e9 mal n\u00e9goci\u00e9, de retirer les Etats-Unis de l\u2019accord sur le nucl\u00e9aire iranien et de soumette l\u2019Iran \u00e0 un s\u00e9v\u00e8re r\u00e9gime de sanctions. Un r\u00e9gime qui a mis \u00e0 genoux l\u2019\u00e9conomie iranienne mais qui n\u2019a en revanche pas r\u00e9ussi \u00e0 faire trembler les bases du r\u00e9gime des mollahs.<\/strong><\/span><\/p>\n<p class=\"p3\"><span class=\"s1\"><strong>L<\/strong><\/span><span class=\"s1\">\u2019exacerbation des tensions, ces derniers jours, entre les Etats-Unis et l\u2019Iran fait craindre le basculement du Moyen-Orient dans une nouvelle guerre destructrice. La r\u00e9cente escalade entre les deux pays, apr\u00e8s l\u2019assassinat par les Am\u00e9ricains du g\u00e9n\u00e9ral Qassem Soleimani, le 3 janvier \u00e0 Baghdad, pr\u00e9sente en tout cas des cons\u00e9quences impr\u00e9visibles.<\/span><\/p>\n<p class=\"p4\"><span class=\"s1\">La r\u00e9plique dans la nuit de mardi \u00e0 mercredi de T\u00e9h\u00e9ran, en Irak, \u00e0 la mort du commandant de la Force Al Qods du corps des Gardiens de la r\u00e9volution islamique, a eu pour effet de placer la r\u00e9gion dans le rouge.<\/span><\/p>\n<p class=\"p4\"><span class=\"s1\">Et signe que l\u2019\u00e9ventualit\u00e9 d\u2019une crise durable n\u2019est pas \u00e0 \u00e9carter, l\u2019Agence f\u00e9d\u00e9rale de l\u2019aviation am\u00e9ricaine (FAA) a interdit aux avions civils am\u00e9ricains le survol de l\u2019Irak, de l\u2019Iran et du Golfe. Sur le march\u00e9 p\u00e9trolier, le prix du brut s\u2019envolait de plus de 4,5% hier dans les \u00e9changes en Asie.<\/span><\/p>\n<p class=\"p4\"><span class=\"s1\">Alors que les fun\u00e9railles du g\u00e9n\u00e9ral Soleimani \u00e9taient toujours en cours en Iran, les autorit\u00e9s iraniennes ont effectivement ripost\u00e9 comme elles avaient promis de le faire une journ\u00e9e auparavant. Elles ont dit avoir frapp\u00e9 les bases d\u2019Al Assad et d\u2019Erbil, qui abritent certains des 5000 soldats am\u00e9ricains stationn\u00e9s en Irak.<\/span><\/p>\n<p class=\"p4\"><span class=\"s1\">Selon le Pentagone, une douzaine de missiles ont \u00e9t\u00e9 lanc\u00e9s depuis l\u2019Iran contre les bases d\u2019Al Assad et d\u2019Erbil. Le commandement militaire irakien, de son c\u00f4t\u00e9, a parl\u00e9 hier de 22 missiles. Selon la m\u00eame source, ces missiles se sont abattus sur deux bases sur son sol sans faire de <em>\u00abvictime parmi les forces irakiennes\u00bb.<\/em><\/span><\/p>\n<p class=\"p4\"><span class=\"s1\">Le communiqu\u00e9 ne fait pas mention d\u2019\u00e9ventuelles victimes au sein des forces de la coalition. Mais apparemment, le topo \u00e9tait le m\u00eame du c\u00f4t\u00e9 am\u00e9ricain. <em>\u00abL\u2019\u00e9valuation des d\u00e9g\u00e2ts et des victimes est en cours. Jusqu\u2019ici, tout va bien\u00a0!\u00bb<\/em> a indiqu\u00e9 \u00e0 ce propos dans un tweet le pr\u00e9sident am\u00e9ricain, Donald Trump. <em>\u00abAucun Am\u00e9ricain n\u2019a \u00e9t\u00e9 touch\u00e9 dans les frappes iraniennes en Irak\u00bb<\/em>, a-t-il confirm\u00e9 durant la journ\u00e9e d\u2019hier.<\/span><\/p>\n<p class=\"p4\"><strong><span class=\"s1\">Riposte gradu\u00e9e<\/span><\/strong><\/p>\n<p class=\"p5\"><span class=\"s1\">L\u2019Iran a-t-il donc loup\u00e9 son coup\u00a0? Oui et non\u00a0! Des experts de l\u2019Institut d\u2019analyse g\u00e9opolitique italien (Ispi), cit\u00e9s par les m\u00e9dias, soutiennent que les frappes iraniennes <em>\u00absemblent une r\u00e9ponse sciemment calibr\u00e9e, susceptible d\u2019\u00e9viter une surench\u00e8re de Washington, tout en pr\u00e9venant que T\u00e9h\u00e9ran risque de poursuivre ses repr\u00e9sailles par des moyens d\u00e9tourn\u00e9s\u00bb<\/em>.<\/span><\/p>\n<p class=\"p4\"><span class=\"s1\">Cela semble le cas, puisque Donald Trump n\u2019a pas envisag\u00e9, hier, de r\u00e9pondre \u00e0 l\u2019attaque de l\u2019Iran. Pas pour le moment du moins. Il ne devrait pas le faire, d\u2019autant qu\u2019il consid\u00e8re que T\u00e9h\u00e9ran a <em>\u00abrecul\u00e9\u00bb<\/em>, ajoutant que les Etats-Unis \u00e9taient <em>\u00abpr\u00eats \u00e0 faire la paix\u00bb<\/em> avec ceux qui la voulaient. Il a annonc\u00e9 tout de m\u00eame de nouvelles sanctions contre l\u2019Iran. Quoi qu\u2019il en soit, le guide supr\u00eame, Ali Khamenei, a \u00e9voqu\u00e9 une <em>\u00abgifle \u00e0 la face\u00bb<\/em> des Am\u00e9ricains.<\/span><\/p>\n<p class=\"p4\"><span class=\"s1\">Un chef du Hachd Al Chaabi, une coalition de paramilitaires irakiens pro-Iran, d\u00e9sormais int\u00e9gr\u00e9s aux forces de s\u00e9curit\u00e9 irakiennes, a menac\u00e9 Washington d\u2019une <em>\u00abriposte irakienne\u00bb<\/em> aussi forte que <em>\u00abla riposte iranienne\u00bb.<\/em> Le n\u00b02 du Hachd Al Chaabi, Abou Mehdi Al\u00a0Mouhandis, avait \u00e9t\u00e9 tu\u00e9 aux c\u00f4t\u00e9s du g\u00e9n\u00e9ral iranien Soleimani lors du raid am\u00e9ricain de vendredi dernier.<\/span><\/p>\n<p class=\"p4\"><span class=\"s1\"><em>\u00abNous ne cherchons pas l\u2019escalade ou la guerre\u00bb<\/em>, a n\u00e9anmoins assur\u00e9 imm\u00e9diatement apr\u00e8s Mohammad Javad Zarif, le chef de la diplomatie iranienne, expliquant que les repr\u00e9sailles <em>\u00abproportionn\u00e9es\u00bb<\/em> de la nuit \u00e9taient <em>\u00abtermin\u00e9es\u00bb<\/em>. Dans les faits, l\u2019Iran et les Etats-Unis sont en guerre depuis longtemps.<\/span><\/p>\n<p class=\"p4\"><span class=\"s1\">Seulement cette guerre se fait par milices et groupes arm\u00e9s interpos\u00e9s. Le risque maintenant est de voir les deux pays se retrouver face \u00e0 face, dans un conflit ouvert. Devant la crainte d\u2019une d\u00e9flagration g\u00e9n\u00e9ralis\u00e9e qui pourrait avoir des r\u00e9percussions n\u00e9gatives importantes autant sur les pays de la r\u00e9gion que sur l\u2019\u00e9conomie mondiale, de nombreuses capitales, dont P\u00e9kin, Moscou et Bruxelles, se sont empress\u00e9es hier d\u2019appeler au calme et \u00e0 la d\u00e9sescalade.<\/span><\/p>\n<p class=\"p4\"><strong><span class=\"s1\">Strat\u00e9gie de la tension<\/span><\/strong><\/p>\n<p class=\"p5\"><span class=\"s1\">R\u00e9unis hier \u00e0 Istanbul, les pr\u00e9sidents russe et turc ont, quant eux, d\u00e9clar\u00e9 que l\u2019op\u00e9ration sp\u00e9ciale am\u00e9ricaine contre le g\u00e9n\u00e9ral Soleimani torpillait la stabilit\u00e9 et la s\u00e9curit\u00e9 dans la r\u00e9gion. <em>\u00abNous sommes profond\u00e9ment pr\u00e9occup\u00e9s par l\u2019escalade de la tension entre les Etats-Unis et l\u2019Iran et par son impact n\u00e9gatif sur l\u2019Irak. Nous qualifions l\u2019op\u00e9ration am\u00e9ricaine contre<\/em> (\u2026) <em>Qassem Soleimani et son entourage, survenue le 3 janvier 2020, d\u2019acte torpillant la stabilit\u00e9 et la s\u00e9curit\u00e9 dans la r\u00e9gion\u00bb<\/em>, ont-ils regrett\u00e9.<\/span><\/p>\n<p class=\"p4\"><span class=\"s1\">Le bras de fer entre Washington et T\u00e9h\u00e9ran a commenc\u00e9 apr\u00e8s la d\u00e9cision, en mai 2018, du pr\u00e9sident Donald Trump, au pr\u00e9texte qu\u2019il a \u00e9t\u00e9 mal n\u00e9goci\u00e9, de retirer les Etats-Unis de l\u2019accord sur le nucl\u00e9aire iranien l\u00e9gu\u00e9 par son pr\u00e9d\u00e9cesseur Barack Obama, et de soumette l\u2019Iran \u00e0 un s\u00e9v\u00e8re r\u00e9gime de sanctions.<\/span><\/p>\n<p class=\"p4\"><span class=\"s1\">Un r\u00e9gime qui a mis \u00e0 genoux l\u2019\u00e9conomie iranienne mais qui n\u2019a en revanche pas r\u00e9ussi \u00e0 faire trembler les bases du r\u00e9gime des mollahs. Dans la gestion du dossier iranien, Donald Trump a opt\u00e9 pour la strat\u00e9gie de la tension et des pressions maximales. Depuis, les provocations et les attaques entre les deux pays sont devenues r\u00e9guli\u00e8res, faisant \u00e0 chaque fois craindre le pire au Moyen-Orient.<\/span><\/p>\n<p><span class=\"post-views-label\">Post Views:<\/span> <span class=\"post-views-count\">2\u00a0076<\/span><\/p>\n<p><br class=\"c2\"\/><br \/>\nAuteur: Anis Khecheba<br \/>\n<a href=\"https:\/\/www.elwatan.com\/edition\/international\/la-tension-sexacerbe-entre-liran-et-les-usa-le-moyen-orient-sur-un-volcan-09-01-2020\">Cliquez ici pour lire l&rsquo;article depuis sa source.<\/a><\/p>\n","protected":false},"excerpt":{"rendered":"<p>Le bras de fer entre Washington et T\u00e9h\u00e9ran a commenc\u00e9 apr\u00e8s la d\u00e9cision, en mai 2018, du pr\u00e9sident Donald Trump, au pr\u00e9texte qu\u2019il a \u00e9t\u00e9 mal n\u00e9goci\u00e9, de retirer les Etats-Unis de l\u2019accord sur le nucl\u00e9aire iranien et de soumette l\u2019Iran \u00e0 un s\u00e9v\u00e8re r\u00e9gime de sanctions. Un r\u00e9gime qui a mis \u00e0 genoux l\u2019\u00e9conomie [&hellip;]<\/p>\n","protected":false},"author":1743,"featured_media":72581,"comment_status":"closed","ping_status":"closed","sticky":false,"template":"","format":"standard","meta":{"fifu_image_url":"","fifu_image_alt":"","footnotes":""},"categories":[73,53],"tags":[],"class_list":["post-72580","post","type-post","status-publish","format-standard","has-post-thumbnail","hentry","category-actualite","category-algerie"],"_links":{"self":[{"href":"https:\/\/linitiative.ca\/International\/wp-json\/wp\/v2\/posts\/72580","targetHints":{"allow":["GET"]}}],"collection":[{"href":"https:\/\/linitiative.ca\/International\/wp-json\/wp\/v2\/posts"}],"about":[{"href":"https:\/\/linitiative.ca\/International\/wp-json\/wp\/v2\/types\/post"}],"author":[{"embeddable":true,"href":"https:\/\/linitiative.ca\/International\/wp-json\/wp\/v2\/users\/1743"}],"replies":[{"embeddable":true,"href":"https:\/\/linitiative.ca\/International\/wp-json\/wp\/v2\/comments?post=72580"}],"version-history":[{"count":0,"href":"https:\/\/linitiative.ca\/International\/wp-json\/wp\/v2\/posts\/72580\/revisions"}],"wp:featuredmedia":[{"embeddable":true,"href":"https:\/\/linitiative.ca\/International\/wp-json\/"}],"wp:attachment":[{"href":"https:\/\/linitiative.ca\/International\/wp-json\/wp\/v2\/media?parent=72580"}],"wp:term":[{"taxonomy":"category","embeddable":true,"href":"https:\/\/linitiative.ca\/International\/wp-json\/wp\/v2\/categories?post=72580"},{"taxonomy":"post_tag","embeddable":true,"href":"https:\/\/linitiative.ca\/International\/wp-json\/wp\/v2\/tags?post=72580"}],"curies":[{"name":"wp","href":"https:\/\/api.w.org\/{rel}","templated":true}]}}