{"id":72582,"date":"2020-01-09T12:36:00","date_gmt":"2020-01-09T17:36:00","guid":{"rendered":"https:\/\/linitiative.ca\/International\/chiraz-tlili-proposee-au-poste-de-ministre-de-la-fonction-publique-de-la-lutte-contre-la-malversation-video\/"},"modified":"2020-01-09T12:36:00","modified_gmt":"2020-01-09T17:36:00","slug":"chiraz-tlili-proposee-au-poste-de-ministre-de-la-fonction-publique-de-la-lutte-contre-la-malversation-video","status":"publish","type":"post","link":"https:\/\/linitiative.ca\/International\/chiraz-tlili-proposee-au-poste-de-ministre-de-la-fonction-publique-de-la-lutte-contre-la-malversation-video\/","title":{"rendered":"Chiraz Tlili: propos\u00e9e au poste de ministre de la Fonction publique, de la lutte contre la malversation (Vid\u00e9o)"},"content":{"rendered":"<p>Premi\u00e8re femme ministre originaire de Kasserine et ce depuis l\u2019ind\u00e9pendance Chiraz Tlili marque une premi\u00e8re dans l\u2019histoire de la Tunisie en \u00e9tant nomm\u00e9 ministre de la Fonction publique et de la Lutte contre la malversation. Id\u00e9es claires et t\u00e8te sur les \u00e9paules, Chiraz Tlili r\u00e9alise parfaitement les grands chantiers qui l\u2019attendent \u00e0 son minist\u00e8re.<\/p>\n<p class=\"c2\"><iframe loading=\"lazy\" src=\"https:\/\/www.youtube.com\/embed\/HVj8S1uy40E\" allow=\"accelerometer; autoplay; encrypted-media; gyroscope; picture-in-picture\" allowfullscreen=\"\" width=\"560\" height=\"315\" frameborder=\"0\">[embedded content]<\/iframe><\/p>\n<p class=\"c3\"><strong>Fatma Hentati<br \/>Vid\u00e9o Marwa Makni<\/strong><\/p>\n<p>Auteur:<br \/>\n<a href=\"https:\/\/www.leaders.com.tn\/article\/28836-chiraz-tlili-proposee-au-poste-de-ministre-de-la-fonction-publique-de-la-lutte-contre-la-malversation-video\">Cliquez ici pour lire l&rsquo;article depuis sa source.<\/a><\/p>\n","protected":false},"excerpt":{"rendered":"<p>Premi\u00e8re femme ministre originaire de Kasserine et ce depuis l\u2019ind\u00e9pendance Chiraz Tlili marque une premi\u00e8re dans l\u2019histoire de la Tunisie en \u00e9tant nomm\u00e9 ministre de la Fonction publique et de la Lutte contre la malversation. Id\u00e9es claires et t\u00e8te sur les \u00e9paules, Chiraz Tlili r\u00e9alise parfaitement les grands chantiers qui l\u2019attendent \u00e0 son minist\u00e8re. [embedded [&hellip;]<\/p>\n","protected":false},"author":1772,"featured_media":0,"comment_status":"closed","ping_status":"closed","sticky":false,"template":"","format":"standard","meta":{"fifu_image_url":"","fifu_image_alt":"","footnotes":""},"categories":[73,55],"tags":[],"class_list":["post-72582","post","type-post","status-publish","format-standard","hentry","category-actualite","category-tunisie"],"_links":{"self":[{"href":"https:\/\/linitiative.ca\/International\/wp-json\/wp\/v2\/posts\/72582","targetHints":{"allow":["GET"]}}],"collection":[{"href":"https:\/\/linitiative.ca\/International\/wp-json\/wp\/v2\/posts"}],"about":[{"href":"https:\/\/linitiative.ca\/International\/wp-json\/wp\/v2\/types\/post"}],"author":[{"embeddable":true,"href":"https:\/\/linitiative.ca\/International\/wp-json\/wp\/v2\/users\/1772"}],"replies":[{"embeddable":true,"href":"https:\/\/linitiative.ca\/International\/wp-json\/wp\/v2\/comments?post=72582"}],"version-history":[{"count":0,"href":"https:\/\/linitiative.ca\/International\/wp-json\/wp\/v2\/posts\/72582\/revisions"}],"wp:attachment":[{"href":"https:\/\/linitiative.ca\/International\/wp-json\/wp\/v2\/media?parent=72582"}],"wp:term":[{"taxonomy":"category","embeddable":true,"href":"https:\/\/linitiative.ca\/International\/wp-json\/wp\/v2\/categories?post=72582"},{"taxonomy":"post_tag","embeddable":true,"href":"https:\/\/linitiative.ca\/International\/wp-json\/wp\/v2\/tags?post=72582"}],"curies":[{"name":"wp","href":"https:\/\/api.w.org\/{rel}","templated":true}]}}