{"id":72583,"date":"2020-01-09T12:42:00","date_gmt":"2020-01-09T17:42:00","guid":{"rendered":"https:\/\/linitiative.ca\/International\/lobna-jeribi-proposee-au-poste-de-ministre-aupres-du-chef-du-gouvernement-chargee-des-relations-avec-larp-video\/"},"modified":"2020-01-09T12:42:00","modified_gmt":"2020-01-09T17:42:00","slug":"lobna-jeribi-proposee-au-poste-de-ministre-aupres-du-chef-du-gouvernement-chargee-des-relations-avec-larp-video","status":"publish","type":"post","link":"https:\/\/linitiative.ca\/International\/lobna-jeribi-proposee-au-poste-de-ministre-aupres-du-chef-du-gouvernement-chargee-des-relations-avec-larp-video\/","title":{"rendered":"Lobna Jeribi, propos\u00e9e au poste de ministre aupr\u00e8s du chef du gouvernement, charg\u00e9e des relations avec l\u2019ARP (Vid\u00e9o)"},"content":{"rendered":"<p>Fondatrice et pr\u00e9sidente du Think Tank Solidar et membre de l\u2019Assembl\u00e9e nationale constituante Lobna Jeribi est tr\u00e8s fi\u00e8re quant \u00e0 sa nomination au poste de Ministre des Relations avec l\u2019ARP. Cette sp\u00e9cialiste du Bardo c\u2019est fix\u00e9 pour objectifs de b\u00e2tir et sceller des relations solides avec l\u2019ARP.<\/p>\n<p class=\"c3\"><span class=\"c2\"><strong>Fatma Hentati<br \/>Vid\u00e9o Marwa Makni<\/strong><\/span><\/p>\n<p class=\"c4\"><iframe loading=\"lazy\" src=\"https:\/\/www.youtube.com\/embed\/H6wWmu2EIRM\" allow=\"accelerometer; autoplay; encrypted-media; gyroscope; picture-in-picture\" allowfullscreen=\"\" width=\"560\" height=\"315\" frameborder=\"0\">[embedded content]<\/iframe><\/p>\n<p class=\"c4\">\u00a0<\/p>\n<p>N\u00e9e le 22 octobre 1973 &#8211; Tunisienne<br \/>Mari\u00e9e, deux enfants<\/p>\n<p><span class=\"c5\"><strong>Constituante &#8211; Fondatrice et Pr\u00e9sidente du Think Thank Solidar Tunisie<\/strong><\/span> <a href=\"http:\/\/www.solidar-tunisie.org\" target=\"_blank\" rel=\"noopener noreferrer\"><span class=\"c5\"><strong>www.solidar-tunisie.org<\/strong><\/span><\/a><\/p>\n<p><strong>Planification strat\u00e9gique \/ Analyse et \u00e9valuation des politiques publiques \/ Approche int\u00e9gr\u00e9e<\/strong><\/p>\n<p>Axes d\u2019investigation: Vision strat\u00e9gique; Gouvernance; Ing\u00e9nierie des r\u00e9formes; D\u00e9veloppement durable; Transition digitale; Plan de d\u00e9veloppement; Instances constitutionnelles; Budget \u00e9conomique et Loi de Finances; ALECA et relations Tuniso-Europ\u00e9ennes; Vision Europe-Afrique<\/p>\n<h2>1- Dipl\u00f4mes<\/h2>\n<table width=\"100%\" cellspacing=\"0\" cellpadding=\"0\" border=\"1\">\n<tbody readability=\"5\">\n<tr>\n<td width=\"236\" valign=\"top\">\n<p><span class=\"c5\"><strong>Institution<\/strong><\/span><\/p>\n<\/td>\n<td width=\"362\" valign=\"top\">\n<p><span class=\"c5\"><strong>Dipl\u00f4me<\/strong><\/span><\/p>\n<\/td>\n<td width=\"101\" valign=\"top\">\n<p><span class=\"c5\"><strong>Ann\u00e9e<\/strong><\/span><\/p>\n<\/td>\n<\/tr>\n<tr readability=\"3\">\n<td width=\"236\" valign=\"top\" readability=\"5\">\n<p>Business School of San Diego\u00a0 USA<\/p>\n<\/td>\n<td width=\"362\" valign=\"top\">\n<p>Ex-MBA <em>(Meet us program)<\/em><\/p>\n<\/td>\n<td width=\"101\" valign=\"top\">\n<p>2007\u00a0<\/p>\n<\/td>\n<\/tr>\n<tr readability=\"3\">\n<td width=\"236\" valign=\"top\">\n<p>INSA Lyon-France<\/p>\n<\/td>\n<td width=\"362\" valign=\"top\" readability=\"5\">\n<p>Th\u00e8se de doctorat en Syst\u00e8me d\u2019information et Intelligence Artificielle<\/p>\n<\/td>\n<td width=\"101\" valign=\"top\">\n<p>2001 \u00a0<\/p>\n<\/td>\n<\/tr>\n<tr readability=\"3\">\n<td width=\"236\" valign=\"top\">\n<p>INSA Lyon-France<\/p>\n<\/td>\n<td width=\"362\" valign=\"top\" readability=\"5\">\n<p>Dipl\u00f4me d\u2019ing\u00e9nieur en Syst\u00e8me d\u2019information<\/p>\n<\/td>\n<td width=\"101\" valign=\"top\">\n<p>1997\u00a0<\/p>\n<\/td>\n<\/tr>\n<tr readability=\"3\">\n<td width=\"236\" valign=\"top\" readability=\"5\">\n<p>MIT (Massachusetts Institut Of Technology) \u2013 USA<\/p>\n<\/td>\n<td width=\"362\" valign=\"top\">\n<p>Ann\u00e9e d\u2019\u00e9change<\/p>\n<\/td>\n<td width=\"101\" valign=\"top\">\n<p>1995-1996<\/p>\n<\/td>\n<\/tr>\n<tr readability=\"3\">\n<td width=\"236\" valign=\"top\">\n<p>Lyc\u00e9e Menzah 6 &#8211; Tunis<\/p>\n<\/td>\n<td width=\"362\" valign=\"top\" readability=\"5\">\n<p>Baccalaur\u00e9at Math\u00e9matiques<\/p>\n<\/td>\n<td width=\"101\" valign=\"top\">\n<p>1992\u00a0<\/p>\n<\/td>\n<\/tr>\n<\/tbody>\n<\/table>\n<h2>2. Activit\u00e9s Universitaires<\/h2>\n<table width=\"100%\" cellspacing=\"0\" cellpadding=\"0\" border=\"1\">\n<tbody readability=\"3\">\n<tr>\n<td width=\"106\" valign=\"top\">\n<p class=\"maron c6\"><span class=\"c5\"><strong>Dates<\/strong><\/span><\/p>\n<\/td>\n<td width=\"357\" valign=\"top\">\n<p class=\"maron c6\"><span class=\"c5\"><strong>Activit\u00e9<\/strong><\/span><\/p>\n<\/td>\n<td width=\"236\" valign=\"top\">\n<p class=\"maron c6\"><span class=\"c5\"><strong>B\u00e9n\u00e9ficiaire<\/strong><\/span><\/p>\n<\/td>\n<\/tr>\n<tr readability=\"6\">\n<td width=\"106\" valign=\"top\">\n<p><strong>2003-2019<\/strong><\/p>\n<\/td>\n<td width=\"357\" valign=\"top\">\n<p>Enseignant chercheur<\/p>\n<\/td>\n<td width=\"236\" valign=\"top\" readability=\"7\">\n<p>ENSI, Universit\u00e9 Manouba, Tunis<\/p>\n<\/td>\n<\/tr>\n<tr readability=\"3\">\n<td width=\"106\" valign=\"top\">\n<p><strong>2000-2002\u00a0<\/strong><\/p>\n<\/td>\n<td width=\"357\" valign=\"top\">\n<p>Enseignant chercheur<\/p>\n<\/td>\n<td width=\"236\" valign=\"top\" readability=\"5\">\n<p>Universit\u00e9 Paris 1 Sorbonne France<\/p>\n<\/td>\n<\/tr>\n<tr>\n<td width=\"106\" valign=\"top\">\n<p><strong>1998-2000<\/strong><\/p>\n<\/td>\n<td width=\"357\" valign=\"top\">\n<p>Enseignant chercheur<\/p>\n<\/td>\n<td width=\"236\" valign=\"top\">\n<p>INSA de Lyon France<\/p>\n<\/td>\n<\/tr>\n<\/tbody>\n<\/table>\n<h2>3. Activit\u00e9s de Consulting<\/h2>\n<table width=\"100%\" cellspacing=\"0\" cellpadding=\"0\" border=\"1\">\n<tbody readability=\"9.5\">\n<tr>\n<td width=\"104\" valign=\"top\">\n<p class=\"c6\"><span class=\"c5\"><strong>Dates<\/strong><\/span><\/p>\n<\/td>\n<td width=\"125\" valign=\"top\">\n<p class=\"c6\"><span class=\"c5\"><strong>Activit\u00e9<\/strong><\/span><\/p>\n<\/td>\n<td width=\"300\" valign=\"top\">\n<p class=\"c6\"><span class=\"c5\"><strong>Descriptif<\/strong><\/span><\/p>\n<\/td>\n<td width=\"170\" valign=\"top\">\n<p class=\"c6\"><span class=\"c5\"><strong>B\u00e9n\u00e9ficiaire<\/strong><\/span><\/p>\n<\/td>\n<\/tr>\n<tr readability=\"16.5\">\n<td width=\"104\" valign=\"top\">\n<p><strong>2003-2011<\/strong><\/p>\n<\/td>\n<td width=\"125\" valign=\"top\" readability=\"5\">\n<p>Consultante \/ Chef d\u2019entreprise<\/p>\n<\/td>\n<td width=\"300\" valign=\"top\" readability=\"10\">\n<p>Ing\u00e9nierie, Gouvernance, Strat\u00e9gie des organisations, Change Management, planification industrielle\u00a0<\/p>\n<\/td>\n<td width=\"170\" valign=\"top\" readability=\"5\">\n<p>aupr\u00e8s d\u2019institutions nationales et internationales<\/p>\n<\/td>\n<\/tr>\n<tr readability=\"12\">\n<td width=\"104\" valign=\"top\">\n<p><strong>1997-2000<\/strong><\/p>\n<\/td>\n<td width=\"125\" valign=\"top\" readability=\"5\">\n<p>Consultant\/Chef de projet<\/p>\n<\/td>\n<td width=\"300\" valign=\"top\" readability=\"6\">\n<p>Elaboration de Syst\u00e8me d\u2019Information dans les biblioth\u00e8ques virtuelles \/ IA\/ Accessibilit\u00e9 aux d\u00e9ficients visuels<\/p>\n<\/td>\n<td width=\"170\" valign=\"top\" readability=\"6\">\n<p>D\u00e9partement Rh\u00f4ne Alpes Lyon, France<\/p>\n<\/td>\n<\/tr>\n<\/tbody>\n<\/table>\n<h2>4. Activit\u00e9s Politiques 2011-2014<\/h2>\n<table width=\"100%\" cellspacing=\"0\" cellpadding=\"0\" border=\"1\">\n<tbody readability=\"14.5\">\n<tr>\n<td width=\"104\" valign=\"top\">\n<p><span class=\"c5\"><strong>Date<\/strong><\/span><\/p>\n<\/td>\n<td width=\"567\" valign=\"top\">\n<p><span class=\"c5\"><strong>Activit\u00e9<\/strong><\/span><\/p>\n<\/td>\n<\/tr>\n<tr readability=\"3\">\n<td width=\"104\" valign=\"top\">\n<p><strong>Mars 2015<\/strong><\/p>\n<\/td>\n<td width=\"567\" valign=\"top\" readability=\"5\">\n<p><strong>Coordinatrice g\u00e9n\u00e9rale de la tenue de la 2\u00e8me session du Forum Social Arab<\/strong> en Tunisie<\/p>\n<\/td>\n<\/tr>\n<tr readability=\"4.5\">\n<td width=\"104\" valign=\"top\">\n<p><strong>F\u00e9vrier 2014<\/strong><\/p>\n<\/td>\n<td width=\"567\" valign=\"top\" readability=\"6\">\n<p><strong>Coordinatrice g\u00e9n\u00e9rale de la tenue de l\u2019Alliance Progressiste en Tunisie<\/strong> avec la participation de plus de 70 partis et organisations Internationales et syndicales<\/p>\n<\/td>\n<\/tr>\n<tr readability=\"7.5\">\n<td width=\"104\" valign=\"top\">\n<p><strong>2013-2014<\/strong><\/p>\n<\/td>\n<td width=\"567\" valign=\"top\" readability=\"8\">\n<p><strong>Membre du Dialogue National<\/strong> (au sein de l\u2019UGTT), avec les repr\u00e9sentants des 17 partis de l\u2019ANC, commission en charge de discussion sur la constitution<\/p>\n<\/td>\n<\/tr>\n<tr readability=\"3\">\n<td width=\"104\" valign=\"top\">\n<p><strong>2012-2014<\/strong><\/p>\n<\/td>\n<td width=\"567\" valign=\"top\" readability=\"5\">\n<p><strong>Pr\u00e9sidente de la Commission \u00e9conomique du Conseil R\u00e9gional de Tunis<\/strong><\/p>\n<\/td>\n<\/tr>\n<tr readability=\"13.5\">\n<td width=\"104\" valign=\"top\">\n<p><strong>2011-2014<\/strong><\/p>\n<\/td>\n<td width=\"567\" valign=\"top\" readability=\"16\">\n<p><strong>D\u00e9put\u00e9 \u00e0 l\u2019Assembl\u00e9e Nationale Constituante<\/strong><\/p>\n<p>\u00a0<span class=\"c5\">\u2022<\/span> <strong>Vice-Pr\u00e9sidente de la commission constituante\u00a0<\/strong>: \u00abPr\u00e9ambule, Principes Fondamentaux et amendements de la constitution\u00bb<\/p>\n<p>\u00a0<span class=\"c5\">\u2022<\/span> <strong>Membre la Commission de Consensus de la r\u00e9daction de la constitution<\/strong> au sein \u00e0 l\u2019Assembl\u00e9e Nationale Constituante<\/p>\n<p>\u00a0<span class=\"c5\">\u2022<\/span> <strong>Rapporteur G\u00e9n\u00e9ral de la commission Finance, planification et d\u00e9veloppement r\u00e9gional<\/strong> \u00e0 l\u2019Assembl\u00e9e Nationale Constituante<\/p>\n<\/td>\n<\/tr>\n<tr readability=\"10.5\">\n<td width=\"104\" valign=\"top\">\n<p><strong>2013-2014<\/strong><\/p>\n<\/td>\n<td width=\"567\" valign=\"top\" readability=\"10\">\n<p><strong>Responsable des Relations Internationales<\/strong> du parti (Internationale Socialiste, Alliance Progressiste, Forum Social Arabe, Fondations social d\u00e9mocrates, etc.)<\/p>\n<\/td>\n<\/tr>\n<tr readability=\"4.5\">\n<td width=\"104\" valign=\"top\">\n<p><strong>2011<\/strong><\/p>\n<\/td>\n<td width=\"567\" valign=\"top\" readability=\"6\">\n<p><strong>Coordinatrice de la Commission Programme<\/strong> au sein d\u2019un parti politique:<br \/>Elaboration du projet constitutionnel et du programme socio-\u00e9conomique<\/p>\n<\/td>\n<\/tr>\n<\/tbody>\n<\/table>\n<h2>5. Reconnaissance par des Organisations Internationales\u00a0<\/h2>\n<p><span class=\"c5\"><strong>European Endowment For Democracy<\/strong><\/span><br \/><a href=\"https:\/\/www.democracyendowment.eu\/fr\/our-work\/firstpersonstories\/654-fr-lobna-jeribi.html\" target=\"_blank\" rel=\"noopener noreferrer\">https:\/\/www.democracyendowment.eu\/fr\/our-work\/firstpersonstories\/654-fr-lobna-jeribi.html<\/a><\/p>\n<p><span class=\"c5\"><strong>L\u2019Alliance Mondiale Progressiste<\/strong><\/span><br \/><a href=\"http:\/\/progressive-alliance.info\/people_type\/lobna-jeribi\/\" target=\"_blank\" rel=\"noopener noreferrer\">http:\/\/progressive-alliance.info\/people_type\/lobna-jeribi\/<\/a><\/p>\n<p><span class=\"c5\"><strong>World Movement for Democracy<\/strong><\/span><br \/>Cross Over Program representative on MENA region<\/p>\n<h2>6.Projets r\u00e9alis\u00e9s<\/h2>\n<table width=\"100%\" cellspacing=\"0\" cellpadding=\"0\" border=\"1\">\n<tbody readability=\"26\">\n<tr>\n<td width=\"85\" valign=\"top\">\n<p><span class=\"c5\"><strong>Date<\/strong><\/span><\/p>\n<\/td>\n<td width=\"576\" valign=\"top\">\n<p><span class=\"c5\"><strong>Projet<\/strong><\/span><\/p>\n<\/td>\n<\/tr>\n<tr readability=\"4.5\">\n<td width=\"85\" valign=\"top\">\n<p><strong>2019<\/strong><\/p>\n<\/td>\n<td width=\"576\" valign=\"top\" readability=\"6\">\n<p><strong>Chef de Mission aupr\u00e8s de l\u2019ONU (bureau du r\u00e9sident g\u00e9n\u00e9ral de l\u2019ONU): Elaboration du Commun Country Analysis (<\/strong>Planification strat\u00e9gique pour l\u2019ONU en Tunisie) pour la p\u00e9riode 2020-2025<\/p>\n<\/td>\n<\/tr>\n<tr readability=\"4.5\">\n<td width=\"85\" valign=\"top\">\n<p><strong>2016-2019<\/strong><\/p>\n<\/td>\n<td width=\"576\" valign=\"top\" readability=\"6\">\n<p>Participation au comit\u00e9 de Pilotage des <strong>n\u00e9gociations ALECA aupr\u00e8s de l\u2019UGPO<\/strong> \u00e0 la pr\u00e9sidence du gouvernement tunisien (repr\u00e9sentante &#8211; soci\u00e9t\u00e9 civile)<\/p>\n<\/td>\n<\/tr>\n<tr readability=\"4.5\">\n<td width=\"85\" valign=\"top\">\n<p><strong>2019<\/strong><\/p>\n<\/td>\n<td width=\"576\" valign=\"top\" readability=\"6\">\n<p>Coordinatrice de projet aupr\u00e8s de la Heinrich B\u00f6ll Fondation sur <strong>\u00abEnergies renouvelables et impact sur les collectivit\u00e9s locales\u00bb<\/strong><\/p>\n<\/td>\n<\/tr>\n<tr readability=\"4.5\">\n<td width=\"85\" valign=\"top\">\n<p><strong>2018-2019<\/strong><\/p>\n<\/td>\n<td width=\"576\" valign=\"top\" readability=\"6\">\n<p>Co-Coordinatrice de Projet sur <strong>le Dialogue Social<\/strong> en collaboration avec la Fondation Frederich Ebert Stiftung FES en Tunisie<\/p>\n<\/td>\n<\/tr>\n<tr readability=\"4.5\">\n<td width=\"85\" valign=\"top\">\n<p><strong>2018-2019<\/strong><\/p>\n<\/td>\n<td width=\"576\" valign=\"top\" readability=\"6\">\n<p>Chef de Projet \u2013 Mission <strong>\u00abEconomie Politique sur la R\u00e9forme de l\u2019administration fiscale \u00bb<\/strong> en collaboration avec l\u2019USAID (Projet FIRST: Une Reforme Fiscale pour une Tunisie Forte)<\/p>\n<\/td>\n<\/tr>\n<tr readability=\"4.5\">\n<td width=\"85\" valign=\"top\">\n<p><strong>2018-2019<\/strong><\/p>\n<\/td>\n<td width=\"576\" valign=\"top\" readability=\"6\">\n<p>Coordinatrice de projet aupr\u00e8s de NRGI (Natural Resource Governance Institut) sur la <strong>r\u00e9forme du code des Hydro- carbure<\/strong>s (Contrats types et gouvernance)<\/p>\n<\/td>\n<\/tr>\n<tr readability=\"6\">\n<td width=\"85\" valign=\"top\">\n<p><strong>2018<\/strong><\/p>\n<\/td>\n<td width=\"576\" valign=\"top\" readability=\"7\">\n<p>Co-coordinatrice du Projet: <strong>Political Pluralism in Tunisia: Reconciling Deep Reform with stability<\/strong>, aupr\u00e8s de \u00abHolling Center for International Dialogue\u00bb<\/p>\n<\/td>\n<\/tr>\n<tr readability=\"6\">\n<td width=\"85\" valign=\"top\">\n<p><strong>Juillet 2017<\/strong><\/p>\n<\/td>\n<td width=\"576\" valign=\"top\" readability=\"7\">\n<p>Collaboration avec ICPS: <strong>Formation sur \u00abl\u2019\u00e9valuation des politiques publiques\u00bb<\/strong>, aupr\u00e8s des d\u00e9put\u00e9s et des conseillers parlementaires<\/p>\n<\/td>\n<\/tr>\n<tr readability=\"6\">\n<td width=\"85\" valign=\"top\">\n<p><strong>2016-2019<\/strong><\/p>\n<\/td>\n<td width=\"576\" valign=\"top\" readability=\"7\">\n<p>Coordinatrice du projet <strong>\u00able futur de la Social-D\u00e9mocratie en Europe et son voisinage<\/strong>: <strong>Investir dans le capital humain chez les jeunes<\/strong>\u00bb en collaboration avec le FMS (Fondation Max van der Stoel) et le FEPS (Fondation Europ\u00e9enne d\u2019Etude Progressiste)<\/p>\n<\/td>\n<\/tr>\n<tr readability=\"6\">\n<td width=\"85\" valign=\"top\">\n<p><strong>2017-2019<\/strong><\/p>\n<\/td>\n<td width=\"576\" valign=\"top\" readability=\"7\">\n<p>Coordinatrice aupr\u00e8s du NED (National Endowment for Democracy) sur l\u2019accompagnement des politiques publique: <strong>Instances constitutionnelles et r\u00e9forme du corpus p\u00e9nal\u00a0; Dialogue Socio \u2013\u00e9conomique; Elaboration d\u2019une feuille de route socio-\u00e9conomique<\/strong><\/p>\n<\/td>\n<\/tr>\n<tr readability=\"6\">\n<td width=\"85\" valign=\"top\">\n<p><strong>2016-2019\u00a0<\/strong><\/p>\n<\/td>\n<td width=\"576\" valign=\"top\" readability=\"7\">\n<p>Chef de projet aupr\u00e8s du POMED (Project On Middle East Democracy) \u00abAccompagnement de l\u2019ARP dans l\u2019analyse des lois\u00a0\u00bb: <strong>LF\/Budget et Plan de d\u00e9veloppement quinquennal\u00a0; Proposition d\u2019une Vision commune pour la Tunisie\u00bb.<\/strong><\/p>\n<\/td>\n<\/tr>\n<tr readability=\"7.5\">\n<td width=\"85\" valign=\"top\">\n<p><strong>2016-2018<\/strong><\/p>\n<\/td>\n<td width=\"576\" valign=\"top\" readability=\"8\">\n<p>\u00a0Chef de Projet aupr\u00e8s du EED (European Endowment for Democracy) sur le <strong>\u00abRenforcement de la capacit\u00e9 de la soci\u00e9t\u00e9 civile dans l\u2019accompagnement du processus l\u00e9gislatif \u00bb<\/strong>: D\u00e9centralisation et Code des Collectivit\u00e9s locales\u00a0; Analyse du Plan de d\u00e9veloppement 2016-2020; LF\/Budget \u00e9conomique; R\u00e9forme de l\u2019investissement; Cadre l\u00e9gal des Energies renouvelables\u00a0; ALECA\u00a0; Nouveau partenariat UE\/Tunisie<\/p>\n<\/td>\n<\/tr>\n<tr readability=\"13.5\">\n<td width=\"85\" valign=\"top\">\n<p>2003-2011\u00a0<\/p>\n<\/td>\n<td width=\"576\" valign=\"top\" readability=\"12\">\n<p><strong>Consultante \/ Chef de Projet<\/strong> \u00a0aupr\u00e8s d\u2019institutions nationales et internationales sur la gouvernance, la mise en \u0153uvre de strat\u00e9gie organisationnelle\u00a0; mise eu \u0153uvre de syst\u00e8mes d\u2019information; Planification Industrielle aupr\u00e8s de: D\u00e9partement Rh\u00f4nes Alpes \u2013 France; Municipalit\u00e9 de Tunis, CEPEX, CETIME, autres groupes industriels \u2026<\/p>\n<\/td>\n<\/tr>\n<\/tbody>\n<\/table>\n<p>Auteur:<br \/>\n<a href=\"https:\/\/www.leaders.com.tn\/article\/28837-lobna-jeribi-proposee-au-poste-de-ministre-aupres-du-chef-du-gouvernement-charge-des-relations-avec-l-arp-video\">Cliquez ici pour lire l&rsquo;article depuis sa source.<\/a><\/p>\n","protected":false},"excerpt":{"rendered":"<p>Fondatrice et pr\u00e9sidente du Think Tank Solidar et membre de l\u2019Assembl\u00e9e nationale constituante Lobna Jeribi est tr\u00e8s fi\u00e8re quant \u00e0 sa nomination au poste de Ministre des Relations avec l\u2019ARP. Cette sp\u00e9cialiste du Bardo c\u2019est fix\u00e9 pour objectifs de b\u00e2tir et sceller des relations solides avec l\u2019ARP. Fatma HentatiVid\u00e9o Marwa Makni [embedded content] \u00a0 N\u00e9e [&hellip;]<\/p>\n","protected":false},"author":1772,"featured_media":0,"comment_status":"closed","ping_status":"closed","sticky":false,"template":"","format":"standard","meta":{"fifu_image_url":"","fifu_image_alt":"","footnotes":""},"categories":[73,55],"tags":[],"class_list":["post-72583","post","type-post","status-publish","format-standard","hentry","category-actualite","category-tunisie"],"_links":{"self":[{"href":"https:\/\/linitiative.ca\/International\/wp-json\/wp\/v2\/posts\/72583","targetHints":{"allow":["GET"]}}],"collection":[{"href":"https:\/\/linitiative.ca\/International\/wp-json\/wp\/v2\/posts"}],"about":[{"href":"https:\/\/linitiative.ca\/International\/wp-json\/wp\/v2\/types\/post"}],"author":[{"embeddable":true,"href":"https:\/\/linitiative.ca\/International\/wp-json\/wp\/v2\/users\/1772"}],"replies":[{"embeddable":true,"href":"https:\/\/linitiative.ca\/International\/wp-json\/wp\/v2\/comments?post=72583"}],"version-history":[{"count":0,"href":"https:\/\/linitiative.ca\/International\/wp-json\/wp\/v2\/posts\/72583\/revisions"}],"wp:attachment":[{"href":"https:\/\/linitiative.ca\/International\/wp-json\/wp\/v2\/media?parent=72583"}],"wp:term":[{"taxonomy":"category","embeddable":true,"href":"https:\/\/linitiative.ca\/International\/wp-json\/wp\/v2\/categories?post=72583"},{"taxonomy":"post_tag","embeddable":true,"href":"https:\/\/linitiative.ca\/International\/wp-json\/wp\/v2\/tags?post=72583"}],"curies":[{"name":"wp","href":"https:\/\/api.w.org\/{rel}","templated":true}]}}