{"id":72584,"date":"2020-01-09T12:56:00","date_gmt":"2020-01-09T17:56:00","guid":{"rendered":"https:\/\/linitiative.ca\/International\/faten-ouerghi-ghazouani-proposee-au-poste-de-secretaire-detat-aupres-du-ministre-du-commerce-chargee-du-commerce-interieur-video\/"},"modified":"2020-01-09T12:56:00","modified_gmt":"2020-01-09T17:56:00","slug":"faten-ouerghi-ghazouani-proposee-au-poste-de-secretaire-detat-aupres-du-ministre-du-commerce-chargee-du-commerce-interieur-video","status":"publish","type":"post","link":"https:\/\/linitiative.ca\/International\/faten-ouerghi-ghazouani-proposee-au-poste-de-secretaire-detat-aupres-du-ministre-du-commerce-chargee-du-commerce-interieur-video\/","title":{"rendered":"Faten Ouerghi Ghazouani, propos\u00e9e au poste de secr\u00e9taire d\u2019Etat aupr\u00e8s du ministre du Commerce, charg\u00e9e du Commerce Int\u00e9rieur (Vid\u00e9o)"},"content":{"rendered":"<p>Pr\u00e9sidente Directrice G\u00e9n\u00e9rale de la soci\u00e9t\u00e9 Tunisienne des march\u00e9s de gros, Faten Ouerghi a \u00e0 son actif plus de 30 ans d\u2019exp\u00e9riences en commerce int\u00e9rieur. Nomm\u00e9 secretaire d\u2019Etat du commerce interieur, Faten Ouerghi est parfaitement conscient des enjeux de son secteur qu\u2019elle connait sur le bout du nez. Pour Leaders elle revient sur les axes les plus pertinents sur lesquelles elle va travailler.<\/p>\n<p class=\"c2\"><iframe loading=\"lazy\" src=\"https:\/\/www.youtube.com\/embed\/ZccrZydYPzk\" allow=\"accelerometer; autoplay; encrypted-media; gyroscope; picture-in-picture\" allowfullscreen=\"\" width=\"560\" height=\"315\" frameborder=\"0\">[embedded content]<\/iframe><\/p>\n<p class=\"c3\"><strong>Fatma Hentati<br \/>Vid\u00e9o Marwa Makni<\/strong><\/p>\n<p>Auteur:<br \/>\n<a href=\"https:\/\/www.leaders.com.tn\/article\/28839-faten-ouerghi-ghazouani-proposee-au-de-secretaire-d-etat-aupres-du-ministre-du-commerce-charge-du-commerce-interieur\">Cliquez ici pour lire l&rsquo;article depuis sa source.<\/a><\/p>\n","protected":false},"excerpt":{"rendered":"<p>Pr\u00e9sidente Directrice G\u00e9n\u00e9rale de la soci\u00e9t\u00e9 Tunisienne des march\u00e9s de gros, Faten Ouerghi a \u00e0 son actif plus de 30 ans d\u2019exp\u00e9riences en commerce int\u00e9rieur. Nomm\u00e9 secretaire d\u2019Etat du commerce interieur, Faten Ouerghi est parfaitement conscient des enjeux de son secteur qu\u2019elle connait sur le bout du nez. Pour Leaders elle revient sur les axes [&hellip;]<\/p>\n","protected":false},"author":1772,"featured_media":0,"comment_status":"closed","ping_status":"closed","sticky":false,"template":"","format":"standard","meta":{"fifu_image_url":"","fifu_image_alt":"","footnotes":""},"categories":[73,55],"tags":[],"class_list":["post-72584","post","type-post","status-publish","format-standard","hentry","category-actualite","category-tunisie"],"_links":{"self":[{"href":"https:\/\/linitiative.ca\/International\/wp-json\/wp\/v2\/posts\/72584","targetHints":{"allow":["GET"]}}],"collection":[{"href":"https:\/\/linitiative.ca\/International\/wp-json\/wp\/v2\/posts"}],"about":[{"href":"https:\/\/linitiative.ca\/International\/wp-json\/wp\/v2\/types\/post"}],"author":[{"embeddable":true,"href":"https:\/\/linitiative.ca\/International\/wp-json\/wp\/v2\/users\/1772"}],"replies":[{"embeddable":true,"href":"https:\/\/linitiative.ca\/International\/wp-json\/wp\/v2\/comments?post=72584"}],"version-history":[{"count":0,"href":"https:\/\/linitiative.ca\/International\/wp-json\/wp\/v2\/posts\/72584\/revisions"}],"wp:attachment":[{"href":"https:\/\/linitiative.ca\/International\/wp-json\/wp\/v2\/media?parent=72584"}],"wp:term":[{"taxonomy":"category","embeddable":true,"href":"https:\/\/linitiative.ca\/International\/wp-json\/wp\/v2\/categories?post=72584"},{"taxonomy":"post_tag","embeddable":true,"href":"https:\/\/linitiative.ca\/International\/wp-json\/wp\/v2\/tags?post=72584"}],"curies":[{"name":"wp","href":"https:\/\/api.w.org\/{rel}","templated":true}]}}