{"id":72585,"date":"2020-01-09T13:42:00","date_gmt":"2020-01-09T18:42:00","guid":{"rendered":"https:\/\/linitiative.ca\/International\/qui-est-sami-smaoui-propose-au-poste-de-ministre-des-technologies-de-linformation-et-de-leconomie-numerique\/"},"modified":"2020-01-09T13:42:00","modified_gmt":"2020-01-09T18:42:00","slug":"qui-est-sami-smaoui-propose-au-poste-de-ministre-des-technologies-de-linformation-et-de-leconomie-numerique","status":"publish","type":"post","link":"https:\/\/linitiative.ca\/International\/qui-est-sami-smaoui-propose-au-poste-de-ministre-des-technologies-de-linformation-et-de-leconomie-numerique\/","title":{"rendered":"Qui est Sami Smaoui propos\u00e9 au poste de ministre des Technologies de l\u2019information et de l\u2019Economie num\u00e9rique"},"content":{"rendered":"<h2>Situation Civile<\/h2>\n<p><span class=\"c2\"><strong>Date et lieu de naissance:<\/strong><\/span> 15 Novembre 1974 \u00e0 Tripoli<\/p>\n<p><span class=\"c2\"><strong>Situation civile:<\/strong><\/span> Mari\u00e9, p\u00e8re de deux enfants (8 et 7 ans)<\/p>\n<h2>Parcours Acad\u00e9mique<\/h2>\n<p><span class=\"c2\"><strong>\u2022<\/strong><\/span> Baccalaur\u00e9at \u00abSectionMath\u00e9matiques\u00bb en Juin 1992, Mention Bien, Lyc\u00e9e Pilote Ariana<\/p>\n<p><span class=\"c2\"><strong>\u2022<\/strong><\/span> Ing\u00e9nieur \u00abComputer engineering and Information Science\u00bb en Juin 1996, Bilkent University<\/p>\n<p><span class=\"c2\"><strong>\u2022<\/strong><\/span> Master \u00abExecutive MBA\u00bb en Janvier 2010, South Mediterrenean University<\/p>\n<p><span class=\"c2\"><strong>\u2022<\/strong><\/span> Langues maitris\u00e9es: Arabe, Anglaise, Fran\u00e7aise, Turque<\/p>\n<h2>Parcours Professionnel<\/h2>\n<p><span class=\"c2\"><strong>1996 \u00e0 2004: Ar\u00e7elik Beko, Groupe Ko\u00e7 Holding<\/strong><\/span><br \/><span class=\"c2\"><strong>\u2022<\/strong><\/span> Directeur Projets IT \u00e0 l\u2019Internationale<br \/><span class=\"c2\"><strong>\u2022<\/strong><\/span> Actif entre Istanbul, Ankara, Tunis, Vienne, Paris, D\u00fcsseldorf.<\/p>\n<p><span class=\"c2\"><strong>2005 \u00e0 2006: Groupe TE et GLTrade\/Sungard<\/strong><\/span><\/p>\n<p><span class=\"c2\"><strong>\u2022<\/strong><\/span> Directeur du d\u00e9veloppement international<br \/><span class=\"c2\"><strong>\u2022<\/strong><\/span> Actif entre Tunis et Paris.<\/p>\n<p><span class=\"c2\"><strong>2007 \u00e0 2017: Hewlett-Packard (HP et HPE)<\/strong><\/span><\/p>\n<p><span class=\"c2\"><strong>\u2022<\/strong><\/span> Directeur G\u00e9n\u00e9ral Tunisie et Libye, Directeur G\u00e9n\u00e9ral Services Entreprises, membre du Directoire Afrique<br \/><span class=\"c2\"><strong>\u2022<\/strong><\/span> Actif entre Tunis, Paris, Tripoli et Casablanca.<\/p>\n<p><span class=\"c2\"><strong>Depuis 2018: Groupe UTIC<\/strong><\/span><\/p>\n<p><span class=\"c2\"><strong>\u2022<\/strong><\/span> Directeur G\u00e9n\u00e9ral en charge du pole nouveaux projets<br \/><span class=\"c2\"><strong>\u2022<\/strong><\/span> Principalement bas\u00e9 \u00e0 Tunis.<\/p>\n<h2>Activit\u00e9 politique \/ associative<\/h2>\n<p><span class=\"c2\"><strong>\u2022<\/strong><\/span> Co-fondateur et membre du conseil de TACT (Tunisian Association for Communication and Technology), depuis 2011<\/p>\n<p><span class=\"c2\"><strong>\u2022<\/strong><\/span> Ex-membre \u00e9lu du conseil de TACC Tunisia AmCham (Tunisian American Chamber of Commerce), de 2007 \u00e0 2017<\/p>\n<p><span class=\"c2\"><strong>\u2022<\/strong><\/span> Ex-membre et Pr\u00e9sident de l\u2019Association des Anciens du Lyc\u00e9e Pilote de l\u2019Ariana.<br \/>\u00a0<\/p>\n<p>Auteur:<br \/>\n<a href=\"https:\/\/www.leaders.com.tn\/article\/28840-qui-est-sami-smaoui-propose-au-poste-de-ministre-des-technologies-de-l-information-et-de-l-economie-numerique\">Cliquez ici pour lire l&rsquo;article depuis sa source.<\/a><\/p>\n","protected":false},"excerpt":{"rendered":"<p>Situation Civile Date et lieu de naissance: 15 Novembre 1974 \u00e0 Tripoli Situation civile: Mari\u00e9, p\u00e8re de deux enfants (8 et 7 ans) Parcours Acad\u00e9mique \u2022 Baccalaur\u00e9at \u00abSectionMath\u00e9matiques\u00bb en Juin 1992, Mention Bien, Lyc\u00e9e Pilote Ariana \u2022 Ing\u00e9nieur \u00abComputer engineering and Information Science\u00bb en Juin 1996, Bilkent University \u2022 Master \u00abExecutive MBA\u00bb en Janvier 2010, [&hellip;]<\/p>\n","protected":false},"author":1772,"featured_media":0,"comment_status":"closed","ping_status":"closed","sticky":false,"template":"","format":"standard","meta":{"fifu_image_url":"","fifu_image_alt":"","footnotes":""},"categories":[73,55],"tags":[],"class_list":["post-72585","post","type-post","status-publish","format-standard","hentry","category-actualite","category-tunisie"],"_links":{"self":[{"href":"https:\/\/linitiative.ca\/International\/wp-json\/wp\/v2\/posts\/72585","targetHints":{"allow":["GET"]}}],"collection":[{"href":"https:\/\/linitiative.ca\/International\/wp-json\/wp\/v2\/posts"}],"about":[{"href":"https:\/\/linitiative.ca\/International\/wp-json\/wp\/v2\/types\/post"}],"author":[{"embeddable":true,"href":"https:\/\/linitiative.ca\/International\/wp-json\/wp\/v2\/users\/1772"}],"replies":[{"embeddable":true,"href":"https:\/\/linitiative.ca\/International\/wp-json\/wp\/v2\/comments?post=72585"}],"version-history":[{"count":0,"href":"https:\/\/linitiative.ca\/International\/wp-json\/wp\/v2\/posts\/72585\/revisions"}],"wp:attachment":[{"href":"https:\/\/linitiative.ca\/International\/wp-json\/wp\/v2\/media?parent=72585"}],"wp:term":[{"taxonomy":"category","embeddable":true,"href":"https:\/\/linitiative.ca\/International\/wp-json\/wp\/v2\/categories?post=72585"},{"taxonomy":"post_tag","embeddable":true,"href":"https:\/\/linitiative.ca\/International\/wp-json\/wp\/v2\/tags?post=72585"}],"curies":[{"name":"wp","href":"https:\/\/api.w.org\/{rel}","templated":true}]}}