{"id":72586,"date":"2020-01-09T14:28:00","date_gmt":"2020-01-09T19:28:00","guid":{"rendered":"https:\/\/linitiative.ca\/International\/en-attendant-la-seance-pleniere-de-lassemblee\/"},"modified":"2020-01-09T14:28:00","modified_gmt":"2020-01-09T19:28:00","slug":"en-attendant-la-seance-pleniere-de-lassemblee","status":"publish","type":"post","link":"https:\/\/linitiative.ca\/International\/en-attendant-la-seance-pleniere-de-lassemblee\/","title":{"rendered":"En attendant la s\u00e9ance pl\u00e9ni\u00e8re de l&rsquo;Assembl\u00e9e &#8230;"},"content":{"rendered":"<p class=\"MsoNormal\"><em>\u00abNotre maison br\u00fble et<span class=\"c2\">\u00a0<\/span> nous regardons ailleurs\u00bb<\/em>. Cette phrase de Jacques Chirac illustre bien la situation que nous vivons. Nous nous inqui\u00e9tons de ce qui se passe sur nos fronti\u00e8res, en Libye et m\u00eame bien au-del\u00e0, en Irak<span class=\"c2\">\u00a0<\/span> ou au Y\u00e9men, alors que notre pays n&rsquo;est pas mieux loti, confront\u00e9 comme il l&rsquo;est depuis des ann\u00e9es \u00e0 une crise multiforme: \u00e0 la fois politique, \u00e9conomique et culturelle que nous n\u2019arrivons pas \u00e0 juguler. Apr\u00e8s les \u00e9lections, on avait cru un moment en finir avec l&rsquo;instabilit\u00e9 politique. Il fallait se d\u00e9tromper. C&rsquo;est une nouvelle phase de tiiraillements,\u00a0 qui commence. D\u00e9sign\u00e9 par le parti majoritaire, Habib Jemli va s&#8217;employer pendant plusieurs semaines \u00e0 former un gouvernement\u00a0 de comp\u00e9tences. L&rsquo;annonce de sa composition mettra le feu aux poudres. Exclus du gouvernement, les partis vont tout faire pour le saboter. Il est peu probable qu&rsquo;il obtienne le vote de confiance ce vendredi \u00e0 l&rsquo;ARP. Retour \u00e0 la case d\u00e9part. Trois consultations \u00e9lectorales en quelques mois n&rsquo;auront pas suffi \u00e0 restaurer cette stabilit\u00e9 qui\u00a0 nous fait d\u00e9faut depuis la r\u00e9volution. Bien malin est\u00a0 celui qui peut nous pr\u00e9dire de quoi l&rsquo;avenir du pays sera fait.<\/p>\n<p>Auteur:<br \/>\n<a href=\"https:\/\/www.leaders.com.tn\/article\/28841-en-attendant-la-seance-pleniere-de-l-assemblee\">Cliquez ici pour lire l&rsquo;article depuis sa source.<\/a><\/p>\n","protected":false},"excerpt":{"rendered":"<p>\u00abNotre maison br\u00fble et\u00a0 nous regardons ailleurs\u00bb. Cette phrase de Jacques Chirac illustre bien la situation que nous vivons. Nous nous inqui\u00e9tons de ce qui se passe sur nos fronti\u00e8res, en Libye et m\u00eame bien au-del\u00e0, en Irak\u00a0 ou au Y\u00e9men, alors que notre pays n&rsquo;est pas mieux loti, confront\u00e9 comme il l&rsquo;est depuis des [&hellip;]<\/p>\n","protected":false},"author":1772,"featured_media":0,"comment_status":"closed","ping_status":"closed","sticky":false,"template":"","format":"standard","meta":{"fifu_image_url":"","fifu_image_alt":"","footnotes":""},"categories":[73,55],"tags":[],"class_list":["post-72586","post","type-post","status-publish","format-standard","hentry","category-actualite","category-tunisie"],"_links":{"self":[{"href":"https:\/\/linitiative.ca\/International\/wp-json\/wp\/v2\/posts\/72586","targetHints":{"allow":["GET"]}}],"collection":[{"href":"https:\/\/linitiative.ca\/International\/wp-json\/wp\/v2\/posts"}],"about":[{"href":"https:\/\/linitiative.ca\/International\/wp-json\/wp\/v2\/types\/post"}],"author":[{"embeddable":true,"href":"https:\/\/linitiative.ca\/International\/wp-json\/wp\/v2\/users\/1772"}],"replies":[{"embeddable":true,"href":"https:\/\/linitiative.ca\/International\/wp-json\/wp\/v2\/comments?post=72586"}],"version-history":[{"count":0,"href":"https:\/\/linitiative.ca\/International\/wp-json\/wp\/v2\/posts\/72586\/revisions"}],"wp:attachment":[{"href":"https:\/\/linitiative.ca\/International\/wp-json\/wp\/v2\/media?parent=72586"}],"wp:term":[{"taxonomy":"category","embeddable":true,"href":"https:\/\/linitiative.ca\/International\/wp-json\/wp\/v2\/categories?post=72586"},{"taxonomy":"post_tag","embeddable":true,"href":"https:\/\/linitiative.ca\/International\/wp-json\/wp\/v2\/tags?post=72586"}],"curies":[{"name":"wp","href":"https:\/\/api.w.org\/{rel}","templated":true}]}}