{"id":72587,"date":"2020-01-09T05:00:00","date_gmt":"2020-01-09T10:00:00","guid":{"rendered":"https:\/\/linitiative.ca\/International\/le-plan-daction-du-gouvernement-bientot-finalise\/"},"modified":"2020-01-09T05:00:00","modified_gmt":"2020-01-09T10:00:00","slug":"le-plan-daction-du-gouvernement-bientot-finalise","status":"publish","type":"post","link":"https:\/\/linitiative.ca\/International\/le-plan-daction-du-gouvernement-bientot-finalise\/","title":{"rendered":"Le plan d\u2019action du gouvernement bient\u00f4t finalis\u00e9"},"content":{"rendered":"<p>Le Pr\u00e9sident Tebboune a instruit le gouvernement d\u2019acc\u00e9l\u00e9rer la pr\u00e9paration de son plan d\u2019action pour le finaliser sous dizaine, avons-nous\u00a0 appris de bonne source. D\u2019ailleurs, une nouvelle r\u00e9union du Conseil des ministres devrait intervenir la semaine prochaine pour examiner et approuver\u00a0 ce plan avant de le soumettre au Parlement, nous confie-t-on encore.<\/p>\n<p>Auteur:<br \/>\n<a href=\"https:\/\/www.lesoirdalgerie.com\/periscoop\/le-plan-daction-du-gouvernement-bientot-finalise-36632\">Cliquez ici pour lire l&rsquo;article depuis sa source.<\/a><\/p>\n","protected":false},"excerpt":{"rendered":"<p>Le Pr\u00e9sident Tebboune a instruit le gouvernement d\u2019acc\u00e9l\u00e9rer la pr\u00e9paration de son plan d\u2019action pour le finaliser sous dizaine, avons-nous\u00a0 appris de bonne source. D\u2019ailleurs, une nouvelle r\u00e9union du Conseil des ministres devrait intervenir la semaine prochaine pour examiner et approuver\u00a0 ce plan avant de le soumettre au Parlement, nous confie-t-on encore. Auteur: Cliquez ici [&hellip;]<\/p>\n","protected":false},"author":1741,"featured_media":0,"comment_status":"closed","ping_status":"closed","sticky":false,"template":"","format":"standard","meta":{"fifu_image_url":"","fifu_image_alt":"","footnotes":""},"categories":[73,53],"tags":[],"class_list":["post-72587","post","type-post","status-publish","format-standard","hentry","category-actualite","category-algerie"],"_links":{"self":[{"href":"https:\/\/linitiative.ca\/International\/wp-json\/wp\/v2\/posts\/72587","targetHints":{"allow":["GET"]}}],"collection":[{"href":"https:\/\/linitiative.ca\/International\/wp-json\/wp\/v2\/posts"}],"about":[{"href":"https:\/\/linitiative.ca\/International\/wp-json\/wp\/v2\/types\/post"}],"author":[{"embeddable":true,"href":"https:\/\/linitiative.ca\/International\/wp-json\/wp\/v2\/users\/1741"}],"replies":[{"embeddable":true,"href":"https:\/\/linitiative.ca\/International\/wp-json\/wp\/v2\/comments?post=72587"}],"version-history":[{"count":0,"href":"https:\/\/linitiative.ca\/International\/wp-json\/wp\/v2\/posts\/72587\/revisions"}],"wp:attachment":[{"href":"https:\/\/linitiative.ca\/International\/wp-json\/wp\/v2\/media?parent=72587"}],"wp:term":[{"taxonomy":"category","embeddable":true,"href":"https:\/\/linitiative.ca\/International\/wp-json\/wp\/v2\/categories?post=72587"},{"taxonomy":"post_tag","embeddable":true,"href":"https:\/\/linitiative.ca\/International\/wp-json\/wp\/v2\/tags?post=72587"}],"curies":[{"name":"wp","href":"https:\/\/api.w.org\/{rel}","templated":true}]}}