{"id":72588,"date":"2020-01-09T05:00:00","date_gmt":"2020-01-09T10:00:00","guid":{"rendered":"https:\/\/linitiative.ca\/International\/chez-le-medecin-en-lan-2020-fin\/"},"modified":"2020-01-09T05:00:00","modified_gmt":"2020-01-09T10:00:00","slug":"chez-le-medecin-en-lan-2020-fin","status":"publish","type":"post","link":"https:\/\/linitiative.ca\/International\/chez-le-medecin-en-lan-2020-fin\/","title":{"rendered":"Chez le m\u00e9decin en l\u2019an 2020 ! (fin)"},"content":{"rendered":"<p class=\"c3\">Elle est incroyable la coh\u00e9rence dans la r\u00e9flexion que l\u2019on retrouve chez les gens. Vous avez le sentiment de reprendre l\u00e0 o\u00f9 vous vous \u00e9tiez arr\u00eat\u00e9. En parlant de salle d\u2019attente chez le m\u00e9decin, d\u2019occupation de l\u2019espace et de prise de parole par des femmes infatigables quand elles se mettent \u00e0 d\u00e9crire leur quotidien, j\u2019ai dit que cette fois-ci, les hommes qui, jusque-l\u00e0, subissaient les \u00e9changes sans r\u00e9agir et ne se m\u00ealaient, surtout, jamais, aux interventions, se sont laiss\u00e9s prendre au jeu en faisant all\u00e8grement l\u2019impasse sur le fait qu\u2019ils s\u2019adressaient \u00e0 des femmes qui leur \u00e9taient totalement \u00e9trang\u00e8res. J\u2019ignore si, ailleurs, on r\u00e9agit de la m\u00eame mani\u00e8re, mais voil\u00e0 comment cela se passe chez mon m\u00e9decin. Une fois que les femmes r\u00e9alisent qu\u2019elles sont l\u00e0 depuis deux bonnes heures et plus, elles encha\u00eenent en pestant contre ce qui les attend. On y \u00e9vacue ses col\u00e8res, ses joies et ses frustrations. Tout y passe et parfois sur un ton amus\u00e9, jusqu\u2019aux bouff\u00e9es de chaleur qui d\u00e9rangent le conjoint la nuit, les couvertures qui volent et les t\u00eates qui s\u2019enfoncent dans le cong\u00e9lateur pour renouer avec un monde apais\u00e9.\u00a0<br \/>Dans sa lanc\u00e9e, une patiente tend la perche en se demandant si le nouveau ministre fera quelque chose pour en d\u00e9barrasser celles qui en souffrent ou s\u2019il va faire comme ses pr\u00e9d\u00e9cesseurs qui ont laiss\u00e9 faire des charlatans et prosp\u00e9rer le march\u00e9 parall\u00e8le de m\u00e9dicaments indispensables qui s\u2019\u00e9coulent sous le manteau, au lieu de faire la chasse \u00e0 ceux qui abusent impun\u00e9ment de la gal\u00e8re des malades.\u00a0<br \/>Aussit\u00f4t le nom du nouveau ministre prononc\u00e9, un t\u00e9moignage en sa faveur fuse dans la salle. Surprise, je regarde l\u2019homme qui vient d\u2019intervenir \u00e9voquer, sur un ton rassurant, la comp\u00e9tence du nouvel homme fort de la sant\u00e9 et sa proximit\u00e9 avec les malades.\u00a0<br \/>&#038;@Au-del\u00e0 du fait que l\u2019on puisse \u00eatre excellent dans son domaine et nul dans la gestion d\u2019un d\u00e9partement aussi sensible que celui-l\u00e0, il y a des gens qui font leur Hirak et que l\u2019on regarde, amus\u00e9, \u00e9voluer, sans discrimination, dans une salle mixte o\u00f9 chacun conteste et donne son avis librement.\u00a0<br \/>Il y a les pour et les contre ! Mais tous esp\u00e8rent et veillent au grain.\u00a0 \u00a0\u00a0<br \/><em><strong>M. B.<\/strong><\/em><\/p>\n<p>Auteur:<br \/>\n<a href=\"https:\/\/www.lesoirdalgerie.com\/soit-dit-en-passant\/chez-le-medecin-en-lan-2020-fin-36631\">Cliquez ici pour lire l&rsquo;article depuis sa source.<\/a><\/p>\n","protected":false},"excerpt":{"rendered":"<p>Elle est incroyable la coh\u00e9rence dans la r\u00e9flexion que l\u2019on retrouve chez les gens. Vous avez le sentiment de reprendre l\u00e0 o\u00f9 vous vous \u00e9tiez arr\u00eat\u00e9. En parlant de salle d\u2019attente chez le m\u00e9decin, d\u2019occupation de l\u2019espace et de prise de parole par des femmes infatigables quand elles se mettent \u00e0 d\u00e9crire leur quotidien, j\u2019ai [&hellip;]<\/p>\n","protected":false},"author":1741,"featured_media":0,"comment_status":"closed","ping_status":"closed","sticky":false,"template":"","format":"standard","meta":{"fifu_image_url":"","fifu_image_alt":"","footnotes":""},"categories":[73,53],"tags":[],"class_list":["post-72588","post","type-post","status-publish","format-standard","hentry","category-actualite","category-algerie"],"_links":{"self":[{"href":"https:\/\/linitiative.ca\/International\/wp-json\/wp\/v2\/posts\/72588","targetHints":{"allow":["GET"]}}],"collection":[{"href":"https:\/\/linitiative.ca\/International\/wp-json\/wp\/v2\/posts"}],"about":[{"href":"https:\/\/linitiative.ca\/International\/wp-json\/wp\/v2\/types\/post"}],"author":[{"embeddable":true,"href":"https:\/\/linitiative.ca\/International\/wp-json\/wp\/v2\/users\/1741"}],"replies":[{"embeddable":true,"href":"https:\/\/linitiative.ca\/International\/wp-json\/wp\/v2\/comments?post=72588"}],"version-history":[{"count":0,"href":"https:\/\/linitiative.ca\/International\/wp-json\/wp\/v2\/posts\/72588\/revisions"}],"wp:attachment":[{"href":"https:\/\/linitiative.ca\/International\/wp-json\/wp\/v2\/media?parent=72588"}],"wp:term":[{"taxonomy":"category","embeddable":true,"href":"https:\/\/linitiative.ca\/International\/wp-json\/wp\/v2\/categories?post=72588"},{"taxonomy":"post_tag","embeddable":true,"href":"https:\/\/linitiative.ca\/International\/wp-json\/wp\/v2\/tags?post=72588"}],"curies":[{"name":"wp","href":"https:\/\/api.w.org\/{rel}","templated":true}]}}