{"id":72590,"date":"2020-01-09T05:00:00","date_gmt":"2020-01-09T10:00:00","guid":{"rendered":"https:\/\/linitiative.ca\/International\/akhyna-ton-sourire-pue-le-musc\/"},"modified":"2020-01-09T05:00:00","modified_gmt":"2020-01-09T10:00:00","slug":"akhyna-ton-sourire-pue-le-musc","status":"publish","type":"post","link":"https:\/\/linitiative.ca\/International\/akhyna-ton-sourire-pue-le-musc\/","title":{"rendered":"Akhyna, ton sourire pue le musc !"},"content":{"rendered":"<p class=\"c3\">Premier gros chantier pour le gouvernement Djerad. La mise en conformit\u00e9 des\u2026<\/p>\n<p class=\"c3\"><strong>\u2026 cravates !\u00a0<\/strong><\/p>\n<p class=\"c3\">Et voil\u00e0 que des ruelles du vendredi, pas n\u2019importe quel vendredi, celui qui \u00abattend la sortie des mosqu\u00e9es\u00bb pour faire gonflette, on ne le murmure plus, on le crie : \u00abNon \u00e0 la dictature militaire ! On ne nous refera pas le coup de 1992\u00bb. Ben voyons ! D\u00e9j\u00e0, dans les faits, une r\u00e9volution du sourire qui cligne des yeux \u00e0 la mi-journ\u00e9e, guettant la sortie des mosqu\u00e9es, \u00e7a m\u2019interpelle un brin sur la pilosit\u00e9 de ce sourire-l\u00e0. J\u2019ai march\u00e9 le 22. J\u2019ai march\u00e9 d\u2019autres vendredis. Sans revendiquer d\u2019\u00abattestation communale\u00bb comme dirait cet \u00eatre si proche et si lucide. De ces marches, je n\u2019ai pas le souvenir de personnes des deux sexes, les yeux riv\u00e9s sur leurs montres, impatientes de voir d\u00e9bouler les bataillons de la Grande Pri\u00e8re du vendredi. Nous marchions la t\u00eate haute, et ceux qui sortaient des mosqu\u00e9es se joignaient \u00e0 la marche, certains d\u2019entre eux n\u2019osant pas trop lever la t\u00eate, parce qu\u2019encore marqu\u00e9s du sceau de la d\u00e9cennie noire. Les temps ont visiblement chang\u00e9. Et encore plus visiblement, les empastill\u00e9s, en bataillons disciplin\u00e9s -comme toujours- ont enfin re\u00e7u le feu vert des Fr\u00e8res pour r\u00e9engager le \u00abd\u00e9bat\u00bb sur l\u2019arr\u00eat du processus \u00e9lectoral. C\u2019est de bonne guerre ! De bonne guerre int\u00e9griste. D\u2019abord, l\u2019entrisme du vendredi. Ensuite, des carr\u00e9s de plus en plus grands. Et l\u00e0, aujourd\u2019hui, le tempo hebdomadaire de la protestation r\u00e9gl\u00e9, plaqu\u00e9 sur celui de la mosqu\u00e9e. Eux sont dans leur r\u00f4le. Mais nous ? Devons-nous pisser sur les tombes des n\u00f4tres massacr\u00e9s par le FIS et ses bras arm\u00e9s et ses figures dont certaines ont \u00e9t\u00e9 brandies en portraits h\u00e9ro\u00efques place Audin plusieurs vendredis de suite pour esp\u00e9rer tenir la route ? Dois-je cracher sur mon arm\u00e9e, parce que l\u2019un de ses chefs a faut\u00e9 grave \u00e0 plusieurs reprises, et jeter l\u2019opprobre g\u00e9n\u00e9rale sur cette institution qui a sauv\u00e9 la R\u00e9publique lorsque d\u2019autres nous conseillaient de nous coucher et de laisser faire la fraude \u00e0 large \u00e9chelle des deux plus gros fraudeurs de l\u2019histoire \u00e9lectorale alg\u00e9rienne, Abassi Madani et Ali Benhadj ? En mati\u00e8re de pisse et de crachats, je n\u2019ai de le\u00e7ons \u00e0 donner \u00e0 personne. Chacun pisse et crache l\u00e0 o\u00f9 il veut. Mais en m\u00eame temps, je n\u2019ai de le\u00e7ons \u00e0 recevoir de personne, moi aussi. Et je pisse et crache \u00e0 la face de l\u2019islamisme et des int\u00e9gristes. Hier, en 1992, au moment de l\u2019arr\u00eat du processus de transformation du pays en califat. Et aujourd\u2019hui, au moment o\u00f9 l\u2019on tente de me vendre un sourire r\u00e9volutionnaire exhalant de forts et \u00e9c\u0153urants relents de musc ! Je fume du th\u00e9 et je reste \u00e9veill\u00e9, le cauchemar continue.<br \/><em><strong>H. L.<\/strong><\/em><\/p>\n<p>Auteur:<br \/>\n<a href=\"https:\/\/www.lesoirdalgerie.com\/pousse-avec-eux\/akhyna-ton-sourire-pue-le-musc-36629\">Cliquez ici pour lire l&rsquo;article depuis sa source.<\/a><\/p>\n","protected":false},"excerpt":{"rendered":"<p>Premier gros chantier pour le gouvernement Djerad. La mise en conformit\u00e9 des\u2026 \u2026 cravates !\u00a0 Et voil\u00e0 que des ruelles du vendredi, pas n\u2019importe quel vendredi, celui qui \u00abattend la sortie des mosqu\u00e9es\u00bb pour faire gonflette, on ne le murmure plus, on le crie : \u00abNon \u00e0 la dictature militaire ! On ne nous refera [&hellip;]<\/p>\n","protected":false},"author":1741,"featured_media":0,"comment_status":"closed","ping_status":"closed","sticky":false,"template":"","format":"standard","meta":{"fifu_image_url":"","fifu_image_alt":"","footnotes":""},"categories":[73,53],"tags":[],"class_list":["post-72590","post","type-post","status-publish","format-standard","hentry","category-actualite","category-algerie"],"_links":{"self":[{"href":"https:\/\/linitiative.ca\/International\/wp-json\/wp\/v2\/posts\/72590","targetHints":{"allow":["GET"]}}],"collection":[{"href":"https:\/\/linitiative.ca\/International\/wp-json\/wp\/v2\/posts"}],"about":[{"href":"https:\/\/linitiative.ca\/International\/wp-json\/wp\/v2\/types\/post"}],"author":[{"embeddable":true,"href":"https:\/\/linitiative.ca\/International\/wp-json\/wp\/v2\/users\/1741"}],"replies":[{"embeddable":true,"href":"https:\/\/linitiative.ca\/International\/wp-json\/wp\/v2\/comments?post=72590"}],"version-history":[{"count":0,"href":"https:\/\/linitiative.ca\/International\/wp-json\/wp\/v2\/posts\/72590\/revisions"}],"wp:attachment":[{"href":"https:\/\/linitiative.ca\/International\/wp-json\/wp\/v2\/media?parent=72590"}],"wp:term":[{"taxonomy":"category","embeddable":true,"href":"https:\/\/linitiative.ca\/International\/wp-json\/wp\/v2\/categories?post=72590"},{"taxonomy":"post_tag","embeddable":true,"href":"https:\/\/linitiative.ca\/International\/wp-json\/wp\/v2\/tags?post=72590"}],"curies":[{"name":"wp","href":"https:\/\/api.w.org\/{rel}","templated":true}]}}