{"id":72591,"date":"2020-01-09T05:00:00","date_gmt":"2020-01-09T10:00:00","guid":{"rendered":"https:\/\/linitiative.ca\/International\/2019-3e-et-fin\/"},"modified":"2020-01-09T05:00:00","modified_gmt":"2020-01-09T10:00:00","slug":"2019-3e-et-fin","status":"publish","type":"post","link":"https:\/\/linitiative.ca\/International\/2019-3e-et-fin\/","title":{"rendered":"2019&#8230; (3e et fin)"},"content":{"rendered":"<p class=\"c3\">Derni\u00e8re s\u00e9rie d&rsquo;extraits de nos chroniques de 2019, presque toutes consacr\u00e9es au Hirak.\u00a0<\/p>\n<p class=\"c3\">* 26 septembre 2019 : \u00abAucun des postulants actuels n&rsquo;est le candidat du consensus mais il ne saurait tarder. Il nous semble qu&rsquo;il pourrait s&rsquo;appeler Tebboune et ce raisonnement n&rsquo;est le r\u00e9sultat d&rsquo;aucune information qui nous serait parvenue ou autre divulgation de quelque source que ce soit. Elle r\u00e9sulte plut\u00f4t de l&rsquo;analyse des pr\u00e9c\u00e9dentes d\u00e9signations du pouvoir actuel dont le fil conducteur est la r\u00e9habilitation des personnalit\u00e9s ayant r\u00e9sist\u00e9 au pouvoir oligarchique et subi les outrances de ce dernier. Ceci est valable pour l&rsquo;actuel ministre de la Justice, M. Zeghmati, courageux, ancien procureur g\u00e9n\u00e9ral ayant tenu \u00e0 boucler Chakib Khelil, tr\u00e8s proche de Bouteflika, pour actes de corruption av\u00e9r\u00e9s. Cela est aussi valable pour l&rsquo;ancien ministre de la Justice, M. Charfi, limog\u00e9 pour avoir \u00abos\u00e9\u00bb s&rsquo;int\u00e9resser de pr\u00e8s au trafic en tous genres du m\u00eame Chakib Khelil et lancer contre lui un avis de recherche international !<br \/>Ce serait donc cette ligne de r\u00e9habilitation d&rsquo;anciennes figures ayant marqu\u00e9 l&rsquo;opinion publique par leur courage et l&rsquo;injustice qu&rsquo;ils subirent, qui semble avoir les faveurs de l&rsquo;actuelle direction du pays. Et c&rsquo;est en toute logique que l&rsquo;on pense \u00e0 M. Tebboune dont les attaques soutenues \u2014 et parfois pr\u00e9cipit\u00e9es \u2014 contre les grands noms de l&rsquo;oligarchie sont rest\u00e9es vivaces dans la m\u00e9moire collective. Comme est rest\u00e9e pr\u00e9sente dans les esprits l&rsquo;humiliation qu&rsquo;il subit au cimeti\u00e8re El Alia, le jour de l&rsquo;enterrement de feu R\u00e9da Malek, quand le duo Sa\u00efd Bouteflika-Ali Haddad, accompagn\u00e9s du syndicaliste des patrons, Sidi Sa\u00efd, se fendirent d&rsquo;un fou rire inappropri\u00e9 pour la circonstance mais fort r\u00e9v\u00e9lateur du sort qui attendait le Premier ministre !<br \/>Ce serait probablement lui l&rsquo;homme du consensus. On pourrait \u00e9galement penser \u00e0 un Rahabi ou Benbitour, ayant eux aussi subi la \u2018\u2019hogra\u2019\u2019 pr\u00e9sidentielle, mais ces derniers sont trop ind\u00e9pendants et leur conception de la d\u00e9mocratie ne cadre pas avec les ambitions d&rsquo;un pouvoir n&rsquo;aimant pas trop les mutations inopin\u00e9es.\u00bb<\/p>\n<p class=\"c3\">* 3 octobre 2019 : \u00abEn sortant de l&rsquo;\u00e8re Bouteflika, un Rebrab pensait qu&rsquo;il allait enfin pouvoir investir en toute libert\u00e9 dans son pays, lui qui est convoit\u00e9 par la France, le Maroc, beaucoup de pays africains et m\u00eame par le Br\u00e9sil. Il ne pensait pas finir en prison pour des d\u00e9lits qui sont passibles de fortes amendes. Louisa Hanoune, militante socialiste depuis des lustres, pensait qu&rsquo;il n&rsquo;\u00e9tait pas convenable de ne pas r\u00e9pondre \u00e0 l&rsquo;invitation du vrai chef d&rsquo;Etat pour des consultations politiques. Sa vie de militante est pass\u00e9e aux oubliettes, comme son amour et ses sacrifices pour l&rsquo;Alg\u00e9rie r\u00e9publicaine. Elle est condamn\u00e9e \u00e0 15 ans de prison. Parce qu&rsquo;ils ont parl\u00e9 librement, Boumala, Karim Tabbou et le moudjahid Bourega\u00e2 croupissent dans les ge\u00f4les de la R\u00e9publique. Pensons \u00e0 cet homme malade, au bout du rouleau qu&rsquo;est le g\u00e9n\u00e9ral Benhadid. Quant \u00e0 Ghediri, on ne sait m\u00eame pas pourquoi il est emprisonn\u00e9. Ce ne sont pas des criminels, ni des voleurs. Et que dire de ces simples manifestants tra\u00een\u00e9s devant les tribunaux&#8230; En se lib\u00e9rant, la justice perd parfois la boussole !<br \/>Ne livrons pas des armes \u00e0 nos ennemis ! Agissons avec hauteur de vue et sachons toujours faire la diff\u00e9rence entre ce qui est fondamental et ce qui ne l&rsquo;est pas ! Donnons une gifle \u00e0 ces agents du mal et du chaos en lib\u00e9rant ces enfants de l&rsquo;Alg\u00e9rie nouvelle et ce vieux Monsieur qui a tant souffert dans les maquis.<br \/>Notre engagement en faveur de l&rsquo;arm\u00e9e est une constante qui n&rsquo;a jamais connu la moindre variabilit\u00e9 depuis toutes ses interventions en faveur d&rsquo;une Alg\u00e9rie unie et forte. Et c&rsquo;est au nom de cet engagement fort, r\u00e9fl\u00e9chi et renforc\u00e9 depuis que nos forces arm\u00e9es ont refus\u00e9 de r\u00e9primer le peuple sorti le 22 f\u00e9vrier 2019 que nous appelons \u00e0 l&rsquo;apaisement, le vrai !<br \/>Vous\u00a0 allez\u00a0 me\u00a0 dire : et Baha-Eddine Tliba ? J&rsquo;ai tellement \u00e9crit sur lui avant 2019 que je n&rsquo;ai plus envie de rajouter une seule ligne. Si quand m\u00eame, car je pense que vous faites allusion au feuilleton d\u00e9clench\u00e9 cette semaine. Ma conviction est qu&rsquo;il va r\u00e9appara\u00eetre comme si de rien n&rsquo;\u00e9tait&#8230; Je n&rsquo;aime\u00a0 pas les feuilletons !\u00bb<\/p>\n<p class=\"c3\">* 21 novembre 2019 : \u00abA ces candidats qui se proclament du \u201cnovembrisme\u201d de bien s&rsquo;impr\u00e9gner des valeurs et principes qui marquent ce concept. La bande oligarchique qui a men\u00e9 l&rsquo;Alg\u00e9rie \u00e0 l&rsquo;impasse se disait aussi \u201cnovembriste\u201d ! Des courants obscurantistes, ennemis du modernisme, du progr\u00e8s social et des libert\u00e9s individuelles se pr\u00e9sentent \u00e9galement sous les m\u00eames couleurs ! Et pourtant, le \u2018\u2019novembrisme\u2019\u2019 n&rsquo;a qu&rsquo;une seule adresse : elle est incrust\u00e9e en lettres d&rsquo;or dans l&rsquo;esprit r\u00e9volutionnaire, dans l&rsquo;int\u00e9r\u00eat collectif, dans le d\u00e9veloppement ind\u00e9pendant, dans la satisfaction des besoins essentiels des populations, dans leur \u00e9mancipation, dans l&rsquo;\u00e9galit\u00e9 des chances, dans la juste r\u00e9partition des richesses, dans l&rsquo;anti-imp\u00e9rialisme et le soutien aux peuples qui luttent contre les occupations \u00e9trang\u00e8res et les plans destructeurs des puissances expansionnistes !<br \/>L&rsquo;Alg\u00e9rie a besoin d&rsquo;hommes en mesure de dessiner un nouveau projet mobilisateur, un puissant souffle novateur capable de soulever les passions et hisser les jeunes vers les cimes du patriotisme et du don de soi, une voie qui fera retrouver \u00e0 cette jeunesse l&rsquo;enthousiasme de nos vingt ans, quand, d\u00e9sireux de payer notre dette vis-\u00e0-vis de la g\u00e9n\u00e9ration pr\u00e9c\u00e9dente \u2014 celle des moudjahidine \u2014, nous sortions en masse dans les campagnes, pour offrir nos vacances aux paysans pauvres et sans terre, dans un \u00e9lan fraternel et d\u00e9sint\u00e9ress\u00e9, en vue de les rapprocher du progr\u00e8s.<br \/>Oui, nous \u00e9tions \u2018\u2019novembristes\u2019\u2019 sans le savoir.\u00bb<\/p>\n<p class=\"c3\">* 12 d\u00e9cembre 2019 : \u00abAvec une direction repr\u00e9sentative, le Hirak aurait eu la possibilit\u00e9 de savoir o\u00f9 il mettait les pieds et dans quelles directions avancer. Il aurait pu construire des ponts de rencontre et de concertation avec le mouvement politique et associatif. Il aurait pu s&rsquo;imposer comme interlocuteur du pouvoir (&#8230;) En d&rsquo;autres termes, avec une direction repr\u00e9sentative, il aurait \u00e9t\u00e9 possible d&rsquo;aller vers cette transition d\u00e9mocratique tant souhait\u00e9e ! Ainsi, on comprend mieux les arguments de ceux qui nous disent qu&rsquo;il est impossible de dialoguer avec les millions de personnes qui marchent dans les rues. Et d\u00e8s qu&rsquo;on parle aujourd&rsquo;hui de telle ou telle personnalit\u00e9 pour repr\u00e9senter le Hirak, il y a une lev\u00e9e de boucliers. Oui ! La division a fait son effet !\u00bb<\/p>\n<p class=\"c3\">*19 d\u00e9cembre 2019 : \u00abCe pouvoir, pour prouver qu&rsquo;il est r\u00e9ellement nouveau et qu&rsquo;il veut b\u00e2tir une nouvelle R\u00e9publique, doit rompre d&rsquo;une mani\u00e8re radicale avec le client\u00e9lisme politique et d\u00e9truire les ponts qui le reliaient \u00e0 cette faune de malfaisants. Mais que veut dire la volont\u00e9 du Pr\u00e9sident \u00e9lu de ne pas cr\u00e9er de parti ? S&rsquo;agit-il d&rsquo;une man\u0153uvre pour revenir \u00e0 la m\u00eame base \u00e9lectorale qui a toujours vot\u00e9 pour le puissant du moment ? Si tel n&rsquo;est pas le cas, comment gouverner sans force politique, surtout que la nouvelle Constitution va donner plus de poids aux instances \u00e9lues &#8211; selon les derni\u00e8res d\u00e9clarations de M. Tebboune ? Devant lui, il n&rsquo;y a pas mille choix. Ou il cr\u00e9e un nouveau parti \u2014 et c&rsquo;est ce qu&rsquo;il refuse \u2014 ou alors&#8230;<br \/>Oui, l&rsquo;id\u00e9e para\u00eet folle mais il faut la creuser car cet homme d&rsquo;exp\u00e9rience, qui compte de nombreuses ann\u00e9es dans les rouages de l&rsquo;Etat alg\u00e9rien, sait tr\u00e8s bien que sans base politique forte, il butera sur d&rsquo;infinis \u00e9cueils. Et si M. Tebboune voulait rompre d\u00e9finitivement avec le pass\u00e9 et tourner la page une fois pour toutes ? Et s&rsquo;il avait pour plan cach\u00e9 de pousser le Hirak \u00e0 se constituer en force politique pour participer d&rsquo;une mani\u00e8re efficiente au pouvoir ? Et son souhait de faire appel \u00e0 des jeunes, comp\u00e9tents et int\u00e8gres, ne s&rsquo;adresse-t-il pas, en premier, aux forces \u00e9clair\u00e9es du Hirak ? Nous r\u00eavons peut-\u00eatre mais ce serait la meilleure mani\u00e8re de donner des signaux forts de la volont\u00e9 de changement et d&rsquo;en finir avec le folklore des adorateurs de cadres en bois ! Rien, dans l&rsquo;absolu, ne s&rsquo;oppose \u00e0 cette jonction qui para\u00eet surr\u00e9aliste et irr\u00e9alisable. Cependant, le dialogue auquel a appel\u00e9 M. Tebboune peut, au cas o\u00f9 il se tiendrait, d\u00e9verrouiller le chemin&#8230;<br \/>Mais ne faut-il pas d\u00e9j\u00e0 commencer par lib\u00e9rer des femmes et des hommes dont le seul crime est d&rsquo;avoir exprim\u00e9 des opinions politiques ou port\u00e9 des fanions refl\u00e9tant simplement leur appartenance identitaire. La balle est dans le camp du pouvoir !\u00bb<br \/>M. F.<\/p>\n<p class=\"c3\">PS 1 : Dr\u00f4le de r\u00e9ponse de Trump aux repr\u00e9sentants du peuple irakien. La premi\u00e8re d\u00e9mocratie du monde est-elle encore une d\u00e9mocratie ? Le Parlement irakien a demand\u00e9 aux troupes \u00e9trang\u00e8res de quitter le pays : \u00abGo Home !\u00bb Et Trump de menacer : \u00abSi nous sortons, vous le paierez cher ! Sanctions et remboursement des frais occasionn\u00e9s par la gestion des bases US !\u00bb Mais qui a donc demand\u00e9 aux troupes imp\u00e9rialistes de venir en Irak ?\u00a0<br \/>PS 2 : Je me demande si la solution politique existe en Libye. Les \u00c9tats pourvoyeurs d&rsquo;armes et int\u00e9ress\u00e9s par la domination de ce pays voisin n&rsquo;ont aucun int\u00e9r\u00eat \u00e0 faire cesser les hostilit\u00e9s. Ils suivent leurs agendas et ces derniers ob\u00e9issent \u00e0 des int\u00e9r\u00eats sionistes tr\u00e8s clairs. Dans ces conditions et tout en restant un objectif noble, la paix semble irr\u00e9alisable pour le moment. L&rsquo;ang\u00e9lisme alg\u00e9rien ne servira probablement \u00e0 rien quand les mercenaires et les terroristes d\u00e9barqu\u00e9s par les deux camps s&rsquo;affronteront \u00e0 nos portes! Il n&rsquo;y a pas si longtemps, les attaques des gendarmeries de Tamanrasset et Ouargla, ainsi que l&rsquo;enl\u00e8vement de nos diplomates \u00e0 Gao, n&rsquo;ayant provoqu\u00e9 aucune r\u00e9action de notre pays, nous e\u00fbmes droit \u00e0 Tiguentourine ! A m\u00e9diter !<\/p>\n<p>Auteur:<br \/>\n<a href=\"https:\/\/www.lesoirdalgerie.com\/les-choses-de-la-vie\/2019-3e-et-fin-36628\">Cliquez ici pour lire l&rsquo;article depuis sa source.<\/a><\/p>\n","protected":false},"excerpt":{"rendered":"<p>Derni\u00e8re s\u00e9rie d&rsquo;extraits de nos chroniques de 2019, presque toutes consacr\u00e9es au Hirak.\u00a0 * 26 septembre 2019 : \u00abAucun des postulants actuels n&rsquo;est le candidat du consensus mais il ne saurait tarder. Il nous semble qu&rsquo;il pourrait s&rsquo;appeler Tebboune et ce raisonnement n&rsquo;est le r\u00e9sultat d&rsquo;aucune information qui nous serait parvenue ou autre divulgation de [&hellip;]<\/p>\n","protected":false},"author":1741,"featured_media":0,"comment_status":"closed","ping_status":"closed","sticky":false,"template":"","format":"standard","meta":{"fifu_image_url":"","fifu_image_alt":"","footnotes":""},"categories":[73,53],"tags":[],"class_list":["post-72591","post","type-post","status-publish","format-standard","hentry","category-actualite","category-algerie"],"_links":{"self":[{"href":"https:\/\/linitiative.ca\/International\/wp-json\/wp\/v2\/posts\/72591","targetHints":{"allow":["GET"]}}],"collection":[{"href":"https:\/\/linitiative.ca\/International\/wp-json\/wp\/v2\/posts"}],"about":[{"href":"https:\/\/linitiative.ca\/International\/wp-json\/wp\/v2\/types\/post"}],"author":[{"embeddable":true,"href":"https:\/\/linitiative.ca\/International\/wp-json\/wp\/v2\/users\/1741"}],"replies":[{"embeddable":true,"href":"https:\/\/linitiative.ca\/International\/wp-json\/wp\/v2\/comments?post=72591"}],"version-history":[{"count":0,"href":"https:\/\/linitiative.ca\/International\/wp-json\/wp\/v2\/posts\/72591\/revisions"}],"wp:attachment":[{"href":"https:\/\/linitiative.ca\/International\/wp-json\/wp\/v2\/media?parent=72591"}],"wp:term":[{"taxonomy":"category","embeddable":true,"href":"https:\/\/linitiative.ca\/International\/wp-json\/wp\/v2\/categories?post=72591"},{"taxonomy":"post_tag","embeddable":true,"href":"https:\/\/linitiative.ca\/International\/wp-json\/wp\/v2\/tags?post=72591"}],"curies":[{"name":"wp","href":"https:\/\/api.w.org\/{rel}","templated":true}]}}