{"id":72592,"date":"2020-01-09T08:51:44","date_gmt":"2020-01-09T13:51:44","guid":{"rendered":"https:\/\/linitiative.ca\/International\/la-cnss-admet-une-panne-sur-son-portail-damancom\/"},"modified":"2020-01-09T08:51:44","modified_gmt":"2020-01-09T13:51:44","slug":"la-cnss-admet-une-panne-sur-son-portail-damancom","status":"publish","type":"post","link":"https:\/\/linitiative.ca\/International\/la-cnss-admet-une-panne-sur-son-portail-damancom\/","title":{"rendered":"La CNSS admet une panne sur son portail Damancom"},"content":{"rendered":"<p><strong>Des utilisateurs ont eu, mercredi matin, des probl\u00e8mes intermittents pour acc\u00e9der au portail \u00ab\u00a0Damancom\u00a0\u00bb de la Caisse nationale de S\u00e9curit\u00e9 sociale (CNSS).<\/strong><\/p>\n<div class=\"c10\"\/>\n<p>Certaines entreprises se sont plaintes de probl\u00e8mes de connexion du site Damancom de la CNSS qui \u00e9tait constamment hors ligne. Des coupures confirm\u00e9es par la responsable du Service Relations Publiques et Presse de la CNSS Souad El Aoud. \u00ab\u00a0Le portail Damancom a connu quelques perturbations dues \u00e0 un souci technique.\u00a0Actuellement, il est op\u00e9rationnel\u00bb, a-t-elle rassur\u00e9.<\/p>\n<div class=\"wp-block-embed__wrapper\"><iframe loading=\"lazy\" title=\"Service E-DOCUMENTS - Chaabi Net\" width=\"1140\" height=\"641\" src=\"https:\/\/www.youtube.com\/embed\/O7u5wl98Qos?feature=oembed\" frameborder=\"0\" allow=\"accelerometer; autoplay; encrypted-media; gyroscope; picture-in-picture\" allowfullscreen=\"\">[embedded content]<\/iframe><\/div>\n<p>En fait, la CNSS est en train de proc\u00e9der \u00e0 quelques travaux d\u2019am\u00e9lioration de performances du portail, ce qui va g\u00e9n\u00e9rer quelques coupures pendant cette op\u00e9ration. \u00ab Nous poursuivons en ce moment m\u00eame quelques travaux d\u2019am\u00e9lioration des performances du portail. C\u2019est pourquoi il est probable que quelques coupures de courte dur\u00e9e soient enregistr\u00e9es de temps \u00e0 autre\u00a0\u00bb, poursuit-elle.<\/p>\n<p>Souad El Aoud a tenu aussi \u00e0 rassurer les utilisateurs du portail. \u00ab\u00a0Nous remercions nos clients pour leur compr\u00e9hension et pour la confiance qu\u2019ils accordent au portail Damancom. Nous restons \u00e0 votre enti\u00e8re disposition pour toute assistance ou accompagnement\u00a0\u00bb.<\/p>\n<div class=\"c17\">\n<fieldset class=\"c16\">\n<legend><strong><span class=\"c11\">Challenge<\/span><span class=\"c12\">news<\/span><\/strong><\/legend>\n<div class=\"c15\">Le meilleur de Challenge s\u00e9lectionn\u00e9 par la r\u00e9daction :<\/p>\n<\/div>\n<\/fieldset>\n<\/div>\n<p>Auteur: Hajar DARI<br \/>\n<a href=\"https:\/\/www.challenge.ma\/la-cnss-admet-une-panne-sur-son-portail-damancom-127624\/\">Cliquez ici pour lire l&rsquo;article depuis sa source.<\/a><\/p>\n","protected":false},"excerpt":{"rendered":"<p>Des utilisateurs ont eu, mercredi matin, des probl\u00e8mes intermittents pour acc\u00e9der au portail \u00ab\u00a0Damancom\u00a0\u00bb de la Caisse nationale de S\u00e9curit\u00e9 sociale (CNSS). Certaines entreprises se sont plaintes de probl\u00e8mes de connexion du site Damancom de la CNSS qui \u00e9tait constamment hors ligne. Des coupures confirm\u00e9es par la responsable du Service Relations Publiques et Presse de [&hellip;]<\/p>\n","protected":false},"author":1787,"featured_media":0,"comment_status":"closed","ping_status":"closed","sticky":false,"template":"","format":"standard","meta":{"fifu_image_url":"","fifu_image_alt":"","footnotes":""},"categories":[78,54],"tags":[],"class_list":["post-72592","post","type-post","status-publish","format-standard","hentry","category-economie","category-maroc"],"_links":{"self":[{"href":"https:\/\/linitiative.ca\/International\/wp-json\/wp\/v2\/posts\/72592","targetHints":{"allow":["GET"]}}],"collection":[{"href":"https:\/\/linitiative.ca\/International\/wp-json\/wp\/v2\/posts"}],"about":[{"href":"https:\/\/linitiative.ca\/International\/wp-json\/wp\/v2\/types\/post"}],"author":[{"embeddable":true,"href":"https:\/\/linitiative.ca\/International\/wp-json\/wp\/v2\/users\/1787"}],"replies":[{"embeddable":true,"href":"https:\/\/linitiative.ca\/International\/wp-json\/wp\/v2\/comments?post=72592"}],"version-history":[{"count":0,"href":"https:\/\/linitiative.ca\/International\/wp-json\/wp\/v2\/posts\/72592\/revisions"}],"wp:attachment":[{"href":"https:\/\/linitiative.ca\/International\/wp-json\/wp\/v2\/media?parent=72592"}],"wp:term":[{"taxonomy":"category","embeddable":true,"href":"https:\/\/linitiative.ca\/International\/wp-json\/wp\/v2\/categories?post=72592"},{"taxonomy":"post_tag","embeddable":true,"href":"https:\/\/linitiative.ca\/International\/wp-json\/wp\/v2\/tags?post=72592"}],"curies":[{"name":"wp","href":"https:\/\/api.w.org\/{rel}","templated":true}]}}