{"id":72593,"date":"2020-01-09T09:22:02","date_gmt":"2020-01-09T14:22:02","guid":{"rendered":"https:\/\/linitiative.ca\/International\/nabyl-lakhdar-dg-de-la-douane-poursuit-les-reformes\/"},"modified":"2020-01-09T09:22:02","modified_gmt":"2020-01-09T14:22:02","slug":"nabyl-lakhdar-dg-de-la-douane-poursuit-les-reformes","status":"publish","type":"post","link":"https:\/\/linitiative.ca\/International\/nabyl-lakhdar-dg-de-la-douane-poursuit-les-reformes\/","title":{"rendered":"Nabyl Lakhdar, DG de la Douane, poursuit les r\u00e9formes"},"content":{"rendered":"<p><strong>Dans le cadre du partenariat sign\u00e9 en septembre 2019 entre l\u2019Administration des Douanes et Imp\u00f4ts Indirects (ADII) et TIJARA 2020, une pr\u00e9sentation-d\u00e9bat a \u00e9t\u00e9 organis\u00e9e le mercredi 8 janvier sur les mesures douani\u00e8res de la Loi de Finances 2020.<\/strong><\/p>\n<div class=\"c10\"\/>\n<p>La rencontre s\u2019est d\u00e9roul\u00e9e en pr\u00e9sence de <strong>Nabyl Lakhdar<\/strong>, directeur de l\u2019ADII, et de Moncef Belkhayat, pr\u00e9sident d\u2019honneur de TIJARA 2020. A cette occasion, Lakhdar a d\u00e9taill\u00e9 les perspectives de l\u2019ADII pour cette nouvelle ann\u00e9e, \u00e9voquant la poursuite de la digitalisation, la consolidation du capital humain et le renforcement de la lutte contre la concurrence d\u00e9loyale et l\u2019accompagnement de l\u2019informel.<\/p>\n<div class=\"wp-block-embed__wrapper\"><iframe loading=\"lazy\" title=\"Service E-Paiement - Chaabi Net\" width=\"1140\" height=\"641\" src=\"https:\/\/www.youtube.com\/embed\/OhUaKJZB9NI?feature=oembed\" frameborder=\"0\" allow=\"accelerometer; autoplay; encrypted-media; gyroscope; picture-in-picture\" allowfullscreen=\"\">[embedded content]<\/iframe><\/div>\n<p>A sa suite, Wajih Sbihi, pr\u00e9sident de la commission Douane de TIJARA 2020, s\u2019est f\u00e9licit\u00e9 des actions de formation men\u00e9es par l\u2019<strong>ADII<\/strong> aupr\u00e8s de la f\u00e9d\u00e9ration dans le cadre de leur partenariat. Trois volets ont \u00e9t\u00e9 relev\u00e9s : la cat\u00e9gorisation, la d\u00e9mat\u00e9rialisation et le processus du paiement \u00e9lectronique.<\/p>\n<p>Pour rappel, TIJARA 2020 est devenue en mars 2019 une f\u00e9d\u00e9ration professionnelle sous la d\u00e9nomination de F\u00e9d\u00e9ration des M\u00e9tiers de la Distribution des Produits de Grande Consommation. <strong>TIJARA 2020<\/strong> regroupe \u00e0 ce jour quelque 30 entreprises repr\u00e9sentant 20 000 emplois et 15 milliards de dirhams de chiffre d\u2019affaires annuel.<\/p>\n<div class=\"c17\">\n<fieldset class=\"c16\">\n<legend><strong><span class=\"c11\">Challenge<\/span><span class=\"c12\">news<\/span><\/strong><\/legend>\n<div class=\"c15\">Le meilleur de Challenge s\u00e9lectionn\u00e9 par la r\u00e9daction :<\/p>\n<\/div>\n<\/fieldset>\n<\/div>\n<p>Auteur: challenge<br \/>\n<a href=\"https:\/\/www.challenge.ma\/nabyl-lakhdar-dg-de-ladii-poursuit-les-reformes-127635\/\">Cliquez ici pour lire l&rsquo;article depuis sa source.<\/a><\/p>\n","protected":false},"excerpt":{"rendered":"<p>Dans le cadre du partenariat sign\u00e9 en septembre 2019 entre l\u2019Administration des Douanes et Imp\u00f4ts Indirects (ADII) et TIJARA 2020, une pr\u00e9sentation-d\u00e9bat a \u00e9t\u00e9 organis\u00e9e le mercredi 8 janvier sur les mesures douani\u00e8res de la Loi de Finances 2020. La rencontre s\u2019est d\u00e9roul\u00e9e en pr\u00e9sence de Nabyl Lakhdar, directeur de l\u2019ADII, et de Moncef Belkhayat, [&hellip;]<\/p>\n","protected":false},"author":1787,"featured_media":0,"comment_status":"closed","ping_status":"closed","sticky":false,"template":"","format":"standard","meta":{"fifu_image_url":"","fifu_image_alt":"","footnotes":""},"categories":[78,54],"tags":[],"class_list":["post-72593","post","type-post","status-publish","format-standard","hentry","category-economie","category-maroc"],"_links":{"self":[{"href":"https:\/\/linitiative.ca\/International\/wp-json\/wp\/v2\/posts\/72593","targetHints":{"allow":["GET"]}}],"collection":[{"href":"https:\/\/linitiative.ca\/International\/wp-json\/wp\/v2\/posts"}],"about":[{"href":"https:\/\/linitiative.ca\/International\/wp-json\/wp\/v2\/types\/post"}],"author":[{"embeddable":true,"href":"https:\/\/linitiative.ca\/International\/wp-json\/wp\/v2\/users\/1787"}],"replies":[{"embeddable":true,"href":"https:\/\/linitiative.ca\/International\/wp-json\/wp\/v2\/comments?post=72593"}],"version-history":[{"count":0,"href":"https:\/\/linitiative.ca\/International\/wp-json\/wp\/v2\/posts\/72593\/revisions"}],"wp:attachment":[{"href":"https:\/\/linitiative.ca\/International\/wp-json\/wp\/v2\/media?parent=72593"}],"wp:term":[{"taxonomy":"category","embeddable":true,"href":"https:\/\/linitiative.ca\/International\/wp-json\/wp\/v2\/categories?post=72593"},{"taxonomy":"post_tag","embeddable":true,"href":"https:\/\/linitiative.ca\/International\/wp-json\/wp\/v2\/tags?post=72593"}],"curies":[{"name":"wp","href":"https:\/\/api.w.org\/{rel}","templated":true}]}}