{"id":72597,"date":"2020-01-09T11:54:26","date_gmt":"2020-01-09T16:54:26","guid":{"rendered":"https:\/\/linitiative.ca\/International\/ach-waq3-lactualite-decryptee-par-jamal-berraoui\/"},"modified":"2020-01-09T11:54:26","modified_gmt":"2020-01-09T16:54:26","slug":"ach-waq3-lactualite-decryptee-par-jamal-berraoui","status":"publish","type":"post","link":"https:\/\/linitiative.ca\/International\/ach-waq3-lactualite-decryptee-par-jamal-berraoui\/","title":{"rendered":"\u00ab Ach Waq3 \u00bb : l\u2019actualit\u00e9 d\u00e9crypt\u00e9e par Jamal Berraoui"},"content":{"rendered":"<p><strong>\u00ab Ach Waq3 \u00bb est l\u2019une des \u00e9missions phares de\u00a0MFM Radio traitant \u00a0des faits saillants de l\u2019actualit\u00e9 du jour. Elle est d\u00e9crypt\u00e9e par le journaliste politique et \u00e9conomique Jamal Berraoui.<\/strong><\/p>\n<div class=\"c10\"\/>\n<p>Dans l\u2019\u00e9mission de ce jeudi 9 janvier, le d\u00e9bat porte sur :<\/p>\n<p>-La promulgation prochainement d\u2019une loi interdisant de mettre en d\u00e9tention les malades mentaux. Selon TelQuel qui rapporte l\u2019information, le ministre de la Justice, Mohamed Benabdelkader a r\u00e9agi positivement \u00e0 un projet de loi pr\u00e9sent\u00e9 par Abdellatif Ouammou, conseiller parlementaire du Parti du Progr\u00e8s et du Socialisme (PPS) en vue d\u2019amender les articles 76 et 77 du code p\u00e9nal. Le projet de loi sugg\u00e8re l\u2019ajout d\u2019un quatri\u00e8me paragraphe \u00e0 l\u2019article 76 et la fixation d\u2019un d\u00e9lai maximum de trois mois pendant lequel la personne concern\u00e9e, dont la responsabilit\u00e9 p\u00e9nale n\u2019a pas \u00e9t\u00e9 reconnue en raison de troubles mentaux, devrait \u00eatre intern\u00e9e dans une institution psychiatrique pour recevoir les soins n\u00e9cessaires et la lib\u00e9rer une fois la p\u00e9riode de d\u00e9tention r\u00e9volue pour la remettre \u00e0 sa famille pour poursuivre le traitement. Ce projet de loi a \u00e9t\u00e9 motiv\u00e9 par l\u2019existence de nombreux d\u00e9tenus qui souffrent de troubles ; leur place est l\u2019h\u00f4pital psychiatrique plut\u00f4t qu\u2019un centre p\u00e9nitencier. Mais l\u2019article 76 dans sa version actuelle ne l\u2019autorise pas.<\/p>\n<p>L\u2019analyste de MFM Radio salue la r\u00e9action positive du ministre de la Justice. Il note toutefois que ce n\u2019est pas un probl\u00e8me de justice car lorsque la responsabilit\u00e9 p\u00e9nale d\u2019un malade mental est annul\u00e9e par un juge, ce dernier la prononce sur la base de rapports faits par des experts. Quand ceux-ci soulignent que la personne mise en cause est d\u00e9clar\u00e9e p\u00e9nalement irresponsable, on doit diriger le malade vers un service m\u00e9dicol\u00e9gal d\u2019un h\u00f4pital psychiatrique. Par le pass\u00e9, on les rassemblait et les entassait\u00a0\u00e0 l\u2019h\u00f4pital psychiatrique de\u00a0Berrechid sans qu\u2019ils b\u00e9n\u00e9ficient d\u2019un v\u00e9ritable suivi m\u00e9dical. C\u2019est une excellente initiative de la part d\u2019Ouammou, connu pour son s\u00e9rieux et sa droiture. Berraoui demande \u00e0 r\u00e9soudre le probl\u00e8me de capacit\u00e9 d\u2019accueil et plaide pour plus de places dans les h\u00f4pitaux psychiatriques pour les malades en d\u00e9tention surtout que leur irresponsabilit\u00e9 p\u00e9nale est prononc\u00e9e par la justice, de les maintenir dans des cellules sans traitement.<\/p>\n<p>-Le coordinateur du Parti marocain lib\u00e9ral (PML) de l\u2019avocat Mohamed Ziane a d\u00e9clin\u00e9 l\u2019invitation que lui a adress\u00e9e Chakib Benmoussa, pr\u00e9sident de la Commission sp\u00e9ciale sur le mod\u00e8le de d\u00e9veloppement (CSMD) pour livrer la vision et les id\u00e9es de sa formation politique. Ziane a justifi\u00e9 son refus dans une lettre envoy\u00e9e \u00e0 par\u00a0ce qu\u2019il a appel\u00e9 \u00ab le respect des principes du parti, bas\u00e9s sur la d\u00e9fense des valeurs universelles de d\u00e9mocratie, de libert\u00e9 et des droits de l\u2019Homme. Il ajoute que l\u2019id\u00e9e d\u2019un mod\u00e8le de d\u00e9veloppement conduirait \u00e0 \u00ab\u00a0la mise en place d\u2019un syst\u00e8me totalitaire vidant les institutions \u00e9lues de leur substance\u00a0\u00bb. Un autre parti, Annahj Addimocrati n\u2019a pas encore tranch\u00e9\u00a0pour dire s\u2019il prend part ou non \u00e0 ces s\u00e9ances d\u2019\u00e9coute. Jamal Berraoui commence d\u2019abord par relever que ces deux partis n\u2019ont aucun \u00e9lu au parlement. Quant \u00e0 la position du parti de Ziane, je n\u2019ai pas compris o\u00f9 il veut en venir. Il n\u2019existe aucun pays au monde qui avance sans l\u2019\u00e9laboration d\u2019un mod\u00e8le de d\u00e9veloppement qui d\u00e9finit le cap et l\u2019orientation. De l\u00e0 \u00e0 parler de syst\u00e8me totalitaire, il ne fait que botter en touche. La Commission invite les partis, les syndicats et les repr\u00e9sentants de la soci\u00e9t\u00e9 civile, non pas pour voter sur un mod\u00e8le pr\u00eat \u00e0 avaler mais pour consultation et recueil de leurs visions. \u00ab\u00a0O\u00f9 voit-il ce syst\u00e8me totalitaire?\u00a0\u00bb, interpelle l\u2019analyste de MFM Radio. Quant \u00e0 parler du respect des principes de d\u00e9fense des valeurs universelles de d\u00e9mocratie. Ces valeurs se trouvent dans des \u00e9lections, un parlement \u00e9lu, le respect des libert\u00e9s publiques et individuelles. Par cons\u00e9quent, Ziane fait de la surench\u00e8re pour rien, souligne l\u2019analyste. Il trouve par ailleurs qu\u2019Annahj Addimocrati souffre d\u2019un probl\u00e8me. C\u2019est un parti l\u00e9gal qui refuse d\u2019int\u00e9grer les institutions. Toutefois, leurs positions sont synonymes de bonne sant\u00e9 pour enrichir le d\u00e9bat public, conclut Berraoui.<\/p>\n<div class=\"wp-block-embed__wrapper\">\n<div class=\"fb-video\" data-href=\"https:\/\/www.facebook.com\/RADIOMFM.Officiel\/videos\/vb.159533354197525\/464349050897200\/?type=2&#038;theater\" data-width=\"1140\">\n<blockquote cite=\"https:\/\/www.facebook.com\/RADIOMFM.Officiel\/videos\/464349050897200\/\" class=\"fb-xfbml-parse-ignore\">\n<p>#\u0622\u0634_\u0648\u0627\u0642\u0639\u0627\u0644\u0634\u0631\u0637\u0629 \u0627\u0644\u0642\u0636\u0627\u0626\u064a\u0629 \u0628\u0627\u0644\u0631\u0628\u0627\u0637 \u062a\u0641\u062a\u062d \u062a\u062d\u0642\u064a\u0642\u0627 \u0623\u0648\u0644\u064a\u0627 \u0641\u064a \u00ab\u00a0\u0627\u062e\u062a\u0644\u0627\u0644\u0627\u062a \u0627\u0644\u062a\u0639\u0627\u0636\u062f\u064a\u0629\u00a0\u00bb- \u0623\u062d\u0632\u0627\u0628 \u062a\u0642\u0627\u0637\u0639 \u0623\u0634\u063a\u0627\u0644 \u00ab\u00a0\u0644\u062c\u0646\u0629 \u0628\u0646\u0645\u0648\u0633\u0649\u00a0\u00bb \u0648\u062a\u0646\u062a\u0642\u062f \u00ab\u00a0\u0646\u0645\u0648\u0630\u062c \u0627\u0644\u062a\u0646\u0645\u064a\u0629 \u0627\u0644\u0645\u062e\u0632\u0646\u064a\u00a0\u00bb- \u0642\u0631\u064a\u0628\u0627.. \u0642\u0627\u0646\u0648\u0646 \u064a\u0645\u0646\u0639 \u0627\u0644\u0625\u0628\u0642\u0627\u0621 \u0639\u0644\u0649 \u0627\u0644\u0645\u0635\u0627\u0628\u064a\u0646 \u0628\u0627\u0644\u0623\u0645\u0631\u0627\u0636 \u0627\u0644\u0639\u0642\u0644\u064a\u0629 \u0631\u0647\u0646 \u0627\u0644\u0627\u0639\u062a\u0642\u0627\u0644\u0631\u0641\u0642\u0629 \u0645\u0627\u0621 \u0627\u0644\u0639\u064a\u0646\u064a\u0646 \u0639\u064a\u0646\u0627\u0646\u064a \u0648\u0627\u0644\u062e\u0628\u064a\u0631 \u0627\u0644\u0633\u064a\u0627\u0633\u064a \u0648\u0627\u0644\u0625\u0642\u062a\u0635\u0627\u062f\u064a \u062c\u0645\u0627\u0644 \u0628\u0631\u0627\u0648\u064a \u0645\u0628\u0627\u0634\u0631\u0629 \u0639\u0644\u0649 \u0625\u0645 \u0625\u0641 \u0625\u0645www.mfmradio.ma#instagram : radiomfmofficiel#achwa9a3 #mfm #mfmradio #carte_blanche #inanimaelainine<\/p>\n<p>Publi\u00e9e par <a href=\"https:\/\/www.facebook.com\/RADIOMFM.Officiel\/\">RADIO MFM Officiel<\/a> sur Jeudi 9 janvier 2020<\/p><\/blockquote>\n<\/div>\n<\/div>\n<p>-Ordonn\u00e9e par le Parquet, la police judiciaire r\u00e9gionale de Rabat a ouvert une enqu\u00eate suite \u00e0 une plainte d\u00e9pos\u00e9e par Mohamed Ghalloussi, pr\u00e9sident de l\u2019Association marocaine de protection des biens publics (AMPBP) contre Abdelmoula Abdelmoumni, ex pr\u00e9sident du conseil de la Mutuelle g\u00e9n\u00e9rale du personnel des administrations publiques (MGPAP), soup\u00e7onn\u00e9 de dysfonctionnements budg\u00e9taires, d\u00e9passements, dilapidation de deniers publics et autres. Ghalloussi a \u00e9t\u00e9 entendu mercredi 8 d\u00e9cembre par la PJ. Dans des d\u00e9clarations \u00e0 la presse, il affirme avoir fourni aux enqu\u00eateurs tous les documents \u00e9tayant ses accusations.<\/p>\n<p>Loin de lui de faire le proc\u00e8s de Abdelmoumni, Berraoui note que l\u2019association a port\u00e9 plainte avec un dossier \u00e0 l\u2019appui \u00e0 l\u2019instar de ce qu\u2019a publi\u00e9 Rachid Niny dans son quotidien Al Akhbar sur cette affaire avec des factures num\u00e9rot\u00e9es, etc.\u00a0Il estime qu\u2019il revient \u00e0 la justice de se prononcer l\u00e0-dessus. Cela fait trois ans que cette affaire tra\u00eene. Au bout du compte, la justice nous renseignera qui a raison et qui a tort. Soit Abdelmoumni est innocent\u00e9 ou inculp\u00e9 mais on ne doit pas rester dans les soup\u00e7ons et les doutes et les proc\u00e8s populaires surtout qu\u2019il s\u2019agit de l\u2019argent des fonctionnaires. Les associations de la protection des deniers publics sont en droit d\u2019attirer l\u2019attention et d\u2019informer les institutions et \u00e0 la justice de faire son travail. L\u2019analyste estime que le Maroc doit aller dans le sens d\u2019accorder le\u00a0caract\u00e8re d\u2019utilit\u00e9 publique \u00e0 ce genre d\u2019organisations pour qu\u2019elles puissent se constituer partie civile lors d\u2019une plainte et d\u2019un proc\u00e8s.<\/p>\n<p>-Le travail des enfants\u00a0: le quotidien Al Massae\u00a0rapporte que le ministre du Travail et de l\u2019insertion professionnelle, Mohamed Amakraz,\u00a0a r\u00e9v\u00e9l\u00e9 devant la Chambre des conseillers que 93 enfants de moins de 15 ans ont \u00e9t\u00e9 \u00ab\u00a0lib\u00e9r\u00e9s\u00a0\u00bb de leurs employeurs et 204 autres \u00e2g\u00e9s de 15 \u00e0 18 ans ont \u00e9t\u00e9 mis \u00e0\u00a0l\u2019abri des travaux \u00e0 risque. Amakraz a \u00e9galement d\u00e9voil\u00e9 qu\u2019au cours des ann\u00e9es 2017 et 2018, les inspecteurs du travail dans les diff\u00e9rents services d\u00e9centralis\u00e9s ont effectu\u00e9 pas moins de 997 visites. Celles-ci se sont sold\u00e9es par plus de 2.903 observations et 80 avertissements.<\/p>\n<p>L\u2019analyste de MFM Radio trouve que les chiffres fournis par le ministre ne lui font pas peur et sont trop faibles par rapport \u00e0 la r\u00e9alit\u00e9 en citant le cas des petites bonnes dont les chiffres d\u00e9passent tout entendement. Il estime qu\u2019il serait plus judicieux d\u2019int\u00e9grer les enfants dans le circuit de l\u2019artisanat o\u00f9 ils peuvent apprendre un m\u00e9tier en voie de disparition et contribuer \u00e0 pr\u00e9server le patrimoine du royaume et assurer la rel\u00e8ve.<\/p>\n<p><strong>Carte blanche\u00a0:<\/strong> Jamal Berraoui traite de la p\u00e9riode transitoire\u00a0que traverse le Maroc, qualifi\u00e9e de tr\u00e8s dure en raison du contexte et l\u2019environnement\u00a0 internationaux qui n\u2019aident pas sur le plan s\u00e9curitaire surtout dans notre r\u00e9gion, avec le conflit libyen. Il formule des craintes et donne l\u2019exemple de l\u2019\u00e9chec de la France avec son op\u00e9ration Barkhane dans sa lutte contre le terrorisme au Mali. Elle a perdu toute cr\u00e9dibilit\u00e9 aupr\u00e8s de la population. Elle \u00e9tait intervenue pour six mois. Six ans apr\u00e8s, elle est encore embourb\u00e9e. Sur le plan \u00e9conomique, la mondialisation sans fronti\u00e8res a engendr\u00e9 un ensemble de mutations, induisant le populisme sur la sc\u00e8ne politique, mais en contrepartie, on remarque une volont\u00e9 de la part des peuples pour d\u00e9fendre leurs acquis sociaux\u00a0et essayer de corriger les travers. Avec tous ces chamboulements, le taux de croissance de d\u00e9veloppement va conna\u00eetre une baisse m\u00eame pour la Chine. Et comme l\u2019Europe constitue le march\u00e9 et le d\u00e9bouch\u00e9 traditionnels du Maroc et avec le marasme attendu, nous serons touch\u00e9s. Le Roi a mis le doigt sur la plaie en appelant \u00e0 l\u2019\u00e9laboration d\u2019un nouveau mod\u00e8le de d\u00e9veloppement surtout que nos deux tares ont pour noms la pr\u00e9carit\u00e9 et le ch\u00f4mage.<\/p>\n<p><strong>\u00ab\u00a0Ach Waq3\u00a0\u00bb est une \u00e9mission incontournable. Elle est diffus\u00e9e sur les ondes de MFM Radio du lundi au jeudi \u00e0 partir de 12h30 et le vendredi de 12h \u00e0 13h et est rediffus\u00e9e les m\u00eames jours \u00e0 19h30.<\/strong><\/p>\n<div class=\"c17\">\n<fieldset class=\"c16\">\n<legend><strong><span class=\"c11\">Challenge<\/span><span class=\"c12\">news<\/span><\/strong><\/legend>\n<div class=\"c15\">Le meilleur de Challenge s\u00e9lectionn\u00e9 par la r\u00e9daction :<\/p>\n<\/div>\n<\/fieldset>\n<\/div>\n<p>Auteur: Noureddine Boughanmi<br \/>\n<a href=\"https:\/\/www.challenge.ma\/ach-waqe3-lactualite-decryptee-par-jamal-berraoui-48-127662\/\">Cliquez ici pour lire l&rsquo;article depuis sa source.<\/a><\/p>\n","protected":false},"excerpt":{"rendered":"<p>\u00ab Ach Waq3 \u00bb est l\u2019une des \u00e9missions phares de\u00a0MFM Radio traitant \u00a0des faits saillants de l\u2019actualit\u00e9 du jour. Elle est d\u00e9crypt\u00e9e par le journaliste politique et \u00e9conomique Jamal Berraoui. Dans l\u2019\u00e9mission de ce jeudi 9 janvier, le d\u00e9bat porte sur : -La promulgation prochainement d\u2019une loi interdisant de mettre en d\u00e9tention les malades mentaux. [&hellip;]<\/p>\n","protected":false},"author":1787,"featured_media":0,"comment_status":"closed","ping_status":"closed","sticky":false,"template":"","format":"standard","meta":{"fifu_image_url":"","fifu_image_alt":"","footnotes":""},"categories":[78,54],"tags":[],"class_list":["post-72597","post","type-post","status-publish","format-standard","hentry","category-economie","category-maroc"],"_links":{"self":[{"href":"https:\/\/linitiative.ca\/International\/wp-json\/wp\/v2\/posts\/72597","targetHints":{"allow":["GET"]}}],"collection":[{"href":"https:\/\/linitiative.ca\/International\/wp-json\/wp\/v2\/posts"}],"about":[{"href":"https:\/\/linitiative.ca\/International\/wp-json\/wp\/v2\/types\/post"}],"author":[{"embeddable":true,"href":"https:\/\/linitiative.ca\/International\/wp-json\/wp\/v2\/users\/1787"}],"replies":[{"embeddable":true,"href":"https:\/\/linitiative.ca\/International\/wp-json\/wp\/v2\/comments?post=72597"}],"version-history":[{"count":0,"href":"https:\/\/linitiative.ca\/International\/wp-json\/wp\/v2\/posts\/72597\/revisions"}],"wp:attachment":[{"href":"https:\/\/linitiative.ca\/International\/wp-json\/wp\/v2\/media?parent=72597"}],"wp:term":[{"taxonomy":"category","embeddable":true,"href":"https:\/\/linitiative.ca\/International\/wp-json\/wp\/v2\/categories?post=72597"},{"taxonomy":"post_tag","embeddable":true,"href":"https:\/\/linitiative.ca\/International\/wp-json\/wp\/v2\/tags?post=72597"}],"curies":[{"name":"wp","href":"https:\/\/api.w.org\/{rel}","templated":true}]}}