{"id":72602,"date":"2020-01-09T16:49:13","date_gmt":"2020-01-09T21:49:13","guid":{"rendered":"https:\/\/linitiative.ca\/International\/tunisie-urgent-le-bloc-de-la-reforme-nationale-decide-de-ne-pas-accorder-la-confiance-au-gouvernement\/"},"modified":"2020-01-09T16:49:13","modified_gmt":"2020-01-09T21:49:13","slug":"tunisie-urgent-le-bloc-de-la-reforme-nationale-decide-de-ne-pas-accorder-la-confiance-au-gouvernement","status":"publish","type":"post","link":"https:\/\/linitiative.ca\/International\/tunisie-urgent-le-bloc-de-la-reforme-nationale-decide-de-ne-pas-accorder-la-confiance-au-gouvernement\/","title":{"rendered":"Tunisie \u2013 URGENT\u00a0: Le bloc de la r\u00e9forme nationale d\u00e9cide de ne pas accorder la confiance au gouvernement"},"content":{"rendered":"<div class=\"post-cont-in left relative\">\n<p>Le pr\u00e9sident du bloc parlementaire de la r\u00e9forme nationale, Hsouna Nasfi a annonc\u00e9, il y a quelques minutes, \u00e0 travers sa page facebook, que son bloc a d\u00e9cid\u00e9 de ne pas accorder la confiance au gouvernement de <a href=\"https:\/\/www.tunisienumerique.com\/tunisie-actualite\/habib-jemli\/\" title=\"Habib Jemli\" target=\"_top\" class=\"auto-link\" rel=\"noopener noreferrer\">Habib Jemli<\/a>. Il a pr\u00e9cis\u00e9 que la d\u00e9cision a \u00e9t\u00e9 prise \u00e0 l\u2019unanimit\u00e9 des membres du bloc.<\/p>\n<div class=\"code-block code-block-1 c3\"><ins class=\"adsbygoogle c2\" data-ad-layout=\"in-article\" data-ad-format=\"fluid\" data-ad-client=\"ca-pub-2102118777505746\" data-ad-slot=\"7301775417\"\/> <\/div>\n<div class=\"swp_social_panel swp_horizontal_panel swp_flat_fresh swp_default_full_color swp_individual_full_color swp_other_full_color scale-100 scale-\" data-min-width=\"1100\" data-float-color=\"#ffffff\" data-float=\"bottom\" data-float-mobile=\"bottom\" data-transition=\"slide\">\n<div class=\"nc_tweetContainer swp_share_button total_shares total_sharesalt\"><span class=\"swp_count\">18 <span class=\"swp_label\">Partages<\/span><\/span><\/div>\n<\/div>\n<p><strong>Que se passe-t-il en Tunisie?<\/strong><br \/>Nous expliquons sur notre <a href=\"https:\/\/www.youtube.com\/channel\/UCRzypVq0B_yBad5eGrwBx0Q?sub_confirmation=1\" target=\"_blank\" rel=\"noopener noreferrer\">cha\u00eene YouTube<\/a> . <a href=\"https:\/\/www.youtube.com\/channel\/UCRzypVq0B_yBad5eGrwBx0Q?sub_confirmation=1\" target=\"_blank\" rel=\"noopener noreferrer\">Abonnez-vous!<\/a><\/p>\n<div class=\"mvp-org-wrap mvp-org-logo\" itemprop=\"publisher\" itemscope=\"\" itemtype=\"https:\/\/schema.org\/Organization\"><img decoding=\"async\" src=\"https:\/\/www.tunisienumerique.com\/wp-content\/uploads\/2017\/02\/logo_tunisie_numerique.png\"\/><\/div>\n<div class=\"mvp-related-posts left relative\">\n<h4 class=\"post-header\"><span class=\"post-header\">Lire aussi<\/span><\/h4>\n<\/div>\n<\/div>\n<p>Auteur: LM<br \/>\n<a href=\"https:\/\/www.tunisienumerique.com\/tunisie-urgent-le-bloc-de-la-reforme-nationale-decide-de-ne-pas-accorder-la-confiance-au-gouvernement\/\">Cliquez ici pour lire l&rsquo;article depuis sa source.<\/a><\/p>\n","protected":false},"excerpt":{"rendered":"<p>Le pr\u00e9sident du bloc parlementaire de la r\u00e9forme nationale, Hsouna Nasfi a annonc\u00e9, il y a quelques minutes, \u00e0 travers sa page facebook, que son bloc a d\u00e9cid\u00e9 de ne pas accorder la confiance au gouvernement de Habib Jemli. Il a pr\u00e9cis\u00e9 que la d\u00e9cision a \u00e9t\u00e9 prise \u00e0 l\u2019unanimit\u00e9 des membres du bloc. 18 [&hellip;]<\/p>\n","protected":false},"author":1789,"featured_media":72603,"comment_status":"closed","ping_status":"closed","sticky":false,"template":"","format":"standard","meta":{"fifu_image_url":"","fifu_image_alt":"","footnotes":""},"categories":[73,55],"tags":[],"class_list":["post-72602","post","type-post","status-publish","format-standard","has-post-thumbnail","hentry","category-actualite","category-tunisie"],"_links":{"self":[{"href":"https:\/\/linitiative.ca\/International\/wp-json\/wp\/v2\/posts\/72602","targetHints":{"allow":["GET"]}}],"collection":[{"href":"https:\/\/linitiative.ca\/International\/wp-json\/wp\/v2\/posts"}],"about":[{"href":"https:\/\/linitiative.ca\/International\/wp-json\/wp\/v2\/types\/post"}],"author":[{"embeddable":true,"href":"https:\/\/linitiative.ca\/International\/wp-json\/wp\/v2\/users\/1789"}],"replies":[{"embeddable":true,"href":"https:\/\/linitiative.ca\/International\/wp-json\/wp\/v2\/comments?post=72602"}],"version-history":[{"count":0,"href":"https:\/\/linitiative.ca\/International\/wp-json\/wp\/v2\/posts\/72602\/revisions"}],"wp:featuredmedia":[{"embeddable":true,"href":"https:\/\/linitiative.ca\/International\/wp-json\/"}],"wp:attachment":[{"href":"https:\/\/linitiative.ca\/International\/wp-json\/wp\/v2\/media?parent=72602"}],"wp:term":[{"taxonomy":"category","embeddable":true,"href":"https:\/\/linitiative.ca\/International\/wp-json\/wp\/v2\/categories?post=72602"},{"taxonomy":"post_tag","embeddable":true,"href":"https:\/\/linitiative.ca\/International\/wp-json\/wp\/v2\/tags?post=72602"}],"curies":[{"name":"wp","href":"https:\/\/api.w.org\/{rel}","templated":true}]}}