{"id":72604,"date":"2020-01-09T17:02:18","date_gmt":"2020-01-09T22:02:18","guid":{"rendered":"https:\/\/linitiative.ca\/International\/tunisie-deux-membres-du-conseil-national-de-9alb-tounes-ont-vote-contre-le-refus-de-confiance\/"},"modified":"2020-01-09T17:02:18","modified_gmt":"2020-01-09T22:02:18","slug":"tunisie-deux-membres-du-conseil-national-de-9alb-tounes-ont-vote-contre-le-refus-de-confiance","status":"publish","type":"post","link":"https:\/\/linitiative.ca\/International\/tunisie-deux-membres-du-conseil-national-de-9alb-tounes-ont-vote-contre-le-refus-de-confiance\/","title":{"rendered":"Tunisie \u2013 Deux membres du conseil national de 9alb Tounes ont vot\u00e9 contre le refus de confiance"},"content":{"rendered":"<div class=\"post-cont-in left relative\">\n<p>Des sources proches de <a href=\"https:\/\/www.tunisienumerique.com\/tunisie-actualite\/qalb-tounes\/\" title=\"9alb Tounes\" target=\"_top\" class=\"auto-link\" rel=\"noopener noreferrer\">9alb Tounes<\/a> ont annonc\u00e9 que deux membres du conseil national du parti qui se r\u00e9unissait, ce soir, pour d\u00e9cider du vote de confiance au gouvernement, ont vot\u00e9 en faveur du gouvernement de <a href=\"https:\/\/www.tunisienumerique.com\/tunisie-actualite\/habib-jemli\/\" title=\"Habib Jemli\" target=\"_top\" class=\"auto-link\" rel=\"noopener noreferrer\">Habib Jemli<\/a>. Selon les m\u00eames sources il s\u2019agirait de Ridha Charfeddine et Hatem Mliki.<\/p>\n<div class=\"code-block code-block-1 c3\"><ins class=\"adsbygoogle c2\" data-ad-layout=\"in-article\" data-ad-format=\"fluid\" data-ad-client=\"ca-pub-2102118777505746\" data-ad-slot=\"7301775417\"\/> <\/div>\n<p>Mais, \u00e0 la suite du vote, tous les membres du bloc parlementaire du parti se sont mis d\u2019accord pour se conformer \u00e0 la d\u00e9cision de la majorit\u00e9 du conseil national.<\/p>\n<div class=\"swp_social_panel swp_horizontal_panel swp_flat_fresh swp_default_full_color swp_individual_full_color swp_other_full_color scale-100 scale-\" data-min-width=\"1100\" data-float-color=\"#ffffff\" data-float=\"bottom\" data-float-mobile=\"bottom\" data-transition=\"slide\">\n<div class=\"nc_tweetContainer swp_share_button total_shares total_sharesalt\"><span class=\"swp_count\">1 <span class=\"swp_label\">Partages<\/span><\/span><\/div>\n<\/div>\n<p><strong>Que se passe-t-il en Tunisie?<\/strong><br \/>Nous expliquons sur notre <a href=\"https:\/\/www.youtube.com\/channel\/UCRzypVq0B_yBad5eGrwBx0Q?sub_confirmation=1\" target=\"_blank\" rel=\"noopener noreferrer\">cha\u00eene YouTube<\/a> . <a href=\"https:\/\/www.youtube.com\/channel\/UCRzypVq0B_yBad5eGrwBx0Q?sub_confirmation=1\" target=\"_blank\" rel=\"noopener noreferrer\">Abonnez-vous!<\/a><\/p>\n<div class=\"mvp-org-wrap mvp-org-logo\" itemprop=\"publisher\" itemscope=\"\" itemtype=\"https:\/\/schema.org\/Organization\"><img decoding=\"async\" src=\"https:\/\/www.tunisienumerique.com\/wp-content\/uploads\/2017\/02\/logo_tunisie_numerique.png\"\/><\/div>\n<div class=\"mvp-related-posts left relative\">\n<h4 class=\"post-header\"><span class=\"post-header\">Lire aussi<\/span><\/h4>\n<\/div>\n<\/div>\n<p>Auteur: LM<br \/>\n<a href=\"https:\/\/www.tunisienumerique.com\/tunisie-deux-membres-du-conseil-national-de-9alb-tounes-ont-vote-contre-le-refus-de-confiance\/\">Cliquez ici pour lire l&rsquo;article depuis sa source.<\/a><\/p>\n","protected":false},"excerpt":{"rendered":"<p>Des sources proches de 9alb Tounes ont annonc\u00e9 que deux membres du conseil national du parti qui se r\u00e9unissait, ce soir, pour d\u00e9cider du vote de confiance au gouvernement, ont vot\u00e9 en faveur du gouvernement de Habib Jemli. Selon les m\u00eames sources il s\u2019agirait de Ridha Charfeddine et Hatem Mliki. Mais, \u00e0 la suite du [&hellip;]<\/p>\n","protected":false},"author":1789,"featured_media":72605,"comment_status":"closed","ping_status":"closed","sticky":false,"template":"","format":"standard","meta":{"fifu_image_url":"","fifu_image_alt":"","footnotes":""},"categories":[73,55],"tags":[],"class_list":["post-72604","post","type-post","status-publish","format-standard","has-post-thumbnail","hentry","category-actualite","category-tunisie"],"_links":{"self":[{"href":"https:\/\/linitiative.ca\/International\/wp-json\/wp\/v2\/posts\/72604","targetHints":{"allow":["GET"]}}],"collection":[{"href":"https:\/\/linitiative.ca\/International\/wp-json\/wp\/v2\/posts"}],"about":[{"href":"https:\/\/linitiative.ca\/International\/wp-json\/wp\/v2\/types\/post"}],"author":[{"embeddable":true,"href":"https:\/\/linitiative.ca\/International\/wp-json\/wp\/v2\/users\/1789"}],"replies":[{"embeddable":true,"href":"https:\/\/linitiative.ca\/International\/wp-json\/wp\/v2\/comments?post=72604"}],"version-history":[{"count":0,"href":"https:\/\/linitiative.ca\/International\/wp-json\/wp\/v2\/posts\/72604\/revisions"}],"wp:featuredmedia":[{"embeddable":true,"href":"https:\/\/linitiative.ca\/International\/wp-json\/"}],"wp:attachment":[{"href":"https:\/\/linitiative.ca\/International\/wp-json\/wp\/v2\/media?parent=72604"}],"wp:term":[{"taxonomy":"category","embeddable":true,"href":"https:\/\/linitiative.ca\/International\/wp-json\/wp\/v2\/categories?post=72604"},{"taxonomy":"post_tag","embeddable":true,"href":"https:\/\/linitiative.ca\/International\/wp-json\/wp\/v2\/tags?post=72604"}],"curies":[{"name":"wp","href":"https:\/\/api.w.org\/{rel}","templated":true}]}}