{"id":72606,"date":"2020-01-09T17:13:58","date_gmt":"2020-01-09T22:13:58","guid":{"rendered":"https:\/\/linitiative.ca\/International\/tunisie-le-conseil-de-la-choura-dennahdha-na-pas-encore-commence-sa-reunion\/"},"modified":"2020-01-09T17:13:58","modified_gmt":"2020-01-09T22:13:58","slug":"tunisie-le-conseil-de-la-choura-dennahdha-na-pas-encore-commence-sa-reunion","status":"publish","type":"post","link":"https:\/\/linitiative.ca\/International\/tunisie-le-conseil-de-la-choura-dennahdha-na-pas-encore-commence-sa-reunion\/","title":{"rendered":"Tunisie \u2013 Le conseil de la Choura d\u2019Ennahdha n\u2019a pas encore commenc\u00e9 sa r\u00e9union"},"content":{"rendered":"<div class=\"post-cont-in left relative\">\n<p>Les nombreux journalistes qui se sont regroup\u00e9s, ce soir, au si\u00e8ge d\u2019<a href=\"https:\/\/www.tunisienumerique.com\/tunisie-actualite\/ennahdha\/\" title=\"Ennahdha\" target=\"_top\" class=\"auto-link\" rel=\"noopener noreferrer\">Ennahdha<\/a>, pour couvrir la r\u00e9union extraordinaire du conseil de la Choura du parti, sont rest\u00e9s sur leur faim.<\/p>\n<div class=\"code-block code-block-1 c3\"><ins class=\"adsbygoogle c2\" data-ad-layout=\"in-article\" data-ad-format=\"fluid\" data-ad-client=\"ca-pub-2102118777505746\" data-ad-slot=\"7301775417\"\/> <\/div>\n<p>La r\u00e9union, initialement pr\u00e9vue pour 21H00, n\u2019a, en effet, pas encore commenc\u00e9, sans que la moindre explication n\u2019ait \u00e9t\u00e9 donn\u00e9e aux journalistes qui attendaient.<\/p>\n<div class=\"swp_social_panel swp_horizontal_panel swp_flat_fresh swp_default_full_color swp_individual_full_color swp_other_full_color scale-100 scale-\" data-min-width=\"1100\" data-float-color=\"#ffffff\" data-float=\"bottom\" data-float-mobile=\"bottom\" data-transition=\"slide\">\n<div class=\"nc_tweetContainer swp_share_button total_shares total_sharesalt\"><span class=\"swp_count\">1 <span class=\"swp_label\">Partages<\/span><\/span><\/div>\n<\/div>\n<p><strong>Que se passe-t-il en Tunisie?<\/strong><br \/>Nous expliquons sur notre <a href=\"https:\/\/www.youtube.com\/channel\/UCRzypVq0B_yBad5eGrwBx0Q?sub_confirmation=1\" target=\"_blank\" rel=\"noopener noreferrer\">cha\u00eene YouTube<\/a> . <a href=\"https:\/\/www.youtube.com\/channel\/UCRzypVq0B_yBad5eGrwBx0Q?sub_confirmation=1\" target=\"_blank\" rel=\"noopener noreferrer\">Abonnez-vous!<\/a><\/p>\n<div class=\"mvp-org-wrap mvp-org-logo\" itemprop=\"publisher\" itemscope=\"\" itemtype=\"https:\/\/schema.org\/Organization\"><img decoding=\"async\" src=\"https:\/\/www.tunisienumerique.com\/wp-content\/uploads\/2017\/02\/logo_tunisie_numerique.png\"\/><\/div>\n<div class=\"mvp-related-posts left relative\">\n<h4 class=\"post-header\"><span class=\"post-header\">Lire aussi<\/span><\/h4>\n<\/div>\n<\/div>\n<p>Auteur: LM<br \/>\n<a href=\"https:\/\/www.tunisienumerique.com\/tunisie-le-conseil-de-la-choura-dennahdha-na-pas-encore-commence-sa-reunion\/\">Cliquez ici pour lire l&rsquo;article depuis sa source.<\/a><\/p>\n","protected":false},"excerpt":{"rendered":"<p>Les nombreux journalistes qui se sont regroup\u00e9s, ce soir, au si\u00e8ge d\u2019Ennahdha, pour couvrir la r\u00e9union extraordinaire du conseil de la Choura du parti, sont rest\u00e9s sur leur faim. La r\u00e9union, initialement pr\u00e9vue pour 21H00, n\u2019a, en effet, pas encore commenc\u00e9, sans que la moindre explication n\u2019ait \u00e9t\u00e9 donn\u00e9e aux journalistes qui attendaient. 1 Partages [&hellip;]<\/p>\n","protected":false},"author":1789,"featured_media":72607,"comment_status":"closed","ping_status":"closed","sticky":false,"template":"","format":"standard","meta":{"fifu_image_url":"","fifu_image_alt":"","footnotes":""},"categories":[73,55],"tags":[],"class_list":["post-72606","post","type-post","status-publish","format-standard","has-post-thumbnail","hentry","category-actualite","category-tunisie"],"_links":{"self":[{"href":"https:\/\/linitiative.ca\/International\/wp-json\/wp\/v2\/posts\/72606","targetHints":{"allow":["GET"]}}],"collection":[{"href":"https:\/\/linitiative.ca\/International\/wp-json\/wp\/v2\/posts"}],"about":[{"href":"https:\/\/linitiative.ca\/International\/wp-json\/wp\/v2\/types\/post"}],"author":[{"embeddable":true,"href":"https:\/\/linitiative.ca\/International\/wp-json\/wp\/v2\/users\/1789"}],"replies":[{"embeddable":true,"href":"https:\/\/linitiative.ca\/International\/wp-json\/wp\/v2\/comments?post=72606"}],"version-history":[{"count":0,"href":"https:\/\/linitiative.ca\/International\/wp-json\/wp\/v2\/posts\/72606\/revisions"}],"wp:featuredmedia":[{"embeddable":true,"href":"https:\/\/linitiative.ca\/International\/wp-json\/"}],"wp:attachment":[{"href":"https:\/\/linitiative.ca\/International\/wp-json\/wp\/v2\/media?parent=72606"}],"wp:term":[{"taxonomy":"category","embeddable":true,"href":"https:\/\/linitiative.ca\/International\/wp-json\/wp\/v2\/categories?post=72606"},{"taxonomy":"post_tag","embeddable":true,"href":"https:\/\/linitiative.ca\/International\/wp-json\/wp\/v2\/tags?post=72606"}],"curies":[{"name":"wp","href":"https:\/\/api.w.org\/{rel}","templated":true}]}}