{"id":72608,"date":"2020-01-09T17:03:09","date_gmt":"2020-01-09T22:03:09","guid":{"rendered":"https:\/\/linitiative.ca\/International\/rencontre-entre-la-cma-et-la-plateforme-a-menaka-sur-fond-dattaque-terroristefaut-il-en-rire-ou-en-pleurer\/"},"modified":"2020-01-09T17:03:09","modified_gmt":"2020-01-09T22:03:09","slug":"rencontre-entre-la-cma-et-la-plateforme-a-menaka-sur-fond-dattaque-terroristefaut-il-en-rire-ou-en-pleurer","status":"publish","type":"post","link":"https:\/\/linitiative.ca\/International\/rencontre-entre-la-cma-et-la-plateforme-a-menaka-sur-fond-dattaque-terroristefaut-il-en-rire-ou-en-pleurer\/","title":{"rendered":"RENCONTRE ENTRE LA CMA ET LA PLATEFORME A MENAKA SUR FOND D\u2019ATTAQUE TERRORISTE:Faut-il en rire ou en pleurer ?"},"content":{"rendered":"<div class=\"stream-item stream-item-above-post-content\">\n<p><noscript><\/p>\n<p><a href=\"\/\/www3.smartadserver.com\/ac?jump=1&#038;nwid=2136&#038;siteid=240610&#038;pgname=rg&#038;fmtid=49046&#038;visit=m&#038;tmstp=[timestamp]&#038;out=nonrich\" target=\"_blank\" rel=\"noopener noreferrer\"><img decoding=\"async\" src=\"\/\/www3.smartadserver.com\/ac?out=nonrich&#038;nwid=2136&#038;siteid=240610&#038;pgname=rg&#038;fmtid=49046&#038;visit=m&#038;tmstp=[timestamp]\" border=\"0\" alt=\"\"\/><\/a><\/p>\n<p><\/noscript><\/div>\n<p class=\"c3\">Il s\u2019est ouvert depuis hier, 9 janvier 2020, \u00e0 M\u00e9naka dans le Nord-Est du Mali, des discussions entre groupes arm\u00e9s du Nord, \u00e0 savoir la Coordination des mouvements de l\u2019Azawad (CMA) et la Plateforme des mouvements du 14 juin d\u2019Alger. A l\u2019origine des tensions cons\u00e9cutives \u00e0 ces discussions, la mort d\u2019un officier du Mouvement pour le salut de l\u2019Azawad (MSA) en d\u00e9cembre 2019. Depuis cette date, les deux coalisations touaregs se regardent en chiens de fa\u00efence\u00a0; d\u2019o\u00f9 la convocation de ces discussions pour \u00e9lucider les circonstances de la mort de l\u2019officier du MSA. Et pour ce faire, les initiateurs n\u2019ont pas fait dans la dentelle.<\/p>\n<p class=\"c3\">En effet, les pr\u00e9sidents des deux coalitions touaregs, Bilal Ag Cherif de la CMA et Fahad Ag Almahmoud de la plateforme, sont tous deux pr\u00e9sents \u00e0 M\u00e9naka. Mieux, pour qu\u2019ils puissent se parler droit dans les yeux, un m\u00e9diateur a \u00e9t\u00e9 d\u00e9sign\u00e9 en la personne du g\u00e9n\u00e9ral Alhaj Gamou, pr\u00e9sident du Conseil sup\u00e9rieur des Imghads. \u00a0C\u2019est dire si cette rencontre se veut un cadre pour aplanir les divergences entre les deux groupes arm\u00e9s. Pour autant, parviendront-ils \u00e0 identifier les coupables et les ch\u00e2tier \u00e0 la hauteur de leur crime ? On attend de voir. \u00a0Mais d\u2019ores et d\u00e9j\u00e0, tout laisse croire que le principal objectif de ces coalitions touaregs n\u2019est pas de faire payer un crime mais plut\u00f4t de mieux s\u2019entendre aux fins de tenir la drag\u00e9e haute \u00e0 Bamako. En tout cas, elles voudraient faire la lumi\u00e8re sur la mort de l\u2019officier du MSA, qu\u2019elles s\u2019y prendraient autrement en confiant le dossier \u00e0 la Justice malienne. Et le moins que l\u2019on puisse dire, c\u2019est que Bamako ne voit pas cette rencontre d\u2019un bon \u0153il. Faut-il en rire ou en pleurer\u00a0?<\/p>\n<p class=\"c3\"><strong>Les deux coalitions cherchent \u00e0 renforcer, chacune, son \u00a0\u00a0influence dans la r\u00e9gion<\/strong><\/p>\n<p class=\"c3\">Certes, lorsque le dialogue prend le dessus sur le cr\u00e9pitement des armes, c\u2019est g\u00e9n\u00e9ralement chose \u00e0 saluer, mais \u00e9tant donn\u00e9 que les acteurs en pr\u00e9sence sont oppos\u00e9s \u00e0 Bamako, l\u2019on ne peut qu\u2019\u00eatre sceptique. Le seul fait que le gouvernement malien ne soit pas associ\u00e9 aux discussions en cours, en dit long sur les vraies intentions de leurs initiateurs. On a le sentiment que les deux coalitions cherchent \u00e0 renforcer, chacune, son \u00a0\u00a0influence dans la r\u00e9gion. D\u2019ailleurs, l\u2019on se demande comment ces deux coalitions en sont arriv\u00e9es l\u00e0\u00a0; elles qui, pas plus tard qu\u2019hier, chantaient \u00a0\u00a0et dansaient au m\u00eame rythme que Bamako au sujet de l\u2019application de l\u2019accord d\u2019Alger\u00a0? En tout cas, une chose est certaine, cette rencontre qui se tient dans une localit\u00e9 o\u00f9 l\u2019Etat malien peine \u00e0 \u00a0asseoir son autorit\u00e9, ne saurait apporter la paix au Mali. Loin s\u2019en faut. Pour preuve, pendant que ces coalitions sont r\u00e9unies autour d\u2019une m\u00eame table pour tenter de r\u00e9gler leurs diff\u00e9rends, le camp militaire de Tessalit a \u00e9t\u00e9 la cible d\u2019une attaque dans la r\u00e9gion de Kidal, faisant une vingtaine de bless\u00e9s dont 17 Casques bleus tchadiens et deux civils. C\u2019est dire si \u2026 ce n\u2019est pas demain la veille que la paix reviendra d\u00e9finitivement au pays de Soundiata Ke\u00efta. Cela est d\u2019autant plus vrai qu\u2019aucun des gouvernements qui se sont succ\u00e9d\u00e9, n\u2019est parvenu \u00e0 doter l\u2019arm\u00e9e malienne de \u00a0moyens cons\u00e9quents \u00e0 m\u00eame de lui permettre de r\u00e9sister aux assauts r\u00e9p\u00e9t\u00e9s des terroristes.<\/p>\n<p class=\"c3\"><strong>\u00a0<\/strong><\/p>\n<p class=\"c3\"><strong>Dabadi ZOUMBARA \u00a0<\/strong><\/p>\n<p class=\"c3\"><strong>\u00a0<\/strong><\/p>\n<p class=\"c3\"><strong>\u00a0<\/strong><\/p>\n<p>Auteur: Le Pays<br \/>\n<a href=\"http:\/\/lepays.bf\/rencontre-entre-la-cma-et-la-plateforme-a-menaka-sur-fond-dattaque-terroristefaut-il-en-rire-ou-en-pleurer\/\">Cliquez ici pour lire l&rsquo;article depuis sa source.<\/a><\/p>\n","protected":false},"excerpt":{"rendered":"<p>Il s\u2019est ouvert depuis hier, 9 janvier 2020, \u00e0 M\u00e9naka dans le Nord-Est du Mali, des discussions entre groupes arm\u00e9s du Nord, \u00e0 savoir la Coordination des mouvements de l\u2019Azawad (CMA) et la Plateforme des mouvements du 14 juin d\u2019Alger. A l\u2019origine des tensions cons\u00e9cutives \u00e0 ces discussions, la mort d\u2019un officier du Mouvement pour [&hellip;]<\/p>\n","protected":false},"author":1813,"featured_media":0,"comment_status":"closed","ping_status":"closed","sticky":false,"template":"","format":"standard","meta":{"fifu_image_url":"","fifu_image_alt":"","footnotes":""},"categories":[73,81],"tags":[],"class_list":["post-72608","post","type-post","status-publish","format-standard","hentry","category-actualite","category-burkina-faso"],"_links":{"self":[{"href":"https:\/\/linitiative.ca\/International\/wp-json\/wp\/v2\/posts\/72608","targetHints":{"allow":["GET"]}}],"collection":[{"href":"https:\/\/linitiative.ca\/International\/wp-json\/wp\/v2\/posts"}],"about":[{"href":"https:\/\/linitiative.ca\/International\/wp-json\/wp\/v2\/types\/post"}],"author":[{"embeddable":true,"href":"https:\/\/linitiative.ca\/International\/wp-json\/wp\/v2\/users\/1813"}],"replies":[{"embeddable":true,"href":"https:\/\/linitiative.ca\/International\/wp-json\/wp\/v2\/comments?post=72608"}],"version-history":[{"count":0,"href":"https:\/\/linitiative.ca\/International\/wp-json\/wp\/v2\/posts\/72608\/revisions"}],"wp:attachment":[{"href":"https:\/\/linitiative.ca\/International\/wp-json\/wp\/v2\/media?parent=72608"}],"wp:term":[{"taxonomy":"category","embeddable":true,"href":"https:\/\/linitiative.ca\/International\/wp-json\/wp\/v2\/categories?post=72608"},{"taxonomy":"post_tag","embeddable":true,"href":"https:\/\/linitiative.ca\/International\/wp-json\/wp\/v2\/tags?post=72608"}],"curies":[{"name":"wp","href":"https:\/\/api.w.org\/{rel}","templated":true}]}}