{"id":72609,"date":"2020-01-09T17:07:17","date_gmt":"2020-01-09T22:07:17","guid":{"rendered":"https:\/\/linitiative.ca\/International\/appels-au-cessez-le-feu-en-libyele-bal-des-hypocrites\/"},"modified":"2020-01-09T17:07:17","modified_gmt":"2020-01-09T22:07:17","slug":"appels-au-cessez-le-feu-en-libyele-bal-des-hypocrites","status":"publish","type":"post","link":"https:\/\/linitiative.ca\/International\/appels-au-cessez-le-feu-en-libyele-bal-des-hypocrites\/","title":{"rendered":"APPELS AU CESSEZ-LE-FEU EN LIBYE:Le bal des hypocrites"},"content":{"rendered":"<div class=\"stream-item stream-item-above-post-content\">\n<p><noscript><\/p>\n<p><a href=\"\/\/www3.smartadserver.com\/ac?jump=1&#038;nwid=2136&#038;siteid=240610&#038;pgname=rg&#038;fmtid=49046&#038;visit=m&#038;tmstp=[timestamp]&#038;out=nonrich\" target=\"_blank\" rel=\"noopener noreferrer\"><img decoding=\"async\" src=\"\/\/www3.smartadserver.com\/ac?out=nonrich&#038;nwid=2136&#038;siteid=240610&#038;pgname=rg&#038;fmtid=49046&#038;visit=m&#038;tmstp=[timestamp]\" border=\"0\" alt=\"\"\/><\/a><\/p>\n<p><\/noscript><\/div>\n<p class=\"c3\"><em>\u00ab\u00a0Toute guerre,<\/em> dit-on<em>, finit toujours autour d\u2019une table de n\u00e9gociations\u00a0\u00bb.<\/em> Et plus vite, on y va, mieux cela vaudra. Ce dicton va-t-il finalement s\u2019appliquer \u00e0 la Libye\u00a0? C\u2019est la question que l\u2019on est en droit de se poser, au regard des appels au cessez-le-feu dont le plus r\u00e9cent est celui des pr\u00e9sidents russe, Vladimir Poutine, et turc, Receip Tayyip Erdogan, \u00e0 partir de ce 12 janvier \u00e0 minuit, au moment o\u00f9 l\u2019Union europ\u00e9enne (UE), privil\u00e9giant une solution pacifique, \u00a0promettait au chef du gouvernement d\u2019union nationale, Fayez el-Sarraj, d\u2019intensifier ses efforts pour une paix n\u00e9goci\u00e9e. \u00ab\u00a0<em>Mieux vaut tard que jamais<\/em>\u00a0\u00bb, dit un autre dicton. Mais quelles chances ces appels au d\u00e9p\u00f4t des armes au pays de Kadhafi, ont-ils d\u2019\u00eatre entendus quand on sait que ceux qui pr\u00f4nent le dialogue aujourd\u2019hui, sont les m\u00eames qui, \u00e0 travers leurs soutiens affich\u00e9s ou d\u00e9guis\u00e9s aux protagonistes, contribuent \u00e0 entretenir la guerre pour des raisons qui leur sont propres\u00a0?<\/p>\n<p class=\"c3\"><strong>Derri\u00e8re chaque protagoniste, se cachent des int\u00e9r\u00eats inavou\u00e9s<\/strong><\/p>\n<p class=\"c3\">A dire vrai, aucune car le Mar\u00e9chal Haftar \u00e0 <em>illico presto<\/em> rejet\u00e9 cet appel. Et l\u2019on ne saurait trop lui donner tort. Car dans ce capharna\u00fcm libyen \u00a0cr\u00e9\u00e9 \u00e0 dessein par les Occidentaux, derri\u00e8re chaque protagoniste, se cachent des int\u00e9r\u00eats inavou\u00e9s qui r\u00e9sistent peu \u00e0 l\u2019argument de la volont\u00e9 de pillage des ressources de ce pays p\u00e9trolier. Et en la mati\u00e8re, chacun semble d\u00e9cid\u00e9 \u00e0 avoir sa part du g\u00e2teau. Ce qui justifierait amplement que la Turquie joue aussi des coudes pour se faire une place autour de la table du festin, \u00e0 c\u00f4t\u00e9 des autres convives. Autrement, comment comprendre que son pr\u00e9sident, Receip Tayyip Erdogan, joue les ap\u00f4tres de la paix en appelant aujourd\u2019hui \u00e0 un cessez-le-feu alors que moins d\u2019une semaine plus t\u00f4t, il s\u2019activait \u00e0 obtenir le feu vert de son Parlement pour l\u2019envoi de troupes en Libye, en soutien au gouvernement de Tripoli\u00a0? Cette question est d\u2019autant d\u2019importance qu\u2019il s\u2019agit, ici, d\u2019un appel conjoint lanc\u00e9 avec son homologue russe, Vladimir Poutine dont le soutien av\u00e9r\u00e9 \u00e0 la partie adverse, c\u2019est-\u00e0-dire \u00e0 l\u2019homme fort de l\u2019Est, le Mar\u00e9chal Haftar, n\u2019est un secret pour personne dans ce conflit libyen o\u00f9 la plupart des pays occidentaux ont chacun pris position pour un camp.<\/p>\n<p class=\"c3\">Le ma\u00eetre d\u2019Ankara aurait-il \u00e9t\u00e9 moralement d\u00e9stabilis\u00e9 par la prise \u00e9clair aux allures de pied-de-nez, de la ville symbole de Syrte par le Mar\u00e9chal Haftar, au moment o\u00f9 il bandait les muscles et s\u2019activait \u00e0 envoyer ses strat\u00e8ges en soutien \u00e0 son adversaire\u00a0? Quoi qu\u2019il en soit, au-del\u00e0 du ballet diplomatique qui s\u2019intensifie autour de la Libye, l\u2019on est fond\u00e9 \u00e0 croire que l\u2019intervention europ\u00e9enne dans ce pays, r\u00e9pond beaucoup plus \u00e0 la logique des int\u00e9r\u00eats qu\u2019\u00e0 autre chose. Et en s\u2019imposant comme m\u00e9diateurs en chef, tout porte \u00e0 croire que la Russie et la Turquie, pour leur part, n\u2019ont aucunement envie de jouer les seconds r\u00f4les. Mieux, ces pays semblent plut\u00f4t mus par la volont\u00e9 de se poser comme une alternative aux efforts de l\u2019UE et de l\u2019ONU. Question de se positionner strat\u00e9giquement dans le cadre des futures n\u00e9gociations.<\/p>\n<p class=\"c3\"><strong>Apr\u00e8s avoir tu\u00e9 Kadhafi, ils veulent d\u00e9pecer la Libye pour mieux en partager les ressources<\/strong><\/p>\n<p class=\"c3\">C\u2019est pourquoi, si l\u2019on peut se r\u00e9jouir que ce soit <em>in fine<\/em> l\u2019option pacifique qui est privil\u00e9gi\u00e9e dans la r\u00e9solution du conflit libyen, \u00a0il est difficile de se d\u00e9partir du sentiment que tout ce ramdam diplomatique n\u2019est finalement qu\u2019un cynique bal des hypocrites o\u00f9 les m\u00e9diateurs cherchent prioritairement \u00e0 se payer sur la b\u00eate, sans que le sort des pauvres populations libyennes ne pr\u00e9occupe outre mesure. Comme si apr\u00e8s avoir tu\u00e9 Kadhafi, ils veulent d\u00e9pecer la Libye pour mieux en partager les ressources.\u00a0 A l\u2019image d\u2019un vol d\u2019oiseaux rapaces fondant sur une charogne et jouant \u00e0 qui se taillerait la part du lion. C\u2019est pourquoi il est imp\u00e9ratif que la Libye sorte le pus t\u00f4t possible de sa situation d\u2019enlisement. Car, plus le conflit dure, plus les populations libyennes souffrent car ce sont elles qui\u00a0 souffre le martyre au quotidien. Et si l\u2019internationalisation du conflit vers laquelle on s\u2019achemine, devait conduire \u00e0 un \u00e9quilibre des forces sur le terrain, ne serait-il pas mieux que la communaut\u00e9 internationale se retire pour laisser les Libyens r\u00e9gler leurs probl\u00e8mes entre eux\u00a0? Quoi qu\u2019il en soit, \u00e0 l\u2019\u00e9tat actuel de la situation, ce serait peut-\u00eatre un moindre mal si l\u2019une des parties prenait l\u2019ascendant sur l\u2019autre. Cela aurait le m\u00e9rite de mettre fin \u00e0 la guerre, quitte \u00e0 aider ensuite la Libye \u00e0 revenir progressivement \u00e0 une vie constitutionnelle normale. C\u2019est peut-\u00eatre le prix de la paix \u00e0 payer au pays de Kadhafi, qui s\u2019enfonce malheureusement chaque jour un peu plus dans l\u2019ab\u00eeme.<\/p>\n<p class=\"c3\"><strong><em>\u00ab\u00a0Le Pays\u00a0\u00bb<\/em><\/strong><\/p>\n<p class=\"c3\"><strong><em>\u00a0<\/em><\/strong><\/p>\n<p>Auteur: Le Pays<br \/>\n<a href=\"http:\/\/lepays.bf\/appels-au-cessez-le-feu-en-libyele-bal-des-hypocrites\/\">Cliquez ici pour lire l&rsquo;article depuis sa source.<\/a><\/p>\n","protected":false},"excerpt":{"rendered":"<p>\u00ab\u00a0Toute guerre, dit-on, finit toujours autour d\u2019une table de n\u00e9gociations\u00a0\u00bb. Et plus vite, on y va, mieux cela vaudra. Ce dicton va-t-il finalement s\u2019appliquer \u00e0 la Libye\u00a0? C\u2019est la question que l\u2019on est en droit de se poser, au regard des appels au cessez-le-feu dont le plus r\u00e9cent est celui des pr\u00e9sidents russe, Vladimir Poutine, [&hellip;]<\/p>\n","protected":false},"author":1813,"featured_media":0,"comment_status":"closed","ping_status":"closed","sticky":false,"template":"","format":"standard","meta":{"fifu_image_url":"","fifu_image_alt":"","footnotes":""},"categories":[73,81],"tags":[],"class_list":["post-72609","post","type-post","status-publish","format-standard","hentry","category-actualite","category-burkina-faso"],"_links":{"self":[{"href":"https:\/\/linitiative.ca\/International\/wp-json\/wp\/v2\/posts\/72609","targetHints":{"allow":["GET"]}}],"collection":[{"href":"https:\/\/linitiative.ca\/International\/wp-json\/wp\/v2\/posts"}],"about":[{"href":"https:\/\/linitiative.ca\/International\/wp-json\/wp\/v2\/types\/post"}],"author":[{"embeddable":true,"href":"https:\/\/linitiative.ca\/International\/wp-json\/wp\/v2\/users\/1813"}],"replies":[{"embeddable":true,"href":"https:\/\/linitiative.ca\/International\/wp-json\/wp\/v2\/comments?post=72609"}],"version-history":[{"count":0,"href":"https:\/\/linitiative.ca\/International\/wp-json\/wp\/v2\/posts\/72609\/revisions"}],"wp:attachment":[{"href":"https:\/\/linitiative.ca\/International\/wp-json\/wp\/v2\/media?parent=72609"}],"wp:term":[{"taxonomy":"category","embeddable":true,"href":"https:\/\/linitiative.ca\/International\/wp-json\/wp\/v2\/categories?post=72609"},{"taxonomy":"post_tag","embeddable":true,"href":"https:\/\/linitiative.ca\/International\/wp-json\/wp\/v2\/tags?post=72609"}],"curies":[{"name":"wp","href":"https:\/\/api.w.org\/{rel}","templated":true}]}}