{"id":72610,"date":"2020-01-09T14:53:22","date_gmt":"2020-01-09T19:53:22","guid":{"rendered":"https:\/\/linitiative.ca\/International\/ministere-en-charge-du-commerce-harouna-kabore-rend-compte-de-sa-gestion\/"},"modified":"2020-01-09T14:53:22","modified_gmt":"2020-01-09T19:53:22","slug":"ministere-en-charge-du-commerce-harouna-kabore-rend-compte-de-sa-gestion","status":"publish","type":"post","link":"https:\/\/linitiative.ca\/International\/ministere-en-charge-du-commerce-harouna-kabore-rend-compte-de-sa-gestion\/","title":{"rendered":"Minist\u00e8re en charge du Commerce  : Harouna Kabor\u00e9 rend compte de sa gestion"},"content":{"rendered":"<div class=\"td-post-featured-image\"><a href=\"https:\/\/i2.wp.com\/www.sidwaya.info\/wp-content\/uploads\/2020\/01\/1-13.jpg?fit=595%2C397&#038;ssl=1\" data-caption=\"\"><img loading=\"lazy\" decoding=\"async\" width=\"595\" height=\"397\" class=\"entry-thumb td-modal-image\" src=\"https:\/\/i2.wp.com\/www.sidwaya.info\/wp-content\/uploads\/2020\/01\/1-13.jpg?resize=595%2C397&#038;ssl=1\" srcset=\"https:\/\/i2.wp.com\/www.sidwaya.info\/wp-content\/uploads\/2020\/01\/1-13.jpg?w=595&#038;ssl=1 595w, https:\/\/i2.wp.com\/www.sidwaya.info\/wp-content\/uploads\/2020\/01\/1-13.jpg?resize=300%2C200&#038;ssl=1 300w\" sizes=\"auto, (max-width: 595px) 100vw, 595px\" alt=\"\" title=\"1\"\/><\/a><\/div>\n<p><strong>Le ministre du Commerce, de l\u2019Industrie et de l\u2019Artisanat, Harouna Kabor\u00e9, a fait, le jeudi 9 janvier 2020 \u00e0 Ouagadougou, le bilan des actions de son d\u00e9partement au cours de l\u2019ann\u00e9e \u00e9coul\u00e9e et d\u00e9clin\u00e9 les perspectives.<\/strong><\/p>\n<p>Pour la troisi\u00e8me fois, le ministre du Commerce, de l\u2019Industrie et de l\u2019Artisanat, Harouna Kabor\u00e9 \u00e9tait face aux journalistes pour pr\u00e9senter le bilan des actions de son d\u00e9partement, le jeudi 9 janvier 2020. D\u2019entr\u00e9e, il a fait savoir que dans sa lettre de mission, le Premier ministre, Christophe Joseph Marie Dabir\u00e9, lui a assign\u00e9 15 priorit\u00e9s.<\/p>\n<div class=\"td-a-rec td-a-rec-id-content_inline tdi_30_a99 td_block_template_1\"><a href=\"https:\/\/www.sidwaya.info\/wp-content\/uploads\/2019\/12\/Bandeau-sitebonneannee.jpg\"><img loading=\"lazy\" decoding=\"async\" class=\"aligncenter size-full wp-image-17812\" src=\"https:\/\/www.sidwaya.info\/wp-content\/uploads\/2019\/12\/Bandeau-sitebonneannee.jpg\" alt=\"\" width=\"720\" height=\"90\"\/><\/a><\/div>\n<p>Celles-ci visent notamment \u00e0 cr\u00e9er des conditions favorables \u00e0 l\u2019\u00e9closion d\u2019un secteur priv\u00e9 dynamique, dynamiser le secteur industriel, accro\u00eetre la productivit\u00e9 dans le secteur de l\u2019artisanat, accompagner la formalisation des entreprises du secteur informel et veiller \u00e0 l\u2019application des r\u00e8gles de la concurrence et la protection du consommateur. Il a ajout\u00e9 qu\u2019en ad\u00e9quation avec sa lettre de mission, son d\u00e9partement a transcrit ses actions dans un cadre programmatique mat\u00e9rialis\u00e9 par le Plan d\u2019actions prioritaires (PAP) triennal 2019-2021. Ainsi, en mati\u00e8re de promotion du secteur priv\u00e9 et d\u2019am\u00e9lioration du climat des affaires, le ministre Kabor\u00e9 a indiqu\u00e9 que les actions de son d\u00e9partement ont permis d\u2019engranger de nombreux acquis dont la cr\u00e9ation de 13\u00a0137 nouvelles entreprises et l\u2019organisation de plusieurs manifestations sur le plan national et international. \u00ab\u00a0En mati\u00e8re de promotion de la qualit\u00e9, de la normalisation et de la lab\u00e9lisation des produits, le minist\u00e8re a \u0153uvr\u00e9 \u00e0 l\u2019inspection, la surveillance et le contr\u00f4le de la qualit\u00e9 des produits et des services ainsi que des instruments de mesure\u00a0\u00bb, a laiss\u00e9 entendre Harouna Kabor\u00e9.<\/p>\n<p>A ce titre, il a cit\u00e9 l\u2019organisation de la 8e \u00e9dition du Prix burkinab\u00e8 de la qualit\u00e9 (PBQ) et l\u2019homologation de 20 projets de normes dans le domaine de l\u2019environnement, de l\u2019alimentation et des emballages. Pour la labellisation du Faso dan fani, par exemple, il a not\u00e9 la protection effective du label et de quatre catalogues de motifs d\u00e9pos\u00e9s aupr\u00e8s de l\u2019Organisation africaine de la propri\u00e9t\u00e9 intellectuelle (OAPI) mat\u00e9rialis\u00e9e par la r\u00e9ception des certificats d\u2019enregistrement. Dans le domaine de l\u2019industrialisation, le ministre a cit\u00e9 l\u2019ach\u00e8vement des constructions et l\u2019\u00e9quipement de l\u2019usine d\u2019\u00e9grainage de coton bio \u00e0 Koudougou, l\u2019op\u00e9rationnalisation du Secr\u00e9tariat technique du Plan d\u2019industrialisation acc\u00e9l\u00e9r\u00e9e (ST\/PIA) et la r\u00e9alisation des \u00e9tudes de faisabilit\u00e9 pour l\u2019implantation de la filature classique \u00e0 Bobo-Dioulasso. \u00ab\u00a0Pour faire conna\u00eetre les produits nationaux et susciter un engouement des produits nationaux aupr\u00e8s des consommateurs, une initiative portant mise en place d\u2019un syst\u00e8me d\u2019identification des produits made in Burkina a \u00e9t\u00e9 lanc\u00e9e. Son op\u00e9rationnalisation a permis le lancement du concours et la r\u00e9ception des dossiers de candidature pour la conception du logotype\u00a0\u00bb, a-t-il pr\u00e9cis\u00e9.<\/p>\n<p><strong>Des perspectives<\/strong><\/p>\n<p>Dans le cadre de l\u2019\u00e9coulement des produits de l\u2019industrie nationale, M. Kabor\u00e9 a affirm\u00e9 qu\u2019une campagne de d\u00e9stockage des produits en m\u00e9vente a permis d\u2019enlever d\u2019importantes quantit\u00e9s \u00e0 Sap Olympic et \u00e0 la SN-SOSUCO. Au cours de l\u2019ann\u00e9e \u00e9coul\u00e9e, le minist\u00e8re en charge du commerce a men\u00e9 \u00e9galement de nombreuses actions pour intensifier la lutte contre la fraude, \u00e0 \u00e9couter le ministre. Dans le secteur de l\u2019artisanat, la diplomatie \u00e9conomique, la cr\u00e9ation d\u2019emplois pour les jeunes et les femmes, les financements conventionnels et alternatifs, le chef du d\u00e9partement de l\u2019industrie a fait ressortir plusieurs acquis.<\/p>\n<p>\u00ab\u00a0Durant ces deux derni\u00e8res ann\u00e9es, le minist\u00e8re a fait un bond qualitatif en mati\u00e8re de r\u00e9alisation des objectifs sectoriels du PNDES qui lui sont assign\u00e9s, lesquels se r\u00e9sument au rel\u00e8vement du d\u00e9fi de la dynamisation des acteurs porteurs pour l\u2019\u00e9conomie et les emplois \u00e0 travers un secteur priv\u00e9 dynamique et comp\u00e9titif\u00a0\u00bb, a-t-il soutenu. En termes de perspective, le ministre du Commerce, de l\u2019Industrie et de l\u2019Artisanat a soulign\u00e9 que son d\u00e9partement entend garder le cap fix\u00e9. C\u2019est ainsi qu\u2019un PAP 2020-2022 contenant les actions \u00e0 mener a \u00e9t\u00e9 \u00e9labor\u00e9. D\u2019ores et d\u00e9j\u00e0, il a annonc\u00e9, entre autres, l\u2019op\u00e9rationnalisation de la 2e phase du projet portail virtuel \u00ab\u00a0porte d\u2019entr\u00e9e au Burkina\u00a0\u00bb, l\u2019organisation de la deuxi\u00e8me \u00e9dition du Salon international du coton et du textile (SICOT) et la 16e \u00e9dition du SIAO, l\u2019\u00e9tude pour la r\u00e9alisation d\u2019un parc d\u2019expositions Ouaga Expo et l\u2019am\u00e9nagement d\u2019une zone industrielle de 100 hectares \u00e0 Samendeni. Les journalistes se sont int\u00e9ress\u00e9s notamment \u00e0 l\u2019interdiction de boissons frelat\u00e9es en sachets plastiques, le processus d\u2019industrialisation. \u00ab\u00a0Nous avons d\u00e9cid\u00e9 de nous attaquer d\u2019abord aux importateurs et producteurs de ces boissons.<\/p>\n<p>A cet effet, une op\u00e9ration a permis la saisie de plus de six millions de sachets. Par ailleurs, nous accompagnons les producteurs locaux \u00e0 am\u00e9liorer la qualit\u00e9 de leurs liqueurs\u00a0\u00bb, a expliqu\u00e9 Harouna Kabor\u00e9. Sur l\u2019industrialisation, il a laiss\u00e9 entendre que plusieurs entreprises se sont d\u00e9velopp\u00e9es dans la transformation de la mati\u00e8re locale. En sus, il a martel\u00e9 que son d\u00e9partement s\u2019est fix\u00e9 pour objectif de transformer 25% des produits locaux, ce qui permettra au Burkina de se classer comme pays industrialis\u00e9. \u00ab\u00a0Nous avons d\u00e9cid\u00e9 d\u2019am\u00e9nager des zones industrielles dans les 13 r\u00e9gions du pays\u00a0\u00bb, a-t-il confi\u00e9. En r\u00e9ponse \u00e0 une question sur le renforcement des capacit\u00e9s des tisseuses, le ministre a fait savoir que cela se fait \u00e0 travers la dotation des associations en m\u00e9tiers \u00e0 tisser mais aussi avec des formations pratiques. Abordant la r\u00e9ouverture de l\u2019usine Faso Fani de Koudougou, le ministre Kabor\u00e9 a expliqu\u00e9 que c\u2019est un projet priv\u00e9 que le gouvernement doit accompagner. \u00ab\u00a0Nous avons jou\u00e9 notre partition et nous attendons le d\u00e9marrage des travaux\u00a0\u00bb, a-t-il insist\u00e9.<\/p>\n<p class=\"c1\"><strong>Joseph HARO<\/strong><\/p>\n<div class=\"td-a-rec td-a-rec-id-content_bottom tdi_31_07a td_block_template_1\"><img loading=\"lazy\" decoding=\"async\" class=\"aligncenter size-full wp-image-9623\" src=\"https:\/\/www.sidwaya.info\/wp-content\/uploads\/2019\/06\/Projet-bannie%CC%80re-Orange-mobile.jpg\" alt=\"\" width=\"728\" height=\"81\"\/><\/div>\n<p>Auteur: DD. Sidwaya<br \/>\n<a href=\"https:\/\/www.sidwaya.info\/blog\/2020\/01\/09\/ministere-en-charge-du-commerce-harouna-kabore-rend-compte-de-sa-gestion\/\">Cliquez ici pour lire l&rsquo;article depuis sa source.<\/a><\/p>\n","protected":false},"excerpt":{"rendered":"<p>Le ministre du Commerce, de l\u2019Industrie et de l\u2019Artisanat, Harouna Kabor\u00e9, a fait, le jeudi 9 janvier 2020 \u00e0 Ouagadougou, le bilan des actions de son d\u00e9partement au cours de l\u2019ann\u00e9e \u00e9coul\u00e9e et d\u00e9clin\u00e9 les perspectives. Pour la troisi\u00e8me fois, le ministre du Commerce, de l\u2019Industrie et de l\u2019Artisanat, Harouna Kabor\u00e9 \u00e9tait face aux journalistes [&hellip;]<\/p>\n","protected":false},"author":1816,"featured_media":0,"comment_status":"closed","ping_status":"closed","sticky":false,"template":"","format":"standard","meta":{"fifu_image_url":"","fifu_image_alt":"","footnotes":""},"categories":[73,81],"tags":[],"class_list":["post-72610","post","type-post","status-publish","format-standard","hentry","category-actualite","category-burkina-faso"],"_links":{"self":[{"href":"https:\/\/linitiative.ca\/International\/wp-json\/wp\/v2\/posts\/72610","targetHints":{"allow":["GET"]}}],"collection":[{"href":"https:\/\/linitiative.ca\/International\/wp-json\/wp\/v2\/posts"}],"about":[{"href":"https:\/\/linitiative.ca\/International\/wp-json\/wp\/v2\/types\/post"}],"author":[{"embeddable":true,"href":"https:\/\/linitiative.ca\/International\/wp-json\/wp\/v2\/users\/1816"}],"replies":[{"embeddable":true,"href":"https:\/\/linitiative.ca\/International\/wp-json\/wp\/v2\/comments?post=72610"}],"version-history":[{"count":0,"href":"https:\/\/linitiative.ca\/International\/wp-json\/wp\/v2\/posts\/72610\/revisions"}],"wp:attachment":[{"href":"https:\/\/linitiative.ca\/International\/wp-json\/wp\/v2\/media?parent=72610"}],"wp:term":[{"taxonomy":"category","embeddable":true,"href":"https:\/\/linitiative.ca\/International\/wp-json\/wp\/v2\/categories?post=72610"},{"taxonomy":"post_tag","embeddable":true,"href":"https:\/\/linitiative.ca\/International\/wp-json\/wp\/v2\/tags?post=72610"}],"curies":[{"name":"wp","href":"https:\/\/api.w.org\/{rel}","templated":true}]}}