{"id":72611,"date":"2020-01-09T16:08:26","date_gmt":"2020-01-09T21:08:26","guid":{"rendered":"https:\/\/linitiative.ca\/International\/recrutement-de-volontaires-pour-la-defense-retour-au-parlement-pour-une-session-extraordinaire\/"},"modified":"2020-01-09T16:08:26","modified_gmt":"2020-01-09T21:08:26","slug":"recrutement-de-volontaires-pour-la-defense-retour-au-parlement-pour-une-session-extraordinaire","status":"publish","type":"post","link":"https:\/\/linitiative.ca\/International\/recrutement-de-volontaires-pour-la-defense-retour-au-parlement-pour-une-session-extraordinaire\/","title":{"rendered":"Recrutement de volontaires pour la d\u00e9fense : retour au Parlement pour une session extraordinaire"},"content":{"rendered":"<div class=\"td-post-featured-image\"><a href=\"https:\/\/i0.wp.com\/www.sidwaya.info\/wp-content\/uploads\/2020\/01\/1-14.jpg?fit=595%2C397&#038;ssl=1\" data-caption=\"\"><img loading=\"lazy\" decoding=\"async\" width=\"595\" height=\"397\" class=\"entry-thumb td-modal-image\" src=\"https:\/\/i0.wp.com\/www.sidwaya.info\/wp-content\/uploads\/2020\/01\/1-14.jpg?resize=595%2C397&#038;ssl=1\" srcset=\"https:\/\/i0.wp.com\/www.sidwaya.info\/wp-content\/uploads\/2020\/01\/1-14.jpg?w=595&#038;ssl=1 595w, https:\/\/i0.wp.com\/www.sidwaya.info\/wp-content\/uploads\/2020\/01\/1-14.jpg?resize=300%2C200&#038;ssl=1 300w\" sizes=\"auto, (max-width: 595px) 100vw, 595px\" alt=\"\" title=\"1\"\/><\/a><\/div>\n<p><strong>La premi\u00e8re session extraordinaire de l\u2019ann\u00e9e en cours de l\u2019Assembl\u00e9e nationale s\u2019est ouverte, le jeudi 9 janvier 2020 \u00e0 Ouagadougou. Elle aura \u00e0 son ordre du jour l\u2019examen des projets de lois relatifs, entre autres, au Code \u00e9lectoral, le recrutement des volontaires pour la d\u00e9fense, la prorogation de l\u2019\u00e9tat d\u2019urgence et le quota genre.<\/strong><\/p>\n<p>Trois semaines apr\u00e8s la cl\u00f4ture de la session budg\u00e9taire intervenue le 20 d\u00e9cembre 2019, les d\u00e9put\u00e9s sont de retour \u00e0 l\u2019h\u00e9micycle \u00e0 la faveur de la premi\u00e8re session extraordinaire de l\u2019ann\u00e9e 2020. La c\u00e9r\u00e9monie d\u2019ouverture officielle de ladite session est intervenue, hier jeudi 9 janvier au si\u00e8ge du Parlement, en pr\u00e9sence d\u2019un parterre d\u2019invit\u00e9s dont des membres du gouvernement. Cette session, qui durera deux semaines, sera essentiellement consacr\u00e9e \u00e0 l\u2019examen de quatre projets de lois et de deux projets de r\u00e9solutions. Concernant les projets de lois, ce sont les textes portant prorogation de l\u2019Etat d\u2019urgence, le recrutement de volontaires pour la d\u00e9fense de la patrie, les projets relatifs \u00e0 la fixation d\u2019un quota et des modalit\u00e9s de positionnement des candidates et des candidats aux \u00e9lections l\u00e9gislatives et municipales au Burkina Faso et la r\u00e9vision du Code \u00e9lectoral. Le premier projet de r\u00e9solution porte sur la cr\u00e9ation d\u2019une commission d\u2019enqu\u00eate sur le syst\u00e8me de t\u00e9l\u00e9phonie mobile au Burkina Faso, tandis que la seconde r\u00e9solution est relative \u00e0 la cr\u00e9ation d\u2019une enqu\u00eate parlementaire sur le syst\u00e8me de la promotion immobili\u00e8re. La convocation des sessions extraordinaires est conforme \u00e0 la Constitution, notamment l\u2019article 88 qui dispose que l\u2019Assembl\u00e9e nationale \u00ab\u00a0se r\u00e9unit en session extraordinaire sur convocation de son Pr\u00e9sident, \u00e0 la demande du Premier ministre ou de la majorit\u00e9 absolue des d\u00e9put\u00e9s (\u2026) sur un ordre du jour d\u00e9termin\u00e9\u00a0\u00bb. Ces sessions permettent au Parlement de se r\u00e9unir en s\u00e9ance pl\u00e9ni\u00e8re en dehors de la p\u00e9riode des sessions ordinaires, en cas de situation d\u2019urgence ou lorsque l\u2019agenda l\u00e9gislatif est trop charg\u00e9 pour pouvoir \u00eatre \u00e9puis\u00e9 pendant les sessions ordinaires. La cl\u00f4ture de cette premi\u00e8re session extraordinaire de l\u2019ann\u00e9e 2020 interviendra, le jeudi 23 janvier prochain.<\/p>\n<div class=\"td-a-rec td-a-rec-id-content_inline tdi_30_d05 td_block_template_1\"><a href=\"https:\/\/www.sidwaya.info\/wp-content\/uploads\/2019\/12\/Bandeau-sitebonneannee.jpg\"><img loading=\"lazy\" decoding=\"async\" class=\"aligncenter size-full wp-image-17812\" src=\"https:\/\/www.sidwaya.info\/wp-content\/uploads\/2019\/12\/Bandeau-sitebonneannee.jpg\" alt=\"\" width=\"720\" height=\"90\"\/><\/a><\/div>\n<p><strong>S\u2019investir sans calcul<\/strong><\/p>\n<p>Apr\u00e8s l\u2019ouverture de la session, les d\u00e9put\u00e9s et les personnels de l\u2019administration parlementaire ont enchain\u00e9 avec la c\u00e9r\u00e9monie conjointe de pr\u00e9sentation de leurs v\u0153ux de nouvel an au Pr\u00e9sident de l\u2019Assembl\u00e9e nationale (PAN), Alassane Bala Sakand\u00e9. A cette occasion, la secr\u00e9taire g\u00e9n\u00e9rale de l\u2019institution, Rakieta Zorom\u00e9, a, au nom de l\u2019ensemble du personnel, souhait\u00e9 une ann\u00e9e de paix, de sant\u00e9 de succ\u00e8s et de long\u00e9vit\u00e9 \u00e0 Bala Sakand\u00e9, \u00e0 son \u00e9pouse et \u00e0 ses proches. Elle a \u00e9galement salu\u00e9 les actions entreprises par le PAN ces deux derni\u00e8res ann\u00e9es pour l\u2019am\u00e9lioration des conditions de travail du personnel administratif. Le premier vice-pr\u00e9sident, B\u00e9n\u00e9wend\u00e9 Sankara a aussi pr\u00e9sent\u00e9 les meilleurs v\u0153ux des 127 d\u00e9put\u00e9s au chef du Parlement. En retour, Alassane Bala Sakand\u00e9 a exprim\u00e9 sa gratitude aux d\u00e9put\u00e9s et au personnel administratif pour les messages de v\u0153ux. \u00ab\u00a0Ce sont des mots qui motivent et resteront grav\u00e9s dans la m\u00e9moire pour toujours\u00a0\u00bb, a-t-il fait savoir. Pour le PAN, ce qui reste \u00e0 faire au profit du peuple d\u00e9passe largement ce qui a \u00e9t\u00e9 d\u00e9j\u00e0 fait. Ainsi, il a invit\u00e9 l\u2019ensemble du personnel et particuli\u00e8rement les d\u00e9put\u00e9s \u00e0 plus d\u2019efforts. \u00ab\u00a0Je vous engage \u00e0 vous investir sans calcul dans les missions d\u2019information, les missions d\u2019enqu\u00eate et les projets de loi que nous avons annonc\u00e9s pour qu\u2019au terme de la l\u00e9gislature, l\u2019histoire retienne que nous avons fait notre part\u00a0\u00bb, a-t-il souhait\u00e9.<\/p>\n<p class=\"c1\"><strong>Beyon Romain NEBIE<\/strong><br \/><strong>nbeyonromain@yahoo.fr<\/strong><\/p>\n<div class=\"td-a-rec td-a-rec-id-content_bottom tdi_31_cae td_block_template_1\"><img loading=\"lazy\" decoding=\"async\" class=\"aligncenter size-full wp-image-9623\" src=\"https:\/\/www.sidwaya.info\/wp-content\/uploads\/2019\/06\/Projet-bannie%CC%80re-Orange-mobile.jpg\" alt=\"\" width=\"728\" height=\"81\"\/><\/div>\n<p>Auteur: DD. Sidwaya<br \/>\n<a href=\"https:\/\/www.sidwaya.info\/blog\/2020\/01\/09\/recrutement-de-volontaires-pour-la-defense-retour-au-parlement-pour-une-session-extraordinaire\/\">Cliquez ici pour lire l&rsquo;article depuis sa source.<\/a><\/p>\n","protected":false},"excerpt":{"rendered":"<p>La premi\u00e8re session extraordinaire de l\u2019ann\u00e9e en cours de l\u2019Assembl\u00e9e nationale s\u2019est ouverte, le jeudi 9 janvier 2020 \u00e0 Ouagadougou. Elle aura \u00e0 son ordre du jour l\u2019examen des projets de lois relatifs, entre autres, au Code \u00e9lectoral, le recrutement des volontaires pour la d\u00e9fense, la prorogation de l\u2019\u00e9tat d\u2019urgence et le quota genre. Trois [&hellip;]<\/p>\n","protected":false},"author":1816,"featured_media":0,"comment_status":"closed","ping_status":"closed","sticky":false,"template":"","format":"standard","meta":{"fifu_image_url":"","fifu_image_alt":"","footnotes":""},"categories":[73,81],"tags":[],"class_list":["post-72611","post","type-post","status-publish","format-standard","hentry","category-actualite","category-burkina-faso"],"_links":{"self":[{"href":"https:\/\/linitiative.ca\/International\/wp-json\/wp\/v2\/posts\/72611","targetHints":{"allow":["GET"]}}],"collection":[{"href":"https:\/\/linitiative.ca\/International\/wp-json\/wp\/v2\/posts"}],"about":[{"href":"https:\/\/linitiative.ca\/International\/wp-json\/wp\/v2\/types\/post"}],"author":[{"embeddable":true,"href":"https:\/\/linitiative.ca\/International\/wp-json\/wp\/v2\/users\/1816"}],"replies":[{"embeddable":true,"href":"https:\/\/linitiative.ca\/International\/wp-json\/wp\/v2\/comments?post=72611"}],"version-history":[{"count":0,"href":"https:\/\/linitiative.ca\/International\/wp-json\/wp\/v2\/posts\/72611\/revisions"}],"wp:attachment":[{"href":"https:\/\/linitiative.ca\/International\/wp-json\/wp\/v2\/media?parent=72611"}],"wp:term":[{"taxonomy":"category","embeddable":true,"href":"https:\/\/linitiative.ca\/International\/wp-json\/wp\/v2\/categories?post=72611"},{"taxonomy":"post_tag","embeddable":true,"href":"https:\/\/linitiative.ca\/International\/wp-json\/wp\/v2\/tags?post=72611"}],"curies":[{"name":"wp","href":"https:\/\/api.w.org\/{rel}","templated":true}]}}