{"id":72612,"date":"2020-01-09T16:16:19","date_gmt":"2020-01-09T21:16:19","guid":{"rendered":"https:\/\/linitiative.ca\/International\/elections-couplees-de-2020-les-chances-du-mpp-sont-meilleures-quen-2015-ministre-eric-bougouma\/"},"modified":"2020-01-09T16:16:19","modified_gmt":"2020-01-09T21:16:19","slug":"elections-couplees-de-2020-les-chances-du-mpp-sont-meilleures-quen-2015-ministre-eric-bougouma","status":"publish","type":"post","link":"https:\/\/linitiative.ca\/International\/elections-couplees-de-2020-les-chances-du-mpp-sont-meilleures-quen-2015-ministre-eric-bougouma\/","title":{"rendered":"Elections coupl\u00e9es de 2020  : \u00ab\u00a0Les chances du MPP sont meilleures qu\u2019en 2015\u00a0\u00bb, ministre Eric Bougouma"},"content":{"rendered":"<div class=\"td-post-featured-image\"><a href=\"https:\/\/i2.wp.com\/www.sidwaya.info\/wp-content\/uploads\/2020\/01\/2-2.jpg?fit=595%2C397&#038;ssl=1\" data-caption=\"\"><img loading=\"lazy\" decoding=\"async\" width=\"595\" height=\"397\" class=\"entry-thumb td-modal-image\" src=\"https:\/\/i2.wp.com\/www.sidwaya.info\/wp-content\/uploads\/2020\/01\/2-2.jpg?resize=595%2C397&#038;ssl=1\" srcset=\"https:\/\/i2.wp.com\/www.sidwaya.info\/wp-content\/uploads\/2020\/01\/2-2.jpg?w=595&#038;ssl=1 595w, https:\/\/i2.wp.com\/www.sidwaya.info\/wp-content\/uploads\/2020\/01\/2-2.jpg?resize=300%2C200&#038;ssl=1 300w\" sizes=\"auto, (max-width: 595px) 100vw, 595px\" alt=\"\" title=\"2\"\/><\/a><\/div>\n<p><strong>A la t\u00eate de l\u2019un des d\u00e9partements minist\u00e9riels qui bouge le plus, Eric Bougouma revient, sans tabou, sur la lenteur dans l\u2019ex\u00e9cution de certains travaux publics, les questions de corruption suppos\u00e9es dans son minist\u00e8re\u2026 L\u2019homme politique aborde \u00e9galement dans cette interview accord\u00e9e \u00e0 Sidwaya le 31 d\u00e9cembre 2019, les chances du Mouvement du peuple pour le progr\u00e8s (MPP), aux \u00e9lections coupl\u00e9es pr\u00e9sidentielle\/l\u00e9gislatives de 2020.<\/strong><\/p>\n<p><strong>Sidwaya (S)\u00a0: L\u2019ambition affich\u00e9e dans le PNDES est d\u2019accro\u00eetre la proportion de routes bitum\u00e9es de 24% en 2015 \u00e0 42% en 2020 et celle des pistes rurales am\u00e9nag\u00e9es de 27% \u00e0 43% sur la m\u00eame p\u00e9riode. A quel niveau sommes-nous aujourd\u2019hui\u00a0?<\/strong><br \/>Eric Bougouma (E.B.)\u00a0: En 2015, nous avions un r\u00e9seau class\u00e9 de plus de 15\u00a0000 km dont seulement 3\u00a0000 km bitum\u00e9s. Notre objectif \u00e9tait de pouvoir bitumer 2 500 km de routes suppl\u00e9mentaires. Aujourd\u2019hui, cet objectif n\u2019est pas tout \u00e0 fait atteint, mais nous nous en approchons, puisque nous avons d\u00e9j\u00e0 engag\u00e9 les travaux de bitumage d\u2019environ 1730 km, dont 705 km sont enti\u00e8rement achev\u00e9s et 1025 km sont en cours de travaux. Aussi pr\u00e8s de 700 km seront lanc\u00e9s au cours de cette ann\u00e9e 2020. Ce qu\u2019il faut voir, ce n\u2019est pas les proportions, mais plut\u00f4t le volume des travaux et l\u2019objectif, qui est d\u2019acc\u00e9l\u00e9rer la connectivit\u00e9 int\u00e9rieure de notre pays pour relier les chefs-lieux de province entre eux et les zones de production aux march\u00e9s. Ces efforts, ajout\u00e9s \u00e0 ceux qui ont \u00e9t\u00e9 faits avant nous, nous permettent de dire que nous sommes sur la bonne trajectoire. Pour ce qui concerne les pistes rurales, le programme pr\u00e9sidentiel pr\u00e9voit l\u2019am\u00e9nagement de 5 000 km pour les cinq ans. Aujourd\u2019hui, nous avons environ 2000 km de pistes quasiment achev\u00e9s en plus d\u2019environ 400 km en cours de travaux. Cette ann\u00e9e, nous allons reprendre ce programme d\u2019am\u00e9nagement de pistes rurales, que nous avons d\u00fb ralentir au regard du contexte s\u00e9curitaire et de la r\u00e9gulation budg\u00e9taire qui a suivi avec le d\u00e9marrage des travaux de 1400 km avant la fin du premier trimestre.<\/p>\n<div class=\"td-a-rec td-a-rec-id-content_inline tdi_30_e72 td_block_template_1\"><a href=\"https:\/\/www.sidwaya.info\/wp-content\/uploads\/2019\/12\/Bandeau-sitebonneannee.jpg\"><img loading=\"lazy\" decoding=\"async\" class=\"aligncenter size-full wp-image-17812\" src=\"https:\/\/www.sidwaya.info\/wp-content\/uploads\/2019\/12\/Bandeau-sitebonneannee.jpg\" alt=\"\" width=\"720\" height=\"90\"\/><\/a><\/div>\n<p><strong>S\u00a0: O\u00f9 en \u00eates-vous avec le bitumage du tron\u00e7on Gounghin-fronti\u00e8re du Niger\u00a0?<\/strong><br \/>E.B.\u00a0: Pour ce qui concerne le tron\u00e7on Gounghin-Fada-Pi\u00e9ga-fronti\u00e8re du Niger, long de 218 km, la phase d\u2019attribution des march\u00e9s de travaux est achev\u00e9e et valid\u00e9e par le conseil des ministres du 23 octobre 2019. Il reste la passation des march\u00e9s pour les missions de contr\u00f4le pour laquelle nous sommes \u00e9galement tr\u00e8s avanc\u00e9s. Le d\u00e9marrage des travaux est pr\u00e9vu, raisonnablement, pour le premier trimestre 2020, d\u00e8s l\u2019approbation des contrats pour le contr\u00f4le.<\/p>\n<p><strong>S\u00a0: Comment \u00e9volue le projet de l\u2019autoroute de contournement de la ville de Ouagadougou, cens\u00e9e fluidifier la circulation\u00a0routi\u00e8re dans la capitale?<\/strong><br \/>E.B.\u00a0: L\u2019objectif majeur de l\u2019autoroute de contournement de Ouagadougou, c\u2019est de d\u00e9congestionner la ville et d\u2019y am\u00e9liorer la mobilit\u00e9. Ouagadougou compte plus de 2 millions d\u2019habitants et de plus en plus, la circulation devient difficile. Les principales art\u00e8res qui permettent aux gros porteurs de ravitailler le pays, tout comme ceux qui sont en transit, sont \u00e9galement satur\u00e9es. Ce projet, tr\u00e8s important, lanc\u00e9 en octobre 2018, a effectivement d\u00e9marr\u00e9 apr\u00e8s des difficult\u00e9s li\u00e9es \u00e0 l\u2019indemnisation des personnes affect\u00e9es par le projet. Aujourd\u2019hui, nous sommes tr\u00e8s satisfaits de l\u2019\u00e9tat d\u2019avancement des travaux.<\/p>\n<p><strong>S\u00a0: Pourquoi, les travaux de construction du tron\u00e7on de la RN4 entre l\u2019\u00e9changeur de l\u2019Est et l\u2019h\u00f4pital Yalgado, lanc\u00e9s en 2015 pour une dur\u00e9e d\u2019ex\u00e9cution de 18 mois pi\u00e9tinent?<\/strong><br \/>E.B.\u00a0: Ce projet, qui fait plus de 4km et va de l\u2019embranchement de l\u2019avenue 56 \u00e0 l\u2019\u00e9changeur de l\u2019Est avec un passage sup\u00e9rieur \u00e0 l\u2019embranchement avec la RN3, a connu des difficult\u00e9s d\u00e8s le d\u00e9part. Aujourd\u2019hui, l\u2019essentiel des travaux routiers est quasiment achev\u00e9. Il reste une partie du rev\u00eatement \u00e0 faire, en plus des travaux de signalisation et ceux d\u2019\u00e9clairage public \u00e0 finaliser. En outre, il y a un ouvrage \u00e0 construire au c\u00f4t\u00e9 droit du barrage N\u00b03.<br \/>Les d\u00e9lais impartis sont largement d\u00e9pass\u00e9s. Et tout sera fait pour achever ces travaux.<\/p>\n<p><strong>S\u00a0: Concr\u00e8tement, qu\u2019est-ce qui ne va pas sur ce tron\u00e7on, surtout que des informations faisaient \u00e9tat de ce que l\u2019entreprise aurait vers\u00e9 un gros pot de vin \u00e0 ceux qui lui ont attribu\u00e9 le march\u00e9, si bien qu\u2019il n\u2019a plus de l\u2019argent pour faire le travail\u00a0?<\/strong><br \/>E.B.\u00a0: Je suis int\u00e9ress\u00e9 d\u2019avoir ces informations parce que nous n\u2019\u00e9tions pas l\u00e0 au moment des attributions, puisque le lancement des travaux est intervenu en d\u00e9cembre 2015. La raison la plus importante du retard est financi\u00e8re parce que l\u2019entreprise fait face \u00e0 des difficult\u00e9s qui sont s\u00e9rieuses. Bien-s\u00fbr, d\u2019autres raisons expliquent le retard notamment la lenteur dans les travaux de d\u00e9placement des r\u00e9seaux des concessionnaires que sont les r\u00e9seaux d\u2019eau potable, d\u2019\u00e9lectricit\u00e9, de t\u00e9l\u00e9phone. Nous sommes \u00e0 plus de 80% de taux d\u2019ex\u00e9cution et notre pr\u00e9occupation est d\u2019achever les travaux au b\u00e9n\u00e9fice des usagers.<\/p>\n<p><strong>S\u00a0: Les retards \u00e0 r\u00e9p\u00e9tition ne sont-ils pas dus \u00e0 l\u2019absence de sanctions \u00e0 l\u2019encontre des entreprises fautives\u00a0?<\/strong><br \/>E.B.\u00a0: Il y a des sanctions qui existent et qui sont appliqu\u00e9es. Toutes les entreprises, petites ou grandes, traversent des difficult\u00e9s, \u00e0 un moment donn\u00e9. Faut-il s\u2019arr\u00eater sur ces difficult\u00e9s et enterrer les entreprises avec, ou faire des efforts, prendre patience pour leur permettre de sortir la t\u00eate de l\u2019eau et de reprendre les activit\u00e9s normales\u00a0? C\u2019est un \u00e9quilibre qu\u2019il faut trouver. Et cela exige beaucoup de patience. Pour cela, il faut remercier les usagers et les riverains, et saluer leur sens de la citoyennet\u00e9. Ce sont des difficult\u00e9s qui arrivent et nous devons tous travailler \u00e0 y rem\u00e9dier.<\/p>\n<p><strong>S\u00a0: Les voies urbaines, comme celle qui passe devant Universalis ou celle longeant la mairie de Tampouy \u00e0 Ouagadougou, se d\u00e9gradent relativement vite, si bien que beaucoup pointent du doigt la qualit\u00e9 du travail\u2026<\/strong><br \/>E.B.\u00a0: Vous avez pris l\u2019exemple de routes un peu anciennes. Ces routes doivent avoir au moins 10 ans. La structure des rev\u00eatements sur ces routes, est dite superficielle. Ce type de structure n\u2019est pas fait pour durer 20 ans. Au bout de cinq ans, il faut faire un travail de re-surfa\u00e7age pour solidifier le rev\u00eatement. Aujourd\u2019hui, nous mettons l\u2019accent sur deux choses en mati\u00e8re de voirie urbaine\u00a0: la r\u00e9habilitation des routes existantes et la construction d\u2019autres routes avec un type de rev\u00eatement qui est le b\u00e9ton bitumineux, accompagn\u00e9 de canalisations pour permettre \u00e0 la chauss\u00e9e d\u2019\u00eatre beaucoup plus durable. Il faut donc relativiser, parce que chaque route a une dur\u00e9e de vie qui, lorsqu\u2019elle est atteinte, engendre, in\u00e9vitablement, des d\u00e9gradations. D\u2019o\u00f9 l\u2019importance du programme d\u2019entretien routier.<\/p>\n<p><strong>S\u00a0: Est-ce qu\u2019il y a des concertations entre votre minist\u00e8re, l\u2019ONEA, la SONABEL et l\u2019ONATEL qui, apr\u00e8s certains bitumages, entreprennent des travaux de r\u00e9seautage\u00a0 qui endommagent la chauss\u00e9e?<\/strong><br \/>E.B.\u00a0: Il y a une concertation insuffisante dans la mesure o\u00f9 au stade des \u00e9tudes de route, en principe, nous devons avoir la planification de l\u2019ensemble des travaux de r\u00e9seau. Malheureusement, et c\u2019est la caract\u00e9ristique de toutes les villes du monde, il y a des r\u00e9seaux d\u2019assainissement qui se d\u00e9veloppent et qui entrainent forc\u00e9ment des travaux sur la chauss\u00e9e. Aujourd\u2019hui, nous sommes en train de conclure des conventions, la derni\u00e8re en date avec le minist\u00e8re en charge de l\u2019\u00e9conomie num\u00e9rique, pour pr\u00e9voir des r\u00e9servations pour la fibre optique.<\/p>\n<p><strong>S\u00a0: Des syndicalistes de votre d\u00e9partement ont d\u00e9nonc\u00e9 entre-temps la mise en place \u00ab\u00a0d\u2019un r\u00e9seau pour tripatouiller les r\u00e9sultats des march\u00e9s publics\u00a0\u00bb dont vous \u00eates au courant. Ont-ils tort\u00a0?<\/strong><br \/>E.B.\u00a0: Le domaine des march\u00e9s publics int\u00e9resse tout le monde au point qu\u2019aucune entreprise ne peut accepter de souffrir des mois et des ann\u00e9es sans travail. Malheureusement, certaines sont pr\u00eates \u00e0 tout pour avoir ce travail et il ne peut pas manquer de brebis galeuses dans ce d\u00e9partement, comme ailleurs. Comme j\u2019ai eu l\u2019occasion de le dire, si j\u2019ai connaissance de pratiques qui vont \u00e0 l\u2019encontre de la loi et de l\u2019\u00e9thique de notre profession, ceux qui en sont responsables, assumeront seuls cette responsabilit\u00e9. Notre gouvernement a une ligne de conduite trac\u00e9e par le pr\u00e9sident du Faso sur les questions de corruption. Du reste, depuis l\u2019ann\u00e9e 2018, nous avons entam\u00e9, avec des structures comme le REN-LAC et l\u2019ASCE-LC, un dialogue constructif ouvrant ainsi l\u2019ensemble de nos proc\u00e9dures et chantiers \u00e0 leurs visites et enqu\u00eates, en vue de minimiser les risques.<\/p>\n<p><strong>S\u00a0: Votre d\u00e9partement est l\u2019un des minist\u00e8res qui bouge. Est-ce que votre proximit\u00e9 avec le pr\u00e9sident du Faso y est pour quelque chose dans la r\u00e9alisation de vos projets\u00a0?<\/strong><br \/>E.B.\u00a0: Le pr\u00e9sident du Faso a \u00e9t\u00e9 \u00e9lu sur la base d\u2019un programme en 2015. Ce programme est traduit dans le Plan national de d\u00e9veloppement \u00e9conomique et social (PNDES). Les engagements sont clairs et pr\u00e9cis avec pour objectif d\u2019am\u00e9liorer les conditions de vie des populations, de renforcer le tissu \u00e9conomique de notre pays et de permettre une justice sociale plus grande \u00e0 travers une redistribution des revenus \u00e0 l\u2019ensemble des Burkinab\u00e8. De ce point de vue, je ne pense pas que notre d\u00e9partement travaille plus que les autres minist\u00e8res. Nous devons avoir l\u2019humilit\u00e9 de le reconna\u00eetre. Si vous prenez le secteur de l\u2019eau potable, il est clair que les objectifs sont en passe d\u2019\u00eatre d\u00e9pass\u00e9s, m\u00eame si les besoins du Burkina en la mati\u00e8re ne font qu\u2019augmenter avec l\u2019accroissement de la population, une urbanisation plus accrue, mais aussi avec la rar\u00e9faction de l\u2019eau qui est un ph\u00e9nom\u00e8ne mondial. Dans le secteur de la sant\u00e9, des efforts in\u00e9dits ont \u00e9t\u00e9 faits avec la gratuit\u00e9 des soins, la construction d\u2019infrastructures sanitaires, en particulier le projet de construction d\u2019un centre de radioth\u00e9rapie du cancer, en phase d\u2019ach\u00e8vement. Tout cela montre que tous les d\u00e9partements minist\u00e9riels font des efforts dans la mise en \u0153uvre du programme pr\u00e9sidentiel. Le minist\u00e8re des Infrastructures n\u2019est qu\u2019un maillon de la cha\u00eene, mais pas un minist\u00e8re sp\u00e9cial.<\/p>\n<p><strong>S\u00a0: L\u2019on constate depuis quelques temps des inaugurations et lancement des travaux de constructions d\u2019infrastructures, tambour battant, n\u2019est-ce pas de la pr\u00e9campagne pour 2020\u00a0?<\/strong><br \/>E.B.\u00a0: Nous avons commenc\u00e9 les lancements en 2016 o\u00f9 nous \u00e9tions encore loin de la campagne. Nous avons poursuivi les inaugurations et les lancements en 2017, 2018, 2019 et nous allons continuer parce que c\u2019est le cycle normal du travail que nous faisons. Avec ou sans esprit de campagne, c\u2019est un travail ordinaire dans ce d\u00e9partement qui a toujours \u00e9t\u00e9 fait. On doit justement se r\u00e9jouir de ces lancements et inaugurations qui signifient que la pr\u00e9occupation en mati\u00e8re routi\u00e8re des Burkinab\u00e8 est prise en compte par ceux que le peuple a plac\u00e9s pour travailler \u00e0 cet effet. C\u2019est vraiment sans aucun calcul. Notre pr\u00e9occupation, c\u2019est d\u2019atteindre les objectifs qui nous ont \u00e9t\u00e9 assign\u00e9s.<\/p>\n<p><strong>S\u00a0: 2020 c\u2019est maintenant. Est-ce que le ministre Bougouma a foi que les \u00e9lections pr\u00e9sidentielle et l\u00e9gislatives se tiendront \u00e0 bonne date ?<\/strong><br \/>E.B.\u00a0: Nous sommes dans une r\u00e9publique avec ses r\u00e8gles et ses institutions, codifi\u00e9es par une Constitution. Tout se d\u00e9roule normalement et les \u00e9lections sont pr\u00e9vues cette ann\u00e9e. J\u2019ai foi qu\u2019elles se tiendront. Il n\u2019y a pas de raison qu\u2019elles ne se tiennent pas \u00e0 bonne date.<\/p>\n<p><strong>S\u00a0: Quelles sont les chances pour votre parti, le MPP, de rempiler pour un second mandat\u00a0?<\/strong><br \/>E.B.\u00a0: Nos chances sont meilleures qu\u2019en 2015, parce qu\u2019il y a cinq ans, nous avons \u00e9t\u00e9 \u00e9lus sur la base des promesses. En 2020, nous aurons, en plus des promesses, un bilan. Celui-ci est tr\u00e8s satisfaisant dans les domaines de pr\u00e9occupation majeure des populations, notamment l\u2019eau potable, l\u2019\u00e9ducation, la sant\u00e9 et bien d\u2019autres. C\u2019est vrai qu\u2019en mati\u00e8re de s\u00e9curit\u00e9, il y a des difficult\u00e9s, mais l\u2019ins\u00e9curit\u00e9 n\u2019est pas le fait du MPP. Bien au contraire. Il y a des politiciens qui disent que c\u2019est notre parti qui est incapable de faire face \u00e0 la situation, mais ils oublient de dire d\u2019o\u00f9 vient l\u2019ins\u00e9curit\u00e9. Pour moi, elle vient pr\u00e9cis\u00e9ment de ceux qui veulent emp\u00eacher le peuple d\u2019appr\u00e9cier les efforts in\u00e9dits faits par le gouvernement.<\/p>\n<p><strong>S\u00a0: A vous \u00e9couter, l\u2019\u00e9ventualit\u00e9 d\u2019un second tour n\u2019est pas envisageable\u00a0en 2020 ?<\/strong><br \/>E.B.\u00a0: Non\u00a0! Nous allons gagner au premier tour.<\/p>\n<p><strong>S\u00a0: Quelles sont vos propositions pour lutter efficacement contre le terrorisme\u00a0?<\/strong><br \/>E.B.\u00a0: Il faut rendre hommage aux Forces de d\u00e9fense et de s\u00e9curit\u00e9 (FDS), parce que la donne a chang\u00e9 sur le terrain. Il y a de plus en plus des \u00e9l\u00e9ments qui ont la volont\u00e9 de se battre, parce qu\u2019entre autres, leurs \u00e9quipements et leurs formations ont \u00e9t\u00e9 am\u00e9lior\u00e9s. Sur le terrain, la situation n\u2019est plus la m\u00eame qu\u2019il y a deux ou trois ans, m\u00eame si la recrudescence des attaques jamais \u00e9gal\u00e9e continue de causer des drames. En ce qui me concerne, je vous renvoie \u00e0 l\u2019appel du 7 novembre 2019 du pr\u00e9sident Roch Marc Christian Kabor\u00e9 qui a dit clairement que ces attaques sont des d\u00e9fis lanc\u00e9s au peuple burkinab\u00e8 et c\u2019est \u00e0 chacun, dans son village et dans son secteur, de s\u2019organiser pour faire en sorte que plus personne ne vienne impun\u00e9ment semer la mort et la d\u00e9solation et s\u2019en retourner comme si de rien n\u2019\u00e9tait. Cela, ajout\u00e9 aux efforts en mati\u00e8re de coop\u00e9ration sous r\u00e9gionale, r\u00e9gionale et internationale avec l\u2019ensemble des partenaires du Burkina Faso et du Sahel, devraient nous permettre de venir progressivement \u00e0 bout de ces attaques terroristes.<\/p>\n<p><strong>S\u00a0: Le panafricaniste K\u00e9mi S\u00e9ba a \u00e9t\u00e9 condamn\u00e9 \u00e0 deux mois de prison avec sursis et 200\u00a0000 F CFA d\u2019amende. Au regard du verdict, est-ce que le Burkina n\u2019a pas contribu\u00e9 \u00e0 donner \u00e0 ce Franco-S\u00e9n\u00e9galais une notori\u00e9t\u00e9\u00a0?<\/strong><br \/>E.B.\u00a0: Notre pays est un Etat de droit, qui est de plus en plus d\u00e9mocratique. Lorsqu\u2019une affaire comme celle que vous citez est trait\u00e9e de bout en bout par la justice, et aboutit \u00e0 un jugement contradictoire puis, \u00e0 une condamnation, le d\u00e9mocrate ou le citoyen doit s\u2019en f\u00e9liciter. Je ne pense pas que cela puisse contribuer \u00e0 rendre quelqu\u2019un plus populaire, parce que la notori\u00e9t\u00e9, ce n\u2019est pas faire le tour du monde, insulter qui on veut par des propos discourtois et une excitation intellectuelle inutile. Ce n\u2019est pas ainsi qu\u2019on fait progresser une cause, fut-elle juste.<\/p>\n<p><strong>S\u00a0: Les pays de l\u2019UEMOA sont cens\u00e9s passer du F CFA \u00e0 l\u2019ECO en 2020, mais le d\u00e9bat se pose au niveau de l\u2019arrimage de cette monnaie \u00e0 l\u2019Euro. Quel est votre point de vue\u00a0?<\/strong><br \/>E.B.\u00a0: Les questions mon\u00e9taires sont complexes. Toutes les monnaies flexibles des pays en d\u00e9veloppement sont toujours arrim\u00e9es \u00e0 d\u2019autres monnaies ou en g\u00e9n\u00e9ral \u00e0 un panier de plusieurs monnaies. La question de l\u2019ECO, si l\u2019on en juge sur la d\u00e9claration des chefs d\u2019Etat de la CEDEAO lors de leur dernier sommet, est une question qui conna\u00eet une avanc\u00e9e significative et qui est susceptible de donner une nouvelle identit\u00e9 mon\u00e9taire \u00e0 notre sous-r\u00e9gion. Au stade actuel, je ne peux qu\u2019esp\u00e9rer qu\u2019il y ait un calendrier objectif qui puisse permettre de r\u00e9unir l\u2019ensemble des crit\u00e8res indispensables \u00e0 la mise en \u0153uvre de cette nouvelle monnaie pour \u00e9viter que ce ne soit seulement un changement de nom. C\u2019est cela qui pr\u00e9occupe les acteurs. Je souhaite, pour le peu que je sais, que l\u2019on dissocie les aspects techniques des aspects sentimentaux parce que l\u2019opinion publique s\u2019agite souvent sur des questions qu\u2019elle ne ma\u00eetrise pas.<\/p>\n<p class=\"c1\"><strong>Interview r\u00e9alis\u00e9e par la R\u00e9daction<\/strong><\/p>\n<div class=\"td-a-rec td-a-rec-id-content_bottom tdi_31_531 td_block_template_1\"><img loading=\"lazy\" decoding=\"async\" class=\"aligncenter size-full wp-image-9623\" src=\"https:\/\/www.sidwaya.info\/wp-content\/uploads\/2019\/06\/Projet-bannie%CC%80re-Orange-mobile.jpg\" alt=\"\" width=\"728\" height=\"81\"\/><\/div>\n<p>Auteur: DD. Sidwaya<br \/>\n<a href=\"https:\/\/www.sidwaya.info\/blog\/2020\/01\/09\/elections-couplees-de-2020-les-chances-du-mpp-sont-meilleures-quen-2015-ministre-eric-bougouma\/\">Cliquez ici pour lire l&rsquo;article depuis sa source.<\/a><\/p>\n","protected":false},"excerpt":{"rendered":"<p>A la t\u00eate de l\u2019un des d\u00e9partements minist\u00e9riels qui bouge le plus, Eric Bougouma revient, sans tabou, sur la lenteur dans l\u2019ex\u00e9cution de certains travaux publics, les questions de corruption suppos\u00e9es dans son minist\u00e8re\u2026 L\u2019homme politique aborde \u00e9galement dans cette interview accord\u00e9e \u00e0 Sidwaya le 31 d\u00e9cembre 2019, les chances du Mouvement du peuple pour [&hellip;]<\/p>\n","protected":false},"author":1816,"featured_media":0,"comment_status":"closed","ping_status":"closed","sticky":false,"template":"","format":"standard","meta":{"fifu_image_url":"","fifu_image_alt":"","footnotes":""},"categories":[73,81],"tags":[],"class_list":["post-72612","post","type-post","status-publish","format-standard","hentry","category-actualite","category-burkina-faso"],"_links":{"self":[{"href":"https:\/\/linitiative.ca\/International\/wp-json\/wp\/v2\/posts\/72612","targetHints":{"allow":["GET"]}}],"collection":[{"href":"https:\/\/linitiative.ca\/International\/wp-json\/wp\/v2\/posts"}],"about":[{"href":"https:\/\/linitiative.ca\/International\/wp-json\/wp\/v2\/types\/post"}],"author":[{"embeddable":true,"href":"https:\/\/linitiative.ca\/International\/wp-json\/wp\/v2\/users\/1816"}],"replies":[{"embeddable":true,"href":"https:\/\/linitiative.ca\/International\/wp-json\/wp\/v2\/comments?post=72612"}],"version-history":[{"count":0,"href":"https:\/\/linitiative.ca\/International\/wp-json\/wp\/v2\/posts\/72612\/revisions"}],"wp:attachment":[{"href":"https:\/\/linitiative.ca\/International\/wp-json\/wp\/v2\/media?parent=72612"}],"wp:term":[{"taxonomy":"category","embeddable":true,"href":"https:\/\/linitiative.ca\/International\/wp-json\/wp\/v2\/categories?post=72612"},{"taxonomy":"post_tag","embeddable":true,"href":"https:\/\/linitiative.ca\/International\/wp-json\/wp\/v2\/tags?post=72612"}],"curies":[{"name":"wp","href":"https:\/\/api.w.org\/{rel}","templated":true}]}}