{"id":72615,"date":"2020-01-09T15:18:04","date_gmt":"2020-01-09T20:18:04","guid":{"rendered":"https:\/\/linitiative.ca\/International\/les-populations-autour-de-laeroport-dabidjan-seront-deguerpies-ministre\/"},"modified":"2020-01-09T15:18:04","modified_gmt":"2020-01-09T20:18:04","slug":"les-populations-autour-de-laeroport-dabidjan-seront-deguerpies-ministre","status":"publish","type":"post","link":"https:\/\/linitiative.ca\/International\/les-populations-autour-de-laeroport-dabidjan-seront-deguerpies-ministre\/","title":{"rendered":"Les populations autour de l\u2019a\u00e9roport d\u2019Abidjan seront d\u00e9guerpies (Ministre)"},"content":{"rendered":"<div readability=\"32\">\n<p>Publi\u00e9 le 09.01.2020 \u00e0 21h18 par APA News<\/p>\n<\/div>\n<div readability=\"110\">\n<p>Vingt-quatre heures apr\u00e8s la d\u00e9couverte \u00e0 Paris du corps sans vie d\u2019un adolescent dans le train d\u2019atterrissage d\u2019un avion de Air-France venant d\u2019Abidjan, Amadou Kon\u00e9 le ministre ivoirien des Transports a annonc\u00e9 mercredi, le renforcement des mesures s\u00e9curitaires \u00e0 l\u2019a\u00e9roport d\u2019Abidjan et le d\u00e9guerpissement des populations autour de la zone a\u00e9roportuaire.\u00ab Nous avons \u00e0 la suite des discussions mis en place un dispositif de vigilance accru au niveau de l\u2019a\u00e9roport. Mais un certain nombre de dispositions ont \u00e9t\u00e9 prises pour faire en sorte qu\u2019il y ait le plus de s\u00e9curit\u00e9. Il y a des travaux \u00e0 r\u00e9aliser encore au niveau des cl\u00f4tures de l\u2019a\u00e9roport d\u2019Abidjan. A c\u00f4t\u00e9 de cela nous avons d\u00e9cid\u00e9 de proc\u00e9der le plus rapidement possible au d\u00e9guerpissement des populations autour de la zone a\u00e9roportuaire\u00bb, a annonc\u00e9 M. Kon\u00e9 apr\u00e8s une visite \u00e0 l\u2019a\u00e9roport d\u2019Abidjan o\u00f9 il est all\u00e9 s\u2019enqu\u00e9rir des circonstances de ce drame.<\/p>\n<p>Selon les images des cam\u00e9ras de surveillance que nous avons visionn\u00e9es, ce n\u2019est pas possible que ce soit un enfant de 10 ans, a pr\u00e9cis\u00e9 le ministre Kon\u00e9, ajoutant que \u00ab ce sont des images qui ne nous permettent pas aujourd\u2019hui de proc\u00e9der \u00e0 une reconnaissance faciale \u00bb.<\/p>\n<p>\u00abLes enqu\u00eates qui sont men\u00e9es notamment en France, nous permettront tr\u00e8s rapidement dans le cadre de la coop\u00e9ration judiciaire, d\u2019identifier l\u2019individu et de mieux comprendre ses motivations \u00bb-a-t-il expliqu\u00e9, ajoutant que \u00ab donc les enqu\u00eates continuent\u00bb.<\/p>\n<p>Le ministre des Transports a en outre indiqu\u00e9 que d\u2019autres mesures s\u00e9curitaires seront annonc\u00e9es ult\u00e9rieurement. Poursuivant, il a insist\u00e9 que ce qui s\u2019est pass\u00e9 \u00ab n\u2019est pas une menace de s\u00e9curit\u00e9 et de s\u00fbret\u00e9\u00bb, assurant que l\u2019a\u00e9roport d\u2019Abidjan est class\u00e9 parmi \u00ab les plus s\u00fbrs\u00bb du continent africain.<\/p>\n<p>Revenant sur les circonstances de ce drame, M. Kon\u00e9 a fait savoir que selon les investigations, \u00a0le \u00abpassager clandestin \u00bb n\u2019a pas eu acc\u00e8s \u00e0 l\u2019avion en passant par des \u00ab voies normales \u00bb de l\u2019a\u00e9roport.<\/p>\n<p>\u00a0Selon lui, l\u2019individu a eu acc\u00e8s \u00e0 l\u2019espace a\u00e9roportuaire en escaladant la cl\u00f4ture autour de l\u2019a\u00e9roport. \u00abQuelques heures avant le d\u00e9collage de l\u2019avion, autour de 19h40 il avait \u00e9t\u00e9 signal\u00e9 \u00e0 la tour de contr\u00f4le \u00a0par le personnel navigant de Air C\u00f4te d\u2019Ivoire qu\u2019un individu serait non loin de la piste d\u2019atterrissage \u00bb, a r\u00e9v\u00e9l\u00e9 Amadou Kon\u00e9.<\/p>\n<p>\u00a0\u00ab Des sapeurs-pompiers et des gendarmes ont \u00e9t\u00e9 envoy\u00e9s sur le lieu o\u00f9 l\u2019individu a \u00e9t\u00e9 rep\u00e9r\u00e9 et cette fouille n\u2019a rien donn\u00e9. \u00a0En observant de pr\u00e8s les images fournies par les cam\u00e9ras, les membres de la commission (d\u2019enqu\u00eate) ont pu d\u00e9couvrir un individu qui a couru et \u00a0qui s\u2019est accroch\u00e9 au train d\u2019atterrissage alors que l\u2019avion \u00e9tait pr\u00eat \u00e0 d\u00e9coller\u00bb, a expliqu\u00e9 le ministre.<\/p>\n<p>\u00ab Les motivations de l\u2019individu ne sont encore connues. Est-ce que c\u2019\u00e9tait pour \u00e9migrer ? Est-ce que c\u2019\u00e9tait pour se suicider ? Est-ce qu\u2019il y a des complicit\u00e9s?\u00bb, s\u2019est interrog\u00e9 le ministre soulignant que les investigations continuent.<\/p>\n<p>Il a \u00e9galement fait savoir qu\u2019un sac contenant des v\u00eatements a \u00e9t\u00e9 retrouv\u00e9 non loin de l\u2019endroit o\u00f9 l\u2019individu s\u2019est accroch\u00e9 au train d\u2019atterrissage de l\u2019avion affirmant cependant qu\u2019il est \u00ab trop t\u00f4t \u00bb de dire que ces effets personnels appartiennent \u00e0 ce \u00ab passager clandestin \u00bb.<\/p>\n<p>\u00ab En 2018, il y a eu 94 cas d\u2019intrusion dans les trains d\u2019atterrissage des avions recens\u00e9s \u00e0 travers le monde dont une trentaine sur le continent am\u00e9ricain \u00bb, a fait remarquer M. Kon\u00e9 pour qui ce drame \u00ab n\u2019est pas une menace de s\u00e9curit\u00e9 \u00bb pour l\u2019a\u00e9roport d\u2019Abidjan \u00ab qui \u00a0a pass\u00e9 toutes les certifications avec succ\u00e8s \u00bb.<\/p>\n<p>\u00a0Les services de piste de la compagnie Air France ont d\u00e9couvert mercredi \u00e0 Paris dans le puits du train d\u2019atterrissage du vol AF703 en provenance d\u2019Abidjan, le corps sans vie d\u2019un \u00ab passager clandestin\u00bb.<\/p>\n<p>En plus de l\u2019enqu\u00eate ouverte par la compagnie a\u00e9rienne, une commission d\u2019investigation a \u00e9t\u00e9 mise en place par les autorit\u00e9s ivoiriennes pour savoir les circonstances de ce drame.<\/p>\n<p>Le ministre ivoirien des Transports a \u00e9galement saisi le procureur de la R\u00e9publique d\u2019une plainte contre X pour \u00ab violations graves des dispositions de s\u00e9curit\u00e9 a\u00e9roportuaires et mise en \u00a0danger de la vie d\u2019autrui \u00bb.<\/p>\n<\/div>\n<p>Auteur: APA News<br \/>\n<a href=\"https:\/\/www.journalducameroun.com\/les-populations-autour-de-laeroport-dabidjan-seront-deguerpies-ministre\/\">Cliquez ici pour lire l&rsquo;article depuis sa source.<\/a><\/p>\n","protected":false},"excerpt":{"rendered":"<p>Publi\u00e9 le 09.01.2020 \u00e0 21h18 par APA News Vingt-quatre heures apr\u00e8s la d\u00e9couverte \u00e0 Paris du corps sans vie d\u2019un adolescent dans le train d\u2019atterrissage d\u2019un avion de Air-France venant d\u2019Abidjan, Amadou Kon\u00e9 le ministre ivoirien des Transports a annonc\u00e9 mercredi, le renforcement des mesures s\u00e9curitaires \u00e0 l\u2019a\u00e9roport d\u2019Abidjan et le d\u00e9guerpissement des populations autour [&hellip;]<\/p>\n","protected":false},"author":1965,"featured_media":0,"comment_status":"closed","ping_status":"closed","sticky":false,"template":"","format":"standard","meta":{"fifu_image_url":"","fifu_image_alt":"","footnotes":""},"categories":[73,82],"tags":[],"class_list":["post-72615","post","type-post","status-publish","format-standard","hentry","category-actualite","category-cameroun"],"_links":{"self":[{"href":"https:\/\/linitiative.ca\/International\/wp-json\/wp\/v2\/posts\/72615","targetHints":{"allow":["GET"]}}],"collection":[{"href":"https:\/\/linitiative.ca\/International\/wp-json\/wp\/v2\/posts"}],"about":[{"href":"https:\/\/linitiative.ca\/International\/wp-json\/wp\/v2\/types\/post"}],"author":[{"embeddable":true,"href":"https:\/\/linitiative.ca\/International\/wp-json\/wp\/v2\/users\/1965"}],"replies":[{"embeddable":true,"href":"https:\/\/linitiative.ca\/International\/wp-json\/wp\/v2\/comments?post=72615"}],"version-history":[{"count":0,"href":"https:\/\/linitiative.ca\/International\/wp-json\/wp\/v2\/posts\/72615\/revisions"}],"wp:attachment":[{"href":"https:\/\/linitiative.ca\/International\/wp-json\/wp\/v2\/media?parent=72615"}],"wp:term":[{"taxonomy":"category","embeddable":true,"href":"https:\/\/linitiative.ca\/International\/wp-json\/wp\/v2\/categories?post=72615"},{"taxonomy":"post_tag","embeddable":true,"href":"https:\/\/linitiative.ca\/International\/wp-json\/wp\/v2\/tags?post=72615"}],"curies":[{"name":"wp","href":"https:\/\/api.w.org\/{rel}","templated":true}]}}