{"id":72616,"date":"2020-01-09T15:50:02","date_gmt":"2020-01-09T20:50:02","guid":{"rendered":"https:\/\/linitiative.ca\/International\/maroc-les-defenseurs-des-droits-humains-denoncent-la-repression-des-reseaux-sociaux\/"},"modified":"2020-01-09T15:50:02","modified_gmt":"2020-01-09T20:50:02","slug":"maroc-les-defenseurs-des-droits-humains-denoncent-la-repression-des-reseaux-sociaux","status":"publish","type":"post","link":"https:\/\/linitiative.ca\/International\/maroc-les-defenseurs-des-droits-humains-denoncent-la-repression-des-reseaux-sociaux\/","title":{"rendered":"Maroc: les d\u00e9fenseurs des droits humains d\u00e9noncent la \u00ab\u00a0r\u00e9pression\u00a0\u00bb des r\u00e9seaux sociaux"},"content":{"rendered":"<div readability=\"32\">\n<p>Publi\u00e9 le 09.01.2020 \u00e0 21h50 par AFP<\/p>\n<\/div>\n<div readability=\"106\">\n<p>Un groupe de d\u00e9fenseurs des droits humains marocain a d\u00e9nonc\u00e9 jeudi \u00ab\u00a0une campagne de r\u00e9pression\u00a0\u00bb visant des utilisateurs des r\u00e9seaux sociaux, en listant une douzaine de condamnations ces deux derniers mois contre des publications sur Youtube, Facebook ou Twitter.<\/p>\n<p>Des dizaines de manifestants ont tenu un sit-in de solidarit\u00e9 avec les d\u00e9tenus devant le Parlement \u00e0 Rabat \u00e0 l\u2019appel de ce groupe. Brandissant des pancartes avec des photos, ils ont r\u00e9clam\u00e9 \u00ab\u00a0la libert\u00e9 imm\u00e9diate\u00a0\u00bb pour tous les d\u00e9tenus, d\u00e9non\u00e7ant \u00ab\u00a0un \u00e9tat policier\u00a0\u00bb.<\/p>\n<p>Les condamnations concernent des vid\u00e9os ou des messages d\u00e9non\u00e7ant la situation sociale, la pauvret\u00e9 et la corruption au Maroc, avec des critiques virulentes ou des insultes visant le roi ou les autorit\u00e9s.<\/p>\n<p>Le groupe de soutien a pr\u00e9sent\u00e9 jeudi une liste des condamnations avec des peines de prison ferme allant de six mois \u00e0 quatre ans notamment pour \u00ab\u00a0offense au roi\u00a0\u00bb, \u00ab\u00a0offense aux institutions constitutionnelles\u00a0\u00bb, outrage \u00e0 fonctionnaire public ou au drapeau national ou encore \u00ab\u00a0incitation \u00e0 la haine\u00a0\u00bb.<\/p>\n<p>La campagne en cours \u00ab\u00a0vise \u00e0 terroriser les usagers des r\u00e9seaux sociaux\u00a0\u00bb, a estim\u00e9 le \u00ab\u00a0Comit\u00e9 de soutien au journaliste Omar Radi et \u00e0 tous les prisonniers d\u2019opinion\u00a0\u00bb, dans une d\u00e9claration lue au cours d\u2019une conf\u00e9rence de presse \u00e0 Rabat.<\/p>\n<p>Pour les m\u00e9dias proches du pouvoir, il s\u2019agit cependant d\u2019une r\u00e9action l\u00e9gale \u00ab\u00a0justifi\u00e9e\u00a0\u00bb vis-\u00e0-vis de tous ceux qui s\u2019\u00e9panchent sur les r\u00e9seaux sociaux avec \u00ab\u00a0des injures\u00a0\u00bb ou \u00ab\u00a0des propos diffamatoires\u00a0\u00bb inacceptables.<\/p>\n<p>\u00ab\u00a0La loi sera appliqu\u00e9e pour toute publication sur internet portant atteinte \u00e0 la dignit\u00e9 des personnes et \u00e0 la r\u00e9putation des institutions publiques\u00a0\u00bb, avertit ainsi une \u00ab\u00a0source officielle\u00a0\u00bb non identifi\u00e9e cit\u00e9e par le site Kifach.<\/p>\n<p>Selon le comit\u00e9, l\u2019objectif est en r\u00e9alit\u00e9 de museler la libert\u00e9 d\u2019expression sur internet, alors que les nouveaux m\u00e9dias ont ouvert un espace aux voix ind\u00e9pendantes dans un pays o\u00f9 les m\u00e9dias sont \u00e9troitement contr\u00f4l\u00e9s.<\/p>\n<p>Le comit\u00e9 voit l\u00e0 \u00ab\u00a0une vengeance et un r\u00e8glement de compte avec ceux qui sont en d\u00e9saccord avec l\u2019Etat, critiquent ses politiques ou expriment leur col\u00e8re\u00a0\u00bb.<\/p>\n<p>Le cas de l\u2019activiste Abdelali Bahmad, dont le proc\u00e8s pour outrage au drapeau national reprend jeudi \u00e0 Khenifra (centre), \u00ab\u00a0en est l\u2019exemple\u00a0\u00bb, selon la c\u00e9l\u00e8bre militante Khadija Ryadi, membre du comit\u00e9.<\/p>\n<p>Cet activiste de 35 ans est poursuivi pour avoir \u00e9crit fin octobre sur Facebook qu\u2019il \u00ab\u00a0n\u2019avait pas les moyens d\u2019acheter des allumettes pour br\u00fbler le drapeau marocain alors qu\u2019il a faim\u00a0\u00bb, selon le comit\u00e9.<\/p>\n<p>Ce comit\u00e9 a \u00e9t\u00e9 cr\u00e9\u00e9 fin d\u00e9cembre au moment de l\u2019arrestation d\u2019Omar Radi, un journaliste et militant des droits humains de 33 ans, poursuivi pour \u00ab\u00a0outrage \u00e0 magistrat\u00a0\u00bb pour un message sur Twitter. Son proc\u00e8s s\u2019ouvre en mars.<\/p>\n<p>Une campagne #freekoulchi (\u00ab\u00a0lib\u00e9rez-les tous\u00a0\u00bb) a r\u00e9cemment \u00e9t\u00e9 lanc\u00e9e sur Twitter pour d\u00e9noncer la s\u00e9rie de condamnations, dont celle d\u2019un lyc\u00e9en de 18 ans condamn\u00e9 \u00e0 trois ans de prison ferme pour avoir publi\u00e9 sur Facebook une phrase d\u2019un titre de rap \u00ab\u00a0Vive le Peuple\u00a0\u00bb jug\u00e9 offensant par les autorit\u00e9s.<\/p>\n<\/div>\n<p>Auteur: AFP<br \/>\n<a href=\"https:\/\/www.journalducameroun.com\/maroc-les-defenseurs-des-droits-humains-denoncent-la-repression-des-reseaux-sociaux\/\">Cliquez ici pour lire l&rsquo;article depuis sa source.<\/a><\/p>\n","protected":false},"excerpt":{"rendered":"<p>Publi\u00e9 le 09.01.2020 \u00e0 21h50 par AFP Un groupe de d\u00e9fenseurs des droits humains marocain a d\u00e9nonc\u00e9 jeudi \u00ab\u00a0une campagne de r\u00e9pression\u00a0\u00bb visant des utilisateurs des r\u00e9seaux sociaux, en listant une douzaine de condamnations ces deux derniers mois contre des publications sur Youtube, Facebook ou Twitter. Des dizaines de manifestants ont tenu un sit-in de [&hellip;]<\/p>\n","protected":false},"author":1965,"featured_media":0,"comment_status":"closed","ping_status":"closed","sticky":false,"template":"","format":"standard","meta":{"fifu_image_url":"","fifu_image_alt":"","footnotes":""},"categories":[73,82],"tags":[],"class_list":["post-72616","post","type-post","status-publish","format-standard","hentry","category-actualite","category-cameroun"],"_links":{"self":[{"href":"https:\/\/linitiative.ca\/International\/wp-json\/wp\/v2\/posts\/72616","targetHints":{"allow":["GET"]}}],"collection":[{"href":"https:\/\/linitiative.ca\/International\/wp-json\/wp\/v2\/posts"}],"about":[{"href":"https:\/\/linitiative.ca\/International\/wp-json\/wp\/v2\/types\/post"}],"author":[{"embeddable":true,"href":"https:\/\/linitiative.ca\/International\/wp-json\/wp\/v2\/users\/1965"}],"replies":[{"embeddable":true,"href":"https:\/\/linitiative.ca\/International\/wp-json\/wp\/v2\/comments?post=72616"}],"version-history":[{"count":0,"href":"https:\/\/linitiative.ca\/International\/wp-json\/wp\/v2\/posts\/72616\/revisions"}],"wp:attachment":[{"href":"https:\/\/linitiative.ca\/International\/wp-json\/wp\/v2\/media?parent=72616"}],"wp:term":[{"taxonomy":"category","embeddable":true,"href":"https:\/\/linitiative.ca\/International\/wp-json\/wp\/v2\/categories?post=72616"},{"taxonomy":"post_tag","embeddable":true,"href":"https:\/\/linitiative.ca\/International\/wp-json\/wp\/v2\/tags?post=72616"}],"curies":[{"name":"wp","href":"https:\/\/api.w.org\/{rel}","templated":true}]}}