{"id":72617,"date":"2020-01-09T15:50:06","date_gmt":"2020-01-09T20:50:06","guid":{"rendered":"https:\/\/linitiative.ca\/International\/rdc-un-avion-militaire-rate-son-atterrissage-a-goma-pas-de-victime\/"},"modified":"2020-01-09T15:50:06","modified_gmt":"2020-01-09T20:50:06","slug":"rdc-un-avion-militaire-rate-son-atterrissage-a-goma-pas-de-victime","status":"publish","type":"post","link":"https:\/\/linitiative.ca\/International\/rdc-un-avion-militaire-rate-son-atterrissage-a-goma-pas-de-victime\/","title":{"rendered":"RDC: un avion militaire rate son atterrissage \u00e0 Goma, pas de victime"},"content":{"rendered":"<div readability=\"32\">\n<p>Publi\u00e9 le 09.01.2020 \u00e0 21h50 par AFP<\/p>\n<\/div>\n<div readability=\"91\">\n<p>Un avion militaire sud-africain, avec plus de 60 personnes \u00e0 bord, a rat\u00e9 son atterrissage jeudi \u00e0 l\u2019a\u00e9roport de Goma, dans l\u2019est de la R\u00e9publique d\u00e9mocratique du Congo, sans faire de victime, a-t-on appris aupr\u00e8s des Nations unies pr\u00e9sentes dans la r\u00e9gion.<\/p>\n<p>\u00ab\u00a0Le r\u00e9acteur gauche a pris feu \u00e0 l\u2019atterrissage. Des pompiers de la Mission des Nations unies au Congo (Monusco) sont intervenus\u00a0\u00bb, a indiqu\u00e9 la Monusco.<\/p>\n<p>\u00ab\u00a0Il y avait \u00e0 bord huit membres d\u2019\u00e9quipage et 59 passagers. Tout le monde a \u00e9t\u00e9 \u00e9vacu\u00e9 sain et sauf. Aucune blessure majeure \u00e0 d\u00e9plorer. La piste de l\u2019a\u00e9roport a \u00e9t\u00e9 rouverte\u00a0\u00bb.<\/p>\n<p>Il s\u2019agit d\u2019un C-130 Hercules de soutien logistique au contingent des Casques bleus sud-africains pr\u00e9sents dans la r\u00e9gion de Beni, dans la province du Nord-Kivu.<\/p>\n<p>L\u2019avion arrivait de Beni, ville situ\u00e9e \u00e0 350 km au nord de Goma.<\/p>\n<p>Dans un communiqu\u00e9, l\u2019arm\u00e9e sud-africaine a annonc\u00e9 l\u2019ouverture d\u2019une enqu\u00eate sur les circonstances de l\u2019accident.<\/p>\n<p>La ministre sud-africaine de la D\u00e9fense a exprim\u00e9 dans un communiqu\u00e9 \u00ab\u00a0sa gratitude\u00a0\u00bb \u00e0 l\u2019\u00e9quipage pour \u00ab\u00a0son expertise et son professionnalisme\u00a0\u00bb qui ont \u00e9pargn\u00e9 des vies humaines.<\/p>\n<p>L\u2019incident a touch\u00e9 des \u00ab\u00a0femmes et des hommes des forces de d\u00e9fense sud-africaine qui servent en RDC\u00a0\u00bb, a ajout\u00e9 la ministre, Mme Nosiviwe Mapisa-Nqakula.<\/p>\n<p>Dans la r\u00e9gion de Beni, le contingent sud-africain int\u00e8gre une Force d\u2019intervention rapide au sein des Casques bleus avec deux autres pays d\u2019Afrique australe, le Malawi et la Tanzanie.<\/p>\n<p>Les Casques bleus pr\u00e9sents \u00e0 Beni ont \u00e9t\u00e9 accus\u00e9s fin novembre par des manifestants d\u2019impuissance et d\u2019inaction face aux massacres des civils attribu\u00e9s au groupe des Forces d\u00e9mocratiques alli\u00e9s (ADF).<\/p>\n<p>Le 24 novembre \u00e0 Goma, au moins 29 personnes sont mortes dans l\u2019accident d\u2019un petit avion de ligne, qui s\u2019est \u00e9cras\u00e9 deux minutes apr\u00e8s son d\u00e9collage sur deux maisons d\u2019un quartier populaire.<\/p>\n<p>L\u2019accident avait tu\u00e9 18 des 19 personnes \u00e0 bord de l\u2019avion de la compagnie Busy Bee, et d\u2019autres personnes au sol, d\u2019apr\u00e8s le bilan du gouvernement provincial de la province du Nord-Kivu.<\/p>\n<p>L\u2019avion devait assurer une rotation vers Beni et Butembo.<\/p>\n<p>La province montagneuse du Nord Kivu est un foyer d\u2019ins\u00e9curit\u00e9 et d\u2019instabilit\u00e9, avec de nombreux groupes arm\u00e9s en activit\u00e9.<\/p>\n<\/div>\n<p>Auteur: AFP<br \/>\n<a href=\"https:\/\/www.journalducameroun.com\/rdc-un-avion-militaire-rate-son-atterrissage-a-goma-pas-de-victime\/\">Cliquez ici pour lire l&rsquo;article depuis sa source.<\/a><\/p>\n","protected":false},"excerpt":{"rendered":"<p>Publi\u00e9 le 09.01.2020 \u00e0 21h50 par AFP Un avion militaire sud-africain, avec plus de 60 personnes \u00e0 bord, a rat\u00e9 son atterrissage jeudi \u00e0 l\u2019a\u00e9roport de Goma, dans l\u2019est de la R\u00e9publique d\u00e9mocratique du Congo, sans faire de victime, a-t-on appris aupr\u00e8s des Nations unies pr\u00e9sentes dans la r\u00e9gion. \u00ab\u00a0Le r\u00e9acteur gauche a pris feu [&hellip;]<\/p>\n","protected":false},"author":1965,"featured_media":0,"comment_status":"closed","ping_status":"closed","sticky":false,"template":"","format":"standard","meta":{"fifu_image_url":"","fifu_image_alt":"","footnotes":""},"categories":[73,82],"tags":[],"class_list":["post-72617","post","type-post","status-publish","format-standard","hentry","category-actualite","category-cameroun"],"_links":{"self":[{"href":"https:\/\/linitiative.ca\/International\/wp-json\/wp\/v2\/posts\/72617","targetHints":{"allow":["GET"]}}],"collection":[{"href":"https:\/\/linitiative.ca\/International\/wp-json\/wp\/v2\/posts"}],"about":[{"href":"https:\/\/linitiative.ca\/International\/wp-json\/wp\/v2\/types\/post"}],"author":[{"embeddable":true,"href":"https:\/\/linitiative.ca\/International\/wp-json\/wp\/v2\/users\/1965"}],"replies":[{"embeddable":true,"href":"https:\/\/linitiative.ca\/International\/wp-json\/wp\/v2\/comments?post=72617"}],"version-history":[{"count":0,"href":"https:\/\/linitiative.ca\/International\/wp-json\/wp\/v2\/posts\/72617\/revisions"}],"wp:attachment":[{"href":"https:\/\/linitiative.ca\/International\/wp-json\/wp\/v2\/media?parent=72617"}],"wp:term":[{"taxonomy":"category","embeddable":true,"href":"https:\/\/linitiative.ca\/International\/wp-json\/wp\/v2\/categories?post=72617"},{"taxonomy":"post_tag","embeddable":true,"href":"https:\/\/linitiative.ca\/International\/wp-json\/wp\/v2\/tags?post=72617"}],"curies":[{"name":"wp","href":"https:\/\/api.w.org\/{rel}","templated":true}]}}