{"id":72619,"date":"2020-01-09T17:50:03","date_gmt":"2020-01-09T22:50:03","guid":{"rendered":"https:\/\/linitiative.ca\/International\/proces-en-destitution-de-trump-la-chef-des-democrates-fait-durer-lattente\/"},"modified":"2020-01-09T17:50:03","modified_gmt":"2020-01-09T22:50:03","slug":"proces-en-destitution-de-trump-la-chef-des-democrates-fait-durer-lattente","status":"publish","type":"post","link":"https:\/\/linitiative.ca\/International\/proces-en-destitution-de-trump-la-chef-des-democrates-fait-durer-lattente\/","title":{"rendered":"Proc\u00e8s en destitution de Trump: la chef des d\u00e9mocrates fait durer l\u2019attente"},"content":{"rendered":"<div readability=\"32\">\n<p>Publi\u00e9 le 09.01.2020 \u00e0 23h50 par AFP<\/p>\n<\/div>\n<div readability=\"105\">\n<p>Malgr\u00e9 la pression croissante au sein de ses rangs, la chef des d\u00e9mocrates au Congr\u00e8s am\u00e9ricain, Nancy Pelosi, a affirm\u00e9 jeudi qu\u2019elle n\u2019enverrait au S\u00e9nat l\u2019acte d\u2019accusation de Donald Trump, essentiel pour l\u2019ouverture de son proc\u00e8s en destitution, que lorsqu\u2019elle serait \u00ab\u00a0pr\u00eate\u00a0\u00bb, probablement \u00ab\u00a0bient\u00f4t\u00a0\u00bb.<\/p>\n<p>\u00ab\u00a0C\u2019est la plus grande mascarade men\u00e9e contre le gouvernement des Etats-Unis\u00a0\u00bb, a r\u00e9agi depuis la Maison Blanche Donald Trump, qui clame son innocence depuis les d\u00e9buts de l\u2019affaire ukrainienne.<\/p>\n<p>R\u00e9publicains et d\u00e9mocrates sont engag\u00e9s dans un bras de fer depuis la mise en accusation, vot\u00e9e fin d\u00e9cembre par la majorit\u00e9 d\u00e9mocrate de la Chambre des repr\u00e9sentants, du pr\u00e9sident am\u00e9ricain pour \u00ab\u00a0abus de pouvoir\u00a0\u00bb et \u00ab\u00a0entrave \u00e0 la bonne marche du Congr\u00e8s\u00a0\u00bb.<\/p>\n<p>Les d\u00e9mocrates l\u2019accusent d\u2019avoir abus\u00e9 de son pouvoir en demandant \u00e0 l\u2019Ukraine d\u2019enqu\u00eater sur Joe Biden, un rival potentiel \u00e0 la pr\u00e9sidentielle de novembre.<\/p>\n<p>Un proc\u00e8s en destitution doit d\u00e9sormais \u00eatre organis\u00e9 au S\u00e9nat, o\u00f9 les r\u00e9publicains sont majoritaires. Compte tenu du grand soutien dont il dispose dans ses rangs, Donald Trump devrait \u00eatre acquitt\u00e9.<\/p>\n<p>Mais Nancy Pelosi, pr\u00e9sidente de la Chambre, refuse de transmettre l\u2019acte d\u2019accusation au S\u00e9nat tant que les r\u00e9publicains n\u2019auront pas \u00e9nonc\u00e9 de cadre \u00ab\u00a0juste\u00a0\u00bb pour la tenue de ce proc\u00e8s, notamment en se mettant d\u2019accord avant son ouverture sur les t\u00e9moins qui seront convoqu\u00e9s.<\/p>\n<p>Le chef de la majorit\u00e9 r\u00e9publicaine au S\u00e9nat, Mitch McConnell, l\u2019accuse d\u2019\u00eatre \u00ab\u00a0hypocrite\u00a0\u00bb car elle retarde une proc\u00e9dure dont les d\u00e9mocrates ont proclam\u00e9 qu\u2019elle \u00e9tait urgente. Il affirme que les t\u00e9moins pourront \u00eatre choisis ult\u00e9rieurement.<\/p>\n<p>Alors que plusieurs \u00e9lus d\u00e9mocrates commen\u00e7aient jeudi \u00e0 s\u2019impatienter publiquement, Nancy Pelosi a d\u00e9clar\u00e9 qu\u2019elle finirait par transmettre l\u2019acte d\u2019accusation:<\/p>\n<p>\u00ab\u00a0Je ne vais pas le retenir ind\u00e9finiment. Je l\u2019enverrai quand je serai pr\u00eate et cela sera probablement bient\u00f4t\u00a0\u00bb, a-t-elle lanc\u00e9 en conf\u00e9rence de presse.<\/p>\n<p>Les d\u00e9mocrates r\u00e9clament notamment d\u2019entendre au S\u00e9nat l\u2019ancien conseiller de Donald Trump \u00e0 la s\u00e9curit\u00e9 nationale, John Bolton.<\/p>\n<p>Lors de leur enqu\u00eate \u00e0 la Chambre, ils avaient renonc\u00e9 \u00e0 l\u2019interroger face \u00e0 la perspective d\u2019une longue bataille juridique, car la Maison Blanche avait interdit \u00e0 plusieurs conseillers du pr\u00e9sident de t\u00e9moigner.<\/p>\n<p>Mais John Bolton a fait savoir lundi qu\u2019il accepterait d\u00e9sormais de t\u00e9moigner s\u2019il recevait une injonction formelle du S\u00e9nat.<\/p>\n<p>Donald Trump l\u2019en emp\u00eacherait-il? \u00ab\u00a0Non. Mais je devrais demander aux avocats car (\u2026) nous devons prot\u00e9ger les pr\u00e9rogatives pr\u00e9sidentielles pour moi mais (aussi) les prochains pr\u00e9sidents\u00a0\u00bb, a r\u00e9agi le milliardaire jeudi.<\/p>\n<p>\u00ab\u00a0On ne peut pas permettre \u00e0 des conseillers en s\u00e9curit\u00e9 nationale d\u2019aller dire ce qu\u2019ils veulent\u00a0\u00bb.<\/p>\n<\/div>\n<p>Auteur: AFP<br \/>\n<a href=\"https:\/\/www.journalducameroun.com\/proces-en-destitution-de-trump-la-chef-des-democrates-fait-durer-lattente\/\">Cliquez ici pour lire l&rsquo;article depuis sa source.<\/a><\/p>\n","protected":false},"excerpt":{"rendered":"<p>Publi\u00e9 le 09.01.2020 \u00e0 23h50 par AFP Malgr\u00e9 la pression croissante au sein de ses rangs, la chef des d\u00e9mocrates au Congr\u00e8s am\u00e9ricain, Nancy Pelosi, a affirm\u00e9 jeudi qu\u2019elle n\u2019enverrait au S\u00e9nat l\u2019acte d\u2019accusation de Donald Trump, essentiel pour l\u2019ouverture de son proc\u00e8s en destitution, que lorsqu\u2019elle serait \u00ab\u00a0pr\u00eate\u00a0\u00bb, probablement \u00ab\u00a0bient\u00f4t\u00a0\u00bb. \u00ab\u00a0C\u2019est la plus grande [&hellip;]<\/p>\n","protected":false},"author":1965,"featured_media":0,"comment_status":"closed","ping_status":"closed","sticky":false,"template":"","format":"standard","meta":{"fifu_image_url":"","fifu_image_alt":"","footnotes":""},"categories":[73,82],"tags":[],"class_list":["post-72619","post","type-post","status-publish","format-standard","hentry","category-actualite","category-cameroun"],"_links":{"self":[{"href":"https:\/\/linitiative.ca\/International\/wp-json\/wp\/v2\/posts\/72619","targetHints":{"allow":["GET"]}}],"collection":[{"href":"https:\/\/linitiative.ca\/International\/wp-json\/wp\/v2\/posts"}],"about":[{"href":"https:\/\/linitiative.ca\/International\/wp-json\/wp\/v2\/types\/post"}],"author":[{"embeddable":true,"href":"https:\/\/linitiative.ca\/International\/wp-json\/wp\/v2\/users\/1965"}],"replies":[{"embeddable":true,"href":"https:\/\/linitiative.ca\/International\/wp-json\/wp\/v2\/comments?post=72619"}],"version-history":[{"count":0,"href":"https:\/\/linitiative.ca\/International\/wp-json\/wp\/v2\/posts\/72619\/revisions"}],"wp:attachment":[{"href":"https:\/\/linitiative.ca\/International\/wp-json\/wp\/v2\/media?parent=72619"}],"wp:term":[{"taxonomy":"category","embeddable":true,"href":"https:\/\/linitiative.ca\/International\/wp-json\/wp\/v2\/categories?post=72619"},{"taxonomy":"post_tag","embeddable":true,"href":"https:\/\/linitiative.ca\/International\/wp-json\/wp\/v2\/tags?post=72619"}],"curies":[{"name":"wp","href":"https:\/\/api.w.org\/{rel}","templated":true}]}}