{"id":72621,"date":"2020-01-09T09:10:33","date_gmt":"2020-01-09T14:10:33","guid":{"rendered":"https:\/\/linitiative.ca\/International\/la-candidature-de-theophile-moulong-a-la-presidence-de-la-fanaf-soutenue-par-le-gouvernement\/"},"modified":"2020-01-09T09:10:33","modified_gmt":"2020-01-09T14:10:33","slug":"la-candidature-de-theophile-moulong-a-la-presidence-de-la-fanaf-soutenue-par-le-gouvernement","status":"publish","type":"post","link":"https:\/\/linitiative.ca\/International\/la-candidature-de-theophile-moulong-a-la-presidence-de-la-fanaf-soutenue-par-le-gouvernement\/","title":{"rendered":"La candidature de Th\u00e9ophile Moulong \u00e0 la pr\u00e9sidence de la FANAF soutenue par le gouvernement"},"content":{"rendered":"<div class=\"featured-area featured-area-inner\"><img loading=\"lazy\" decoding=\"async\" width=\"500\" height=\"317\" src=\"https:\/\/ecomatin.net\/wp-content\/uploads\/2020\/01\/Moulong.jpg?is-pending-load=1\" class=\"attachment-jannah-image-post size-jannah-image-post wp-post-image jetpack-lazy-image\" alt=\"\" data-lazy-srcset=\"https:\/\/ecomatin.net\/wp-content\/uploads\/2020\/01\/Moulong.jpg 500w, https:\/\/ecomatin.net\/wp-content\/uploads\/2020\/01\/Moulong-300x190.jpg 300w\" data-lazy-sizes=\"(max-width: 500px) 100vw, 500px\" srcset=\"data:image\/gif;base64,R0lGODlhAQABAIAAAAAAAP\/\/\/yH5BAEAAAAALAAAAAABAAEAAAIBRAA7\"\/><\/div>\n<div class=\"entry-content entry clearfix\" readability=\"61.2196331185\">\n<p>La 44<sup>e<\/sup> Assembl\u00e9e g\u00e9n\u00e9rale annuelle de la <strong>F\u00e9d\u00e9ration des soci\u00e9t\u00e9s d\u2019assurances de droit national africaine (FANAF)<\/strong> se tiendra du 17 au 20 f\u00e9vrier 2020, \u00e0 Libreville au Gabon, sous le th\u00e8me g\u00e9n\u00e9ral <em>\u00ab La donn\u00e9e et l\u2019innovation au c\u0153ur de l\u2019assurance \u00bb.<\/em> Ladite assembl\u00e9e va consacrer \u00e9galement l\u2019\u00e9lection du nouveau pr\u00e9sident pour un mandat de trois ans renouvelable une fois.<\/p>\n<p>Pour ce fauteuil, deux principaux candidats s\u2019affrontent. Le Camerounais <strong>Th\u00e9ophile G\u00e9rard Moulong<\/strong>, directeur g\u00e9n\u00e9ral de <strong>Saham Cameroun<\/strong>, par ailleurs pr\u00e9sident de l\u2019<strong>Association des soci\u00e9t\u00e9s d\u2019assurances du Cameroun (Asac).<\/strong> Sa candidature est soutenue par le gouvernement de la R\u00e9publique du Cameroun a\u0300 travers son ministre de tutelle, le minist\u00e8re des Finances, d\u00e9clare-t-il sur le site officiel de l\u2019Asac.<\/p>\n<p><strong>Th\u00e9ophile G\u00e9rard Moulong<\/strong> est convaincu du besoin de d\u00e9fendre au mieux les int\u00e9r\u00eats particuliers de chacun des adh\u00e9rents de la Fanaf. Port\u00e9 par 34 ann\u00e9es d\u2019exp\u00e9rience dans le milieu de l\u2019assurance, <strong>M. Moulong<\/strong> est candidat pour d\u2019abord favoriser l\u2019augmentation du taux de p\u00e9n\u00e9tration de l\u2019assurance. Puis, am\u00e9liorer la formation et la gestion des ressources humaines, et promouvoir de fa\u00e7on continue le syst\u00e8me de collecte et de centralisation des statistiques et donn\u00e9es en vue du suivi du d\u00e9veloppement et de la rentabilit\u00e9 des diff\u00e9rents segments et produits d\u2019assurance par compagnie et par march\u00e9.<\/p>\n<p>La candidature de son challenger, <strong>C\u00e9sar Ekomie-Afene<\/strong>, de nationalit\u00e9 gabonaise, est port\u00e9e par la filiale gabonaise de Nsia-vie Assurances. Son programme de campagne repose sur cinq piliers. En l\u2019occurrence la r\u00e9flexion sur les moyens humains et financiers dont dispose la Fanaf pour s\u2019arrimer aux multiples d\u00e9fis et ambitions affich\u00e9s dans un environnement qui \u00e9volue rapidement au rythme de l\u2019internationalisation et de la mondialisation.<\/p>\n<div class=\"sharedaddy sd-sharing-enabled robots-nocontent sd-block sd-social sd-social-icon-text sd-sharing\">\n<h3 class=\"sd-title\">Partager\u00a0:<\/h3>\n<\/div>\n<p><h3 class=\"jp-relatedposts-headline\"><em>Articles similaires<\/em><\/h3>\n<\/p>\n<\/div>\n<div class=\"toggle-post-content clearfix\"><a id=\"toggle-post-button\" class=\"button\" href=\"#\">Afficher plus <\/a><\/div>\n<p>Auteur: Ecomatin<br \/>\n<a href=\"https:\/\/ecomatin.net\/la-candidature-de-theophile-moulong-a-la-presidence-de-la-fanaf-soutenue-par-le-gouvernement\/\">Cliquez ici pour lire l&rsquo;article depuis sa source.<\/a><\/p>\n","protected":false},"excerpt":{"rendered":"<p>La 44e Assembl\u00e9e g\u00e9n\u00e9rale annuelle de la F\u00e9d\u00e9ration des soci\u00e9t\u00e9s d\u2019assurances de droit national africaine (FANAF) se tiendra du 17 au 20 f\u00e9vrier 2020, \u00e0 Libreville au Gabon, sous le th\u00e8me g\u00e9n\u00e9ral \u00ab La donn\u00e9e et l\u2019innovation au c\u0153ur de l\u2019assurance \u00bb. Ladite assembl\u00e9e va consacrer \u00e9galement l\u2019\u00e9lection du nouveau pr\u00e9sident pour un mandat de [&hellip;]<\/p>\n","protected":false},"author":1969,"featured_media":0,"comment_status":"closed","ping_status":"closed","sticky":false,"template":"","format":"standard","meta":{"fifu_image_url":"","fifu_image_alt":"","footnotes":""},"categories":[82,78],"tags":[],"class_list":["post-72621","post","type-post","status-publish","format-standard","hentry","category-cameroun","category-economie"],"_links":{"self":[{"href":"https:\/\/linitiative.ca\/International\/wp-json\/wp\/v2\/posts\/72621","targetHints":{"allow":["GET"]}}],"collection":[{"href":"https:\/\/linitiative.ca\/International\/wp-json\/wp\/v2\/posts"}],"about":[{"href":"https:\/\/linitiative.ca\/International\/wp-json\/wp\/v2\/types\/post"}],"author":[{"embeddable":true,"href":"https:\/\/linitiative.ca\/International\/wp-json\/wp\/v2\/users\/1969"}],"replies":[{"embeddable":true,"href":"https:\/\/linitiative.ca\/International\/wp-json\/wp\/v2\/comments?post=72621"}],"version-history":[{"count":0,"href":"https:\/\/linitiative.ca\/International\/wp-json\/wp\/v2\/posts\/72621\/revisions"}],"wp:attachment":[{"href":"https:\/\/linitiative.ca\/International\/wp-json\/wp\/v2\/media?parent=72621"}],"wp:term":[{"taxonomy":"category","embeddable":true,"href":"https:\/\/linitiative.ca\/International\/wp-json\/wp\/v2\/categories?post=72621"},{"taxonomy":"post_tag","embeddable":true,"href":"https:\/\/linitiative.ca\/International\/wp-json\/wp\/v2\/tags?post=72621"}],"curies":[{"name":"wp","href":"https:\/\/api.w.org\/{rel}","templated":true}]}}