{"id":72622,"date":"2020-01-09T10:27:31","date_gmt":"2020-01-09T15:27:31","guid":{"rendered":"https:\/\/linitiative.ca\/International\/menace-sur-les-elections-municipales-et-legislatives-dans-le-donga-matung\/"},"modified":"2020-01-09T10:27:31","modified_gmt":"2020-01-09T15:27:31","slug":"menace-sur-les-elections-municipales-et-legislatives-dans-le-donga-matung","status":"publish","type":"post","link":"https:\/\/linitiative.ca\/International\/menace-sur-les-elections-municipales-et-legislatives-dans-le-donga-matung\/","title":{"rendered":"Menace sur les \u00e9lections municipales et l\u00e9gislatives dans le Donga-Matung"},"content":{"rendered":"<p>Le gouverneur de la r\u00e9gion du Nord-Ouest, <strong>Adolphe Lele Lafrique<\/strong> a port\u00e9 le message \u00e0 l\u2019attention du gouvernement mercredi 8 janvier. <em>\u00ab Le si\u00e8ge d\u2019Elections Cameroon dans le <strong>Donga Matung,<\/strong> r\u00e9gion du Nord-Ouest a \u00e9t\u00e9 incendi\u00e9 mardi 07 janvier par des assaillants \u00bb.<\/em><\/p>\n<hr\/>\n<p><strong>Lire aussi\u00a0: <a href=\"https:\/\/ecomatin.net\/elecam-confronte-a-des-problemes-de-logistique-dans-le-centre\/\">Elecam confront\u00e9 \u00e0 des probl\u00e8mes de logistique dans le Centre<\/a><\/strong><\/p>\n<hr\/>\n<p>L\u2019attaque, qui a eu lieu mardi, a \u00e9t\u00e9 revendiqu\u00e9e par des s\u00e9paratistes anglophones \u00e0 travers une vid\u00e9o post\u00e9e sur les r\u00e9seaux sociaux. Elle indique qu\u2019il s\u2019agit d\u2019une <em>\u00ab m\u00e9thode dissuasive \u00bb<\/em> par rapport aux \u00e9lections l\u00e9gislatives et municipales pr\u00e9vues au Cameroun le 9 f\u00e9vrier prochain sur l\u2019ensemble du territoire.<\/p>\n<p>En filigrane, les s\u00e9paratistes menacent de <em>\u00ab\u00a0saboter\u00a0\u00bb<\/em> le bon d\u00e9roulement des \u00e9lections dans les r\u00e9gions du Nord-Ouest et le Sud-Ouest. En rapport \u00e0 ces perturbations, ils pr\u00e9voient de quadriller lesdites r\u00e9gions pendant cinq jours, \u00e0 compter du 07 f\u00e9vrier, soit deux jours avant le double scrutin. Et trois jours apr\u00e8s soit le 12 f\u00e9vrier. <em>\u00ab Nous annon\u00e7ons une ville morte du 7 au 12 f\u00e9vrier. Aucune campagne \u00e9lectorale ou \u00e9lection ne doit se tenir sur notre territoire. Toute personne qui prendra part aux activit\u00e9s li\u00e9es aux \u00e9lections, sera trait\u00e9e comme un tra\u00eetre \u00bb,<\/em> ont-ils insist\u00e9.<\/p>\n<p>En guise de riposte \u00e0 cet appel, le ministre d\u00e9l\u00e9gu\u00e9 charg\u00e9 de la D\u00e9fense, <strong>Joseph Beti Assomo<\/strong>, a annonc\u00e9, l\u2019envoi de 300 gendarmes suppl\u00e9mentaires dans les deux r\u00e9gions en crise. Au sein des administrations publiques, d\u2019autres mesures sont prises pour garantir des \u00e9lections sans anicroches.<\/p>\n<p>Rappelons que ce n\u2019est pas la premi\u00e8re fois que des locaux d\u00e9di\u00e9s \u00e0 Elecam sont attaqu\u00e9s. Lors de la pr\u00e9sidentielle d\u2019octobre 2018, plusieurs bureaux de vote avaient \u00e9t\u00e9 saccag\u00e9s et des personnes tu\u00e9es.<\/p>\n<div class=\"sharedaddy sd-sharing-enabled robots-nocontent sd-block sd-social sd-social-icon-text sd-sharing\">\n<h3 class=\"sd-title\">Partager\u00a0:<\/h3>\n<\/div>\n<p><h3 class=\"jp-relatedposts-headline\"><em>Articles similaires<\/em><\/h3>\n<\/p>\n<p>Auteur: Ecomatin<br \/>\n<a href=\"https:\/\/ecomatin.net\/menace-sur-les-elections-municipales-et-legislatives-dans-le-donga-matung\/\">Cliquez ici pour lire l&rsquo;article depuis sa source.<\/a><\/p>\n","protected":false},"excerpt":{"rendered":"<p>Le gouverneur de la r\u00e9gion du Nord-Ouest, Adolphe Lele Lafrique a port\u00e9 le message \u00e0 l\u2019attention du gouvernement mercredi 8 janvier. \u00ab Le si\u00e8ge d\u2019Elections Cameroon dans le Donga Matung, r\u00e9gion du Nord-Ouest a \u00e9t\u00e9 incendi\u00e9 mardi 07 janvier par des assaillants \u00bb. Lire aussi\u00a0: Elecam confront\u00e9 \u00e0 des probl\u00e8mes de logistique dans le Centre [&hellip;]<\/p>\n","protected":false},"author":1969,"featured_media":0,"comment_status":"closed","ping_status":"closed","sticky":false,"template":"","format":"standard","meta":{"fifu_image_url":"","fifu_image_alt":"","footnotes":""},"categories":[82,78],"tags":[],"class_list":["post-72622","post","type-post","status-publish","format-standard","hentry","category-cameroun","category-economie"],"_links":{"self":[{"href":"https:\/\/linitiative.ca\/International\/wp-json\/wp\/v2\/posts\/72622","targetHints":{"allow":["GET"]}}],"collection":[{"href":"https:\/\/linitiative.ca\/International\/wp-json\/wp\/v2\/posts"}],"about":[{"href":"https:\/\/linitiative.ca\/International\/wp-json\/wp\/v2\/types\/post"}],"author":[{"embeddable":true,"href":"https:\/\/linitiative.ca\/International\/wp-json\/wp\/v2\/users\/1969"}],"replies":[{"embeddable":true,"href":"https:\/\/linitiative.ca\/International\/wp-json\/wp\/v2\/comments?post=72622"}],"version-history":[{"count":0,"href":"https:\/\/linitiative.ca\/International\/wp-json\/wp\/v2\/posts\/72622\/revisions"}],"wp:attachment":[{"href":"https:\/\/linitiative.ca\/International\/wp-json\/wp\/v2\/media?parent=72622"}],"wp:term":[{"taxonomy":"category","embeddable":true,"href":"https:\/\/linitiative.ca\/International\/wp-json\/wp\/v2\/categories?post=72622"},{"taxonomy":"post_tag","embeddable":true,"href":"https:\/\/linitiative.ca\/International\/wp-json\/wp\/v2\/tags?post=72622"}],"curies":[{"name":"wp","href":"https:\/\/api.w.org\/{rel}","templated":true}]}}