{"id":72628,"date":"2020-01-10T09:06:40","date_gmt":"2020-01-10T14:06:40","guid":{"rendered":"https:\/\/linitiative.ca\/International\/tanger-un-dangereux-malfaiteur-mis-hors-detat-de-nuire\/"},"modified":"2020-01-10T09:06:40","modified_gmt":"2020-01-10T14:06:40","slug":"tanger-un-dangereux-malfaiteur-mis-hors-detat-de-nuire","status":"publish","type":"post","link":"https:\/\/linitiative.ca\/International\/tanger-un-dangereux-malfaiteur-mis-hors-detat-de-nuire\/","title":{"rendered":"Tanger : Un dangereux malfaiteur mis hors d\u2019\u00e9tat de nuire"},"content":{"rendered":"<header>\n<\/header>\n<div class=\"entry-content clearfix\" readability=\"49\"><img decoding=\"async\" class=\"post_layout_5_img\" src=\"http:\/\/aujourdhui.ma\/wp-content\/uploads\/2016\/12\/Police-Arrestation-crime-Tcharmil.jpg?x29840\" alt=\"Tanger : Un dangereux malfaiteur mis hors d\u2019\u00e9tat de nuire\"\/><\/p>\n<p><span class=\"c5\"><strong><span class=\"c4\">Poursuivi pour vols qualifi\u00e9s avec r\u00e9cidive doubl\u00e9s de coups et blessures et menace, tentative d\u2019atteinte \u00e0 la pudeur sur un mineur et possession d\u2019une arme blanche, un repris de justice, ayant fait une quarantaine de victimes, a \u00e9t\u00e9 condamn\u00e9, par la chambre criminelle pr\u00e8s la Cour d\u2019appel de Tanger \u00e0 vingt ans de r\u00e9clusion criminelle.<\/span><\/strong><\/span><span id=\"more-329395\"\/><\/p>\n<p>Le mis en cause a ni\u00e9 tout en bloc mais les t\u00e9moignages de quelques-unes de ses victimes \u00e9taient accablants. Ainsi l\u2019une d\u2019elles a affirm\u00e9 s\u2019\u00eatre retrouv\u00e9e face \u00e0 face avec le mis en cause \u00e0 l\u2019int\u00e9rieur de chez elle. Il l\u2019a maltrait\u00e9e avant de mettre la main sur les objets pr\u00e9cieux. Une autre victime a pr\u00e9cis\u00e9 que le malfrat, arm\u00e9 d\u2019une \u00e9p\u00e9e, a abus\u00e9 sexuellement de son enfant qui \u00e9tait aux toilettes. Une troisi\u00e8me a ajout\u00e9 qu\u2019il l\u2019a crois\u00e9e dans la rue pour lui subtiliser, sous la menace d\u2019un couteau, son smartphone et une somme d\u2019argent.<\/p>\n<\/div>\n<p>Auteur: Abderrafii ALOUMLIKI<br \/>\n<a href=\"http:\/\/aujourdhui.ma\/faits-divers\/tanger-un-dangereux-malfaiteur-mis-hors-detat-de-nuire\">Cliquez ici pour lire l&rsquo;article depuis sa source.<\/a><\/p>\n","protected":false},"excerpt":{"rendered":"<p>Poursuivi pour vols qualifi\u00e9s avec r\u00e9cidive doubl\u00e9s de coups et blessures et menace, tentative d\u2019atteinte \u00e0 la pudeur sur un mineur et possession d\u2019une arme blanche, un repris de justice, ayant fait une quarantaine de victimes, a \u00e9t\u00e9 condamn\u00e9, par la chambre criminelle pr\u00e8s la Cour d\u2019appel de Tanger \u00e0 vingt ans de r\u00e9clusion criminelle. [&hellip;]<\/p>\n","protected":false},"author":1759,"featured_media":0,"comment_status":"closed","ping_status":"closed","sticky":false,"template":"","format":"standard","meta":{"fifu_image_url":"","fifu_image_alt":"","footnotes":""},"categories":[73,54],"tags":[],"class_list":["post-72628","post","type-post","status-publish","format-standard","hentry","category-actualite","category-maroc"],"_links":{"self":[{"href":"https:\/\/linitiative.ca\/International\/wp-json\/wp\/v2\/posts\/72628","targetHints":{"allow":["GET"]}}],"collection":[{"href":"https:\/\/linitiative.ca\/International\/wp-json\/wp\/v2\/posts"}],"about":[{"href":"https:\/\/linitiative.ca\/International\/wp-json\/wp\/v2\/types\/post"}],"author":[{"embeddable":true,"href":"https:\/\/linitiative.ca\/International\/wp-json\/wp\/v2\/users\/1759"}],"replies":[{"embeddable":true,"href":"https:\/\/linitiative.ca\/International\/wp-json\/wp\/v2\/comments?post=72628"}],"version-history":[{"count":0,"href":"https:\/\/linitiative.ca\/International\/wp-json\/wp\/v2\/posts\/72628\/revisions"}],"wp:attachment":[{"href":"https:\/\/linitiative.ca\/International\/wp-json\/wp\/v2\/media?parent=72628"}],"wp:term":[{"taxonomy":"category","embeddable":true,"href":"https:\/\/linitiative.ca\/International\/wp-json\/wp\/v2\/categories?post=72628"},{"taxonomy":"post_tag","embeddable":true,"href":"https:\/\/linitiative.ca\/International\/wp-json\/wp\/v2\/tags?post=72628"}],"curies":[{"name":"wp","href":"https:\/\/api.w.org\/{rel}","templated":true}]}}