{"id":72630,"date":"2020-01-10T05:11:25","date_gmt":"2020-01-10T10:11:25","guid":{"rendered":"https:\/\/linitiative.ca\/International\/round-up-des-seances-decoute-avec-les-partis-et-les-syndicats\/"},"modified":"2020-01-10T05:11:25","modified_gmt":"2020-01-10T10:11:25","slug":"round-up-des-seances-decoute-avec-les-partis-et-les-syndicats","status":"publish","type":"post","link":"https:\/\/linitiative.ca\/International\/round-up-des-seances-decoute-avec-les-partis-et-les-syndicats\/","title":{"rendered":"Round up des s\u00e9ances d\u2019\u00e9coute avec les partis et les syndicats"},"content":{"rendered":"<p class=\"has-text-color has-vivid-cyan-blue-color\"><strong>Voici l\u2019Essentiel des s\u00e9ances d\u2019\u00e9coute entam\u00e9es jeudi 02 janvier 2020, par la Commission Sp\u00e9ciale sur le Mod\u00e8le de D\u00e9veloppement (CSMD) avec les repr\u00e9sentants des Partis politiques et des Syndicats :<\/strong><\/p>\n<p class=\"has-text-color has-vivid-red-color\"><strong>*Jeudi 02 janvier 2020:<\/strong><\/p>\n<p><strong>\u2013 R\u00e9union avec les repr\u00e9sentants du Parti de la justice et du d\u00e9veloppement (PJD)<\/strong><\/p>\n<p>\u2013 Le PJD a \u00e9t\u00e9 repr\u00e9sent\u00e9 lors de cette r\u00e9union par MM. Slimane El Amrani (SG adjoint), Mohamed Touil, Mohamed Naji et Driss Skelli.<\/p>\n<p>\u2013 Les propositions du PJD relatives au nouveau mod\u00e8le de d\u00e9veloppement s\u2019articulent autour de trois th\u00e8mes principaux, \u00e0 savoir \u201cla n\u00e9cessit\u00e9 de s\u2019appuyer sur l\u2019ensemble des valeurs soci\u00e9tales inclusives et authentiques, la cons\u00e9cration du choix d\u00e9mocratique et le renforcement du syst\u00e8me de gouvernance\u201d.<\/p>\n<p><strong>\u2013 R\u00e9union avec les repr\u00e9sentants de l\u2019Union socialiste des forces populaires (USFP)<\/strong><\/p>\n<p>\u2013 L\u2019USFP a \u00e9t\u00e9 repr\u00e9sent\u00e9e lors de cette r\u00e9union par M. Driss Lachgar (1-er secr\u00e9taire), Mme Khaoula Lachgar et MM. Hamid Jmahri, Mehdi Mezouari, Tarik El Malki, Machij El Karkri et Ahmed Aked.<\/p>\n<p>\u2013 L\u2019USFP a \u00e9labor\u00e9 sa vision du nouveau mod\u00e8le de d\u00e9veloppement autour de cinq principaux axes, \u00e0 savoir les piliers institutionnel, \u00e9conomique, social, soci\u00e9tal et culturel.<\/p>\n<p><strong>\u2013 R\u00e9union avec les repr\u00e9sentants du Parti de l\u2019Istiqlal (PI)<\/strong><\/p>\n<p>\u2013 Le PI a \u00e9t\u00e9 repr\u00e9sent\u00e9 lors de cette r\u00e9union par MM. Nizar Baraka, secr\u00e9taire g\u00e9n\u00e9ral, Chiba Mae El Aynane, pr\u00e9sident du Conseil national, et Karim Ghellab, membre du Comit\u00e9 ex\u00e9cutif et pr\u00e9sident de la commission du parti, charg\u00e9e du mod\u00e8le de d\u00e9veloppement.<\/p>\n<p>\u2013 Nizar Baraka : Le nouveau mod\u00e8le de d\u00e9veloppement doit rompre avec l\u2019\u00e9conomie de rente et des privil\u00e8ges et adopter une gouvernance bas\u00e9e sur l\u2019efficacit\u00e9 et la globalit\u00e9.<\/p>\n<p class=\"has-text-color has-vivid-red-color\"><strong>*Vendredi 03 janvier 2020:<\/strong><\/p>\n<p><strong>\u2013 R\u00e9union avec les repr\u00e9sentants du Mouvement d\u00e9mocratique et social (MDS)<\/strong><\/p>\n<p>\u2013 Le MDS a \u00e9t\u00e9 repr\u00e9sent\u00e9 \u00e0 cette r\u00e9union par MM. Abdessamad Archane (SG), Mahmoud Archane, pr\u00e9sident du Conseil de la pr\u00e9sidence, Khella Essaidi, pr\u00e9sident du Conseil national et Driss Ghandi, coordinateur du bureau politique.<\/p>\n<p>\u2013 Pour le MDS, le nouveau mod\u00e8le de d\u00e9veloppement doit \u00eatre bas\u00e9 sur la consolidation du chantier de la r\u00e9gionalisation avanc\u00e9e, tout en mobilisant les moyens pour atteindre cet objectif.<\/p>\n<p><strong>\u2013 R\u00e9union avec les repr\u00e9sentants de l\u2019Union marocaine du Travail (UMT)<\/strong><\/p>\n<p>\u2013 L\u2019UMT a \u00e9t\u00e9 repr\u00e9sent\u00e9e \u00e0 cette r\u00e9union par M. Miloudi Moukharik (SG), Mme Amal Omari, M. Miloud Maasid, M. Ahmed Bahnis, M. Mohamed Haytoum, M. Noureddine Soulaik et M. Bachir Al Houssa\u00efni.<\/p>\n<p>\u2013 Pour l\u2019UMT, le nouveau mod\u00e8le de d\u00e9veloppement devra prendre en consid\u00e9ration le respect des lois sociales, la garantie des conditions de travail d\u00e9centes et la r\u00e9alisation de la justice fiscale.<\/p>\n<p class=\"has-text-color has-vivid-red-color\"><strong>*Samedi 04 janvier 2020:<\/strong><\/p>\n<p><strong>-R\u00e9union avec les repr\u00e9sentants de l\u2019Union G\u00e9n\u00e9rale des Travailleurs du Maroc (UGTM)<\/strong><\/p>\n<p>-L\u2019UGTM a \u00e9t\u00e9 repr\u00e9sent\u00e9e \u00e0 cette r\u00e9union par M. Mayara En\u00e2am (SG) et des membres du bureau ex\u00e9cutif Mme Khadija Zoumi, M. Abdeslam Lebbar, M. Mustapha Makroum, M. Mohamed Labid et Mme Hind Moutou, ainsi que par le secr\u00e9taire g\u00e9n\u00e9ral de la jeunesse ouvri\u00e8re, M. Hicham Harib, le premier vice-secr\u00e9taire g\u00e9n\u00e9ral de la jeunesse ouvri\u00e8re, M. Mohamed Naoufel Ameur, de Mme Fatiha Sghir, pr\u00e9sidente de l\u2019Organisation de la femme travailleuse, M. Youssef Alakouch, secr\u00e9taire g\u00e9n\u00e9ral de la f\u00e9d\u00e9ration libre de l\u2019enseignement et M. Lahcen Honsali, membre de l\u2019UGTM au Conseil Economique, Social et Environnemental.<\/p>\n<p>\u2013 L\u2019Union G\u00e9n\u00e9rale des Travailleurs du Maroc estime que le nouveau Mod\u00e8le de d\u00e9veloppement, actuellement en phase de conception, doit immanquablement garantir les droits syndicaux et la protection sociale de la classe ouvri\u00e8re.<\/p>\n<p><strong>\u2013 R\u00e9union avec les repr\u00e9sentants de la Conf\u00e9d\u00e9ration d\u00e9mocratique du travail (CDT)<\/strong><\/p>\n<p>\u2013 La CDT a \u00e9t\u00e9 repr\u00e9sent\u00e9e \u00e0 cette r\u00e9union par M. Abdelkader Zayer (SG), Khalid Alami Houir (SG adjoint), et les membres du bureau ex\u00e9cutif, MM. Abdelkader Omari, Younes Firachine et Abdelmajid Radi ainsi que par deux membres du conseil national du syndicat, MM. Othmane Baka et Khalil Bensami.<\/p>\n<p>\u2013 La Conf\u00e9d\u00e9ration d\u00e9mocratique du travail appelle \u00e0 revoir le mode de gouvernance en mati\u00e8re de travail, en accordant une place de choix aux syndicats \u00e0 travers une pr\u00e9sence au sein des conseils d\u2019administration et de surveillance, afin qu\u2019ils participent \u00e0 la prise des d\u00e9cisions strat\u00e9giques qui concernent les travailleurs marocains.<\/p>\n<p class=\"has-text-color has-vivid-red-color\"><strong>*Mardi 07 janvier 2020:<\/strong><\/p>\n<p><strong>\u2013 R\u00e9union avec les repr\u00e9sentants du parti de l\u2019Union Constitutionnelle (UC)<\/strong><\/p>\n<p>\u2013 L\u2019UC a \u00e9t\u00e9 repr\u00e9sent\u00e9 par son secr\u00e9taire g\u00e9n\u00e9ral, M. Mohamed Sajid, ainsi que par MM. Driss Radi, Chaoui Belassal, Ismail Hajji, Ahmedou El-Baz, El-Habib Dekkak et Abdellah El-Firdaous.<\/p>\n<p>\u2013 L\u2019UC estime que le nouveau mod\u00e8le de d\u00e9veloppement en cours d\u2019\u00e9laboration doit prendre en compte la n\u00e9cessit\u00e9 d\u2019orienter une grande partie des investissements publics vers les secteurs productifs et pourvoyeurs d\u2019emplois.<\/p>\n<p><strong>\u2013 R\u00e9union avec les repr\u00e9sentants du parti de progr\u00e8s et du socialisme (PPS)<\/strong><\/p>\n<p>\u2013 Le PPS a \u00e9t\u00e9 repr\u00e9sent\u00e9 par son secr\u00e9taire g\u00e9n\u00e9ral, M. Mohamed Nabil Benabdallah, ainsi que par Mme Aicha Lablak, membre du bureau politique et pr\u00e9sidente du groupe parlementaire du parti, Mme Charafat Afilal et MM.Abdeslam Seddiki et Karim Tej, membres du bureau politique du parti.<\/p>\n<p>\u2013 Pour le PPS, le nouveau mod\u00e8le de d\u00e9veloppement doit se baser, en principe et conform\u00e9ment \u00e0 la vision du parti, sur l\u2019individu en le pla\u00e7ant au c\u0153ur du processus de d\u00e9veloppement.<\/p>\n<p><strong>\u2013 R\u00e9union avec les repr\u00e9sentants du Mouvement populaire (MP)<\/strong><\/p>\n<p>\u2013 Le MP a \u00e9t\u00e9 repr\u00e9sent\u00e9 \u00e0 cette r\u00e9union par son secr\u00e9taire g\u00e9n\u00e9ral Mohand Laenser, et les membres de son bureau politique, MM. Mohamed Hassad, Said Ameskan, Mohamed Ouhli, Mohamed Jaouad et Mme Wafae El Bouamri.<\/p>\n<p>\u2013 Selon le MP, le nouveau mod\u00e8le de d\u00e9veloppement doit tenir compte de l\u2019importance de venir \u00e0 bout des disparit\u00e9s territoriales et de d\u00e9velopper le monde rural.<\/p>\n<p><strong>\u2013 R\u00e9union avec les repr\u00e9sentants de l\u2019Association marocaine des pr\u00e9sidents des conseils communaux (AMPCC)<\/strong><\/p>\n<p>\u2013 L\u2019AMPCC a \u00e9t\u00e9 repr\u00e9sent\u00e9e \u00e0 cette r\u00e9union par son pr\u00e9sident, M. Mohamed Boudra et par des membres de son bureau ex\u00e9cutif, \u00e0 savoir MM. Mohamed Moubdi, Mohamed El Milahi, Mouloud Bargayou, Mohamed Yassine Daoudi, Lahcen Amrouch, Abdelkrim El Hamss, Mohamed Chrourou, Mohamed Abounour, Saber Kiaf, ainsi que Mmes Wafa Bouamri et Mina Bouhdoud.<\/p>\n<p>\u2013 Pour l\u2019AMPCC, le nouveau mod\u00e8le de d\u00e9veloppement doit reposer sur la construction du Maroc des r\u00e9gions et le renforcement de la r\u00e9gionalisation avanc\u00e9e, notamment en dotant les r\u00e9gions des ressources humaines et mat\u00e9rielles ad\u00e9quates.<\/p>\n<p class=\"has-text-color has-vivid-red-color\"><strong>*Mercredi 08 janvier 2020:<\/strong><\/p>\n<p><strong>\u2013 R\u00e9union avec les repr\u00e9sentants du Rassemblement national des ind\u00e9pendants (RNI)<\/strong><\/p>\n<p>\u2013 Le RNI a \u00e9t\u00e9 repr\u00e9sent\u00e9 par son secr\u00e9taire g\u00e9n\u00e9ral, Aziz Akhannouch, et par Rachid Talbi Alami, Anis Birou, Nabila Rmili, Mohamed Aujjar, Sa\u00e2deddine Berrada et Mustapha Baitas, membres du bureau politique du parti.<\/p>\n<p>\u2013 Pour le RNI, l\u2019emploi, la sant\u00e9 et l\u2019\u00e9ducation sont des secteurs prioritaires dans la construction du nouveau mod\u00e8le de d\u00e9veloppement.<\/p>\n<p><strong>\u2013 R\u00e9union avec les repr\u00e9sentants de la F\u00e9d\u00e9ration d\u00e9mocratique du travail (FDT)<\/strong><\/p>\n<p>\u2013 La FDT a \u00e9t\u00e9 repr\u00e9sent\u00e9e par son secr\u00e9taire g\u00e9n\u00e9ral, Abdelhamid Fatihi, ainsi que par Mohamed Boutouil, Abdessadek Saidi, Abdellatif El Youssfi, Aicha Taki, Noureddine Fatih et Mohamed Amine Semlali, membres de son bureau central.<\/p>\n<p>\u2013 La F\u00e9d\u00e9ration pr\u00f4ne la centralit\u00e9 de l\u2019\u00e9ducation et de la formation dans le processus de construction du nouveau mod\u00e8le de d\u00e9veloppement.<\/p>\n<p><strong>\u2013 R\u00e9union avec les repr\u00e9sentants de l\u2019Association des r\u00e9gions du Maroc (ARM)<\/strong><\/p>\n<p>\u2013 L\u2019ARM a \u00e9t\u00e9 repr\u00e9sent\u00e9e par la pr\u00e9sidente de la r\u00e9gion de Guelmim-Oued Noun, et membre de l\u2019Association, Mbarka Bouaida.<\/p>\n<p>\u2013 La vision de l\u2019Association concernant le nouveau mod\u00e8le de d\u00e9veloppement est bas\u00e9e sur les recommandations des premi\u00e8res Assises nationales de la r\u00e9gionalisation avanc\u00e9e tenues r\u00e9cemment \u00e0 Agadir.<\/p>\n<p><strong>\u2013 R\u00e9union avec les repr\u00e9sentants du Parti Authenticit\u00e9 et Modernit\u00e9 (PAM)<\/strong><\/p>\n<p>\u2013 Le PAM a \u00e9t\u00e9 repr\u00e9sent\u00e9 \u00e0 cette r\u00e9union par son secr\u00e9taire g\u00e9n\u00e9ral, Hakim Benchamach, ainsi que par MM. Samir Belfkih, Mohamed Maazouz et Mme Khadija El Kour, membres de son bureau politique, MM. Mustapha El Jai et Mohamed Badir, membres de son Conseil national et Khalid Adennoun, Directeur g\u00e9n\u00e9ral du parti. \u2013 Le Parti se prononce en faveur d\u2019un contrat social qui s\u2019inspire des valeurs du syst\u00e8me international des droits de l\u2019homme, dans le cadre de l\u2019\u00e9laboration du nouveau mod\u00e8le de d\u00e9veloppement.<\/p>\n<p>Auteur: M&rsquo;hammed rahal<br \/>\n<a href=\"http:\/\/albayane.press.ma\/round-up-des-seances-decoute-avec-les-partis-et-les-syndicats.html\">Cliquez ici pour lire l&rsquo;article depuis sa source.<\/a><\/p>\n","protected":false},"excerpt":{"rendered":"<p>Voici l\u2019Essentiel des s\u00e9ances d\u2019\u00e9coute entam\u00e9es jeudi 02 janvier 2020, par la Commission Sp\u00e9ciale sur le Mod\u00e8le de D\u00e9veloppement (CSMD) avec les repr\u00e9sentants des Partis politiques et des Syndicats : *Jeudi 02 janvier 2020: \u2013 R\u00e9union avec les repr\u00e9sentants du Parti de la justice et du d\u00e9veloppement (PJD) \u2013 Le PJD a \u00e9t\u00e9 repr\u00e9sent\u00e9 lors [&hellip;]<\/p>\n","protected":false},"author":1760,"featured_media":0,"comment_status":"closed","ping_status":"closed","sticky":false,"template":"","format":"standard","meta":{"fifu_image_url":"","fifu_image_alt":"","footnotes":""},"categories":[73,54],"tags":[],"class_list":["post-72630","post","type-post","status-publish","format-standard","hentry","category-actualite","category-maroc"],"_links":{"self":[{"href":"https:\/\/linitiative.ca\/International\/wp-json\/wp\/v2\/posts\/72630","targetHints":{"allow":["GET"]}}],"collection":[{"href":"https:\/\/linitiative.ca\/International\/wp-json\/wp\/v2\/posts"}],"about":[{"href":"https:\/\/linitiative.ca\/International\/wp-json\/wp\/v2\/types\/post"}],"author":[{"embeddable":true,"href":"https:\/\/linitiative.ca\/International\/wp-json\/wp\/v2\/users\/1760"}],"replies":[{"embeddable":true,"href":"https:\/\/linitiative.ca\/International\/wp-json\/wp\/v2\/comments?post=72630"}],"version-history":[{"count":0,"href":"https:\/\/linitiative.ca\/International\/wp-json\/wp\/v2\/posts\/72630\/revisions"}],"wp:attachment":[{"href":"https:\/\/linitiative.ca\/International\/wp-json\/wp\/v2\/media?parent=72630"}],"wp:term":[{"taxonomy":"category","embeddable":true,"href":"https:\/\/linitiative.ca\/International\/wp-json\/wp\/v2\/categories?post=72630"},{"taxonomy":"post_tag","embeddable":true,"href":"https:\/\/linitiative.ca\/International\/wp-json\/wp\/v2\/tags?post=72630"}],"curies":[{"name":"wp","href":"https:\/\/api.w.org\/{rel}","templated":true}]}}